{"id":139616,"date":"2025-02-28T00:12:49","date_gmt":"2025-02-27T21:12:49","guid":{"rendered":"https:\/\/www.tgrthaber.com\/mavikadin\/?p=139616"},"modified":"2025-02-28T00:12:49","modified_gmt":"2025-02-27T21:12:49","slug":"seda-sayan-yine-sosyal-medyanin-diline-dustu-ne-yapmislar-boyle","status":"publish","type":"post","link":"https:\/\/www.tgrthaber.com\/mavikadin\/seda-sayan-yine-sosyal-medyanin-diline-dustu-ne-yapmislar-boyle\/","title":{"rendered":"Seda Sayan yine sosyal medyan\u0131n diline d\u00fc\u015ft\u00fc! &#8220;Ne yapm\u0131\u015flar b\u00f6yle&#8221;"},"content":{"rendered":"<p>\u00dcnl\u00fc \u015fark\u0131c\u0131 ve sunucu Seda Sayan, sosyal medya hesab\u0131ndan yapt\u0131\u011f\u0131 payla\u015f\u0131mlarla sosyal medyada s\u0131k\u00e7a g\u00fcndem oluyor. Payla\u015f\u0131mlar\u0131ndan \u00f6zellikle kulland\u0131\u011f\u0131 filtrelerle sosyal medyan\u0131n diline d\u00fc\u015fen Seda Sayan, yapt\u0131\u011f\u0131 bir payla\u015f\u0131mla yeniden g\u00fcndeme geldi.<\/p>\n<h3>SEDA SAYAN Y\u0130NE SOSYAL MEDYANIN D\u0130L\u0130NE D\u00dc\u015eT\u00dc!<\/h3>\n<p>\u00dcnl\u00fc \u015fark\u0131c\u0131 Seda Sayan, ge\u00e7mi\u015fte kulland\u0131\u011f\u0131 ve sosyal medyada yorum ya\u011fmuruna tutulan foto\u011fraf filtresini yeniden kulland\u0131. Arkada\u015f\u0131 Safiye Soyman&#8217;\u0131n do\u011fum g\u00fcn\u00fcn\u00fc kutlamak i\u00e7in yapt\u0131\u011f\u0131 payla\u015f\u0131m sosyal medyaya damga vurdu.<\/p>\n<p><img loading=\"lazy\" decoding=\"async\" class=\"alignnone wp-image-139621\" src=\"https:\/\/www.tgrthaber.com\/mavikadin\/wp-content\/uploads\/seda-sayan-1-300x169.jpg\" alt=\"\" width=\"1280\" height=\"720\" title=\"\" srcset=\"https:\/\/www.tgrthaber.com\/mavikadin\/wp-content\/uploads\/seda-sayan-1-300x169.jpg 300w, https:\/\/www.tgrthaber.com\/mavikadin\/wp-content\/uploads\/seda-sayan-1-1024x576.jpg 1024w, https:\/\/www.tgrthaber.com\/mavikadin\/wp-content\/uploads\/seda-sayan-1-768x432.jpg 768w, https:\/\/www.tgrthaber.com\/mavikadin\/wp-content\/uploads\/seda-sayan-1.jpg 1200w\" sizes=\"(max-width: 1280px) 100vw, 1280px\" \/><\/p>\n<hr \/>\n<p>&#8220;Can\u0131m Safi\u015fimmm melek kalpli arkada\u015f\u0131m, 35 y\u0131l\u0131m, dostum, ahiretli\u011fi, iyi ki do\u011fdun kuzum&#8221; notuyla payla\u015f\u0131m yapan Seda Sayan, ge\u00e7ti\u011fimiz zamanlarda kulland\u0131\u011f\u0131 ve sosyal medyan\u0131n diline d\u00fc\u015ft\u00fc\u011f\u00fc foto\u011fraf filtresini yine kulland\u0131. Safiye Soyman, Seda Sayan&#8217;\u0131n yapt\u0131\u011f\u0131 payla\u015f\u0131m\u0131n alt\u0131na &#8220;Gen\u00e7 k\u0131zl\u0131k&#8221; notunu d\u00fc\u015ft\u00fc.<\/p>\n<p><img loading=\"lazy\" decoding=\"async\" class=\"alignnone wp-image-139620\" src=\"https:\/\/www.tgrthaber.com\/mavikadin\/wp-content\/uploads\/seda-sayan-paylasim-168x300.png\" alt=\"\" width=\"1280\" height=\"2282\" title=\"\" srcset=\"https:\/\/www.tgrthaber.com\/mavikadin\/wp-content\/uploads\/seda-sayan-paylasim-168x300.png 168w, https:\/\/www.tgrthaber.com\/mavikadin\/wp-content\/uploads\/seda-sayan-paylasim.png 327w\" sizes=\"(max-width: 1280px) 100vw, 1280px\" \/><\/p>\n<hr \/>\n<h3>&#8220;NE YAPMI\u015eLAR B\u00d6YLE&#8221;<\/h3>\n<p>Seda Sayan&#8217;\u0131n payla\u015f\u0131m\u0131n\u0131n ard\u0131ndan sosyal medya \u00e7alkaland\u0131. Takip\u00e7ilerin, &#8220;Bu y\u00fczlere ne yapm\u0131\u015flar b\u00f6yle&#8221; gibi yorumlar yapt\u0131\u011f\u0131 payla\u015f\u0131m dillere d\u00fc\u015ft\u00fc. Sayan, Safiye Soyman&#8217;\u0131n do\u011fum g\u00fcn\u00fc i\u00e7in yapt\u0131\u011f\u0131 payla\u015f\u0131mda fazla filtre kullanmas\u0131 sosyal medyaya damga vurdu.<\/p>\n<p><img loading=\"lazy\" decoding=\"async\" class=\"alignnone wp-image-139619\" src=\"https:\/\/www.tgrthaber.com\/mavikadin\/wp-content\/uploads\/seda-sayan-filtre-300x169.webp\" alt=\"\" width=\"1280\" height=\"720\" title=\"\" srcset=\"https:\/\/www.tgrthaber.com\/mavikadin\/wp-content\/uploads\/seda-sayan-filtre-300x169.webp 300w, https:\/\/www.tgrthaber.com\/mavikadin\/wp-content\/uploads\/seda-sayan-filtre-1024x576.webp 1024w, https:\/\/www.tgrthaber.com\/mavikadin\/wp-content\/uploads\/seda-sayan-filtre-768x432.webp 768w, https:\/\/www.tgrthaber.com\/mavikadin\/wp-content\/uploads\/seda-sayan-filtre.webp 1280w\" sizes=\"(max-width: 1280px) 100vw, 1280px\" \/><\/p>\n<hr \/>\n<h3>SEDA SAYAN \u015eU AN NEREDE YA\u015eIYOR?<\/h3>\n<p>2022 y\u0131l\u0131n\u0131n Nisan ay\u0131nda kendinden 25 ya\u015f k\u00fc\u00e7\u00fck sevgilisi \u00c7a\u011flar \u00d6kten ile evlenen \u00fcnl\u00fc \u015fark\u0131c\u0131 Seda Sayan, T\u00fcrkiye&#8217;yi terk etme karar\u0131 alm\u0131\u015ft\u0131.<\/p>\n<p>Bir kozmetik firmas\u0131yla anla\u015fma yapan ve bundan dolay\u0131 yurt d\u0131\u015f\u0131nda ya\u015fama karar\u0131 alan Seda Sayan Dubai&#8217;ye yerle\u015fmeyi d\u00fc\u015f\u00fcn\u00fcyor. Gayrimenkul zengini olarak bilinen \u00fcnl\u00fc \u015fark\u0131c\u0131n\u0131n, \u015fu anda oturdu\u011fu villay\u0131 sat\u0131\u015fa \u00e7\u0131kard\u0131\u011f\u0131 biliniyor. Sar\u0131yer&#8217;de l\u00fcks bir sitede yer alan villas\u0131n\u0131 sat\u0131\u015fa \u00e7\u0131kartan Seda Sayan&#8217;\u0131n 7 milyon dolar istedi\u011fi biliniyor.<\/p>\n<p><img loading=\"lazy\" decoding=\"async\" class=\"alignnone wp-image-139618\" src=\"https:\/\/www.tgrthaber.com\/mavikadin\/wp-content\/uploads\/seda-sayan-esi-300x169.jpg\" alt=\"\" width=\"1280\" height=\"720\" title=\"\" srcset=\"https:\/\/www.tgrthaber.com\/mavikadin\/wp-content\/uploads\/seda-sayan-esi-300x169.jpg 300w, https:\/\/www.tgrthaber.com\/mavikadin\/wp-content\/uploads\/seda-sayan-esi-1024x576.jpg 1024w, https:\/\/www.tgrthaber.com\/mavikadin\/wp-content\/uploads\/seda-sayan-esi-768x432.jpg 768w, https:\/\/www.tgrthaber.com\/mavikadin\/wp-content\/uploads\/seda-sayan-esi.jpg 1280w\" sizes=\"(max-width: 1280px) 100vw, 1280px\" \/><\/p>\n<hr \/>\n<p>Villas\u0131n\u0131n sat\u0131\u015f\u0131 i\u00e7in emlak\u00e7\u0131dan \u00f6nce kom\u015fular\u0131na giden Sayan, onlara bir mektup yazd\u0131. Sayan mektubunda, \u00f6nceli\u011fin kom\u015fular\u0131nda oldu\u011funu s\u00f6yledi. \u00dcnl\u00fc \u015fark\u0131c\u0131 mektubunda, &#8220;\u00c7ok severek oturdu\u011fumuz, her santimine emek harcad\u0131\u011f\u0131m\u0131z evimizi sat\u0131yoruz. \u00d6ncelik siz kom\u015fular\u0131m\u0131z\u0131n hakk\u0131d\u0131r d\u00fc\u015f\u00fcncesiyle haber vermek istedik.&#8221; ifadelerine yer verdi.<\/p>\n","protected":false},"excerpt":{"rendered":"<p>Sosyal medyadan yapt\u0131\u011f\u0131 payla\u015f\u0131mlarla s\u0131k s\u0131k g\u00fcndeme gelen \u00fcnl\u00fc \u015fark\u0131c\u0131 ve sunucu Seda Sayan, yine bir payla\u015f\u0131mla sosyal medyan\u0131n diline d\u00fc\u015ft\u00fc. Seda Sayan&#8217;\u0131n arkada\u015f\u0131 Safiye Soyman&#8217;\u0131n do\u011fum g\u00fcn\u00fcn\u00fc kutlamak i\u00e7in yapt\u0131\u011f\u0131 payla\u015f\u0131mda kulland\u0131\u011f\u0131 filtre g\u00fcndem oldu. <\/p>\n","protected":false},"author":33,"featured_media":139617,"comment_status":"closed","ping_status":"closed","sticky":false,"template":"","format":"standard","meta":{"rank_math_lock_modified_date":false,"footnotes":""},"categories":[76],"tags":[12350,12349,12351],"class_list":["post-139616","post","type-post","status-publish","format-standard","has-post-thumbnail","hentry","category-magazin","tag-seda-sayan-filtre","tag-seda-sayan-paylasim","tag-seda-sayan-safiye-soyman"],"_links":{"self":[{"href":"https:\/\/www.tgrthaber.com\/mavikadin\/wp-json\/wp\/v2\/posts\/139616"}],"collection":[{"href":"https:\/\/www.tgrthaber.com\/mavikadin\/wp-json\/wp\/v2\/posts"}],"about":[{"href":"https:\/\/www.tgrthaber.com\/mavikadin\/wp-json\/wp\/v2\/types\/post"}],"author":[{"embeddable":true,"href":"https:\/\/www.tgrthaber.com\/mavikadin\/wp-json\/wp\/v2\/users\/33"}],"replies":[{"embeddable":true,"href":"https:\/\/www.tgrthaber.com\/mavikadin\/wp-json\/wp\/v2\/comments?post=139616"}],"version-history":[{"count":2,"href":"https:\/\/www.tgrthaber.com\/mavikadin\/wp-json\/wp\/v2\/posts\/139616\/revisions"}],"predecessor-version":[{"id":139623,"href":"https:\/\/www.tgrthaber.com\/mavikadin\/wp-json\/wp\/v2\/posts\/139616\/revisions\/139623"}],"wp:featuredmedia":[{"embeddable":true,"href":"https:\/\/www.tgrthaber.com\/mavikadin\/wp-json\/wp\/v2\/media\/139617"}],"wp:attachment":[{"href":"https:\/\/www.tgrthaber.com\/mavikadin\/wp-json\/wp\/v2\/media?parent=139616"}],"wp:term":[{"taxonomy":"category","embeddable":true,"href":"https:\/\/www.tgrthaber.com\/mavikadin\/wp-json\/wp\/v2\/categories?post=139616"},{"taxonomy":"post_tag","embeddable":true,"href":"https:\/\/www.tgrthaber.com\/mavikadin\/wp-json\/wp\/v2\/tags?post=139616"}],"curies":[{"name":"wp","href":"https:\/\/api.w.org\/{rel}","templated":true}]}}