{"id":139653,"date":"2025-02-28T02:49:04","date_gmt":"2025-02-27T23:49:04","guid":{"rendered":"https:\/\/www.tgrthaber.com\/mavikadin\/?p=139653"},"modified":"2025-02-28T09:01:52","modified_gmt":"2025-02-28T06:01:52","slug":"van-tahran-tren-seferleri-ne-zaman-basliyor-van-ve-tahran-bilet-ucretleri-nedir","status":"publish","type":"post","link":"https:\/\/www.tgrthaber.com\/mavikadin\/van-tahran-tren-seferleri-ne-zaman-basliyor-van-ve-tahran-bilet-ucretleri-nedir\/","title":{"rendered":"Van-Tahran tren seferleri ne zaman ba\u015fl\u0131yor? Van ve Tahran tren bilet \u00fccretleri nedir?"},"content":{"rendered":"<p>3 g\u00fcn \u00f6nce Van ile Tahran aras\u0131ndaki tren sefer biletleri yeniden sat\u0131\u015fa sunuldu. Tahran ile Van tren seferlerinin ger\u00e7ekle\u015fece\u011fi ilk tarihler bilet sat\u0131\u015f\u0131n\u0131 bekleyenler i\u00e7in merak konusu oldu. Tren seferlerinde Tahran i\u00e7in tarih olarak 9 Mart, Van i\u00e7in ise 10 Mart&#8217;ta ger\u00e7ekle\u015fece\u011fi bilgisi verildi.<\/p>\n<p>Ula\u015ft\u0131rma ve Altyap\u0131 Bakan\u0131 Abdulkadir Uralo\u011flu, konu ile alakal\u0131 gerekli bilgiyi yapt\u0131\u011f\u0131 bir a\u00e7\u0131klamada belirtti.<\/p>\n<hr \/>\n<p>Ge\u00e7ti\u011fimiz y\u0131llarda \u00fclkece ge\u00e7irdi\u011fimiz covid-19 salg\u0131n\u0131 sebebiyle tren seferlerine ara verildi\u011fini hat\u0131rlatarak, &#8220;T\u00fcrkiye ile \u0130ran aras\u0131ndaki demir yolu i\u015fbirli\u011fi, b\u00f6lgesel ula\u015f\u0131m\u0131n g\u00fc\u00e7lenmesi ve turizm hareketlili\u011finin art\u0131r\u0131lmas\u0131 a\u00e7\u0131s\u0131ndan b\u00fcy\u00fck \u00f6nem ta\u015f\u0131maktad\u0131r. Tahran-Van treninin yeniden seferlere ba\u015flamas\u0131 hem ekonomik hem de k\u00fclt\u00fcrel ba\u011flar\u0131 daha da kuvvetlendirecektir.&#8221; ifadesinde bulundu.<\/p>\n<h3>VAN VE TAHRAN TREN SEFERLER\u0130 NE ZAMAN GER\u00c7EKLE\u015eT\u0130R\u0130LECEK?<\/h3>\n<p>Ula\u015ft\u0131rma ve Altyap\u0131 Bakan\u0131, trenin haftada iki defa git-gel olmaz \u00fczere kar\u015f\u0131l\u0131kl\u0131 sefer yapaca\u011f\u0131n\u0131n alt\u0131n\u0131 \u00e7izerek, konu\u015fmas\u0131nda \u015f\u00f6yle bir ifade kulland\u0131:<\/p>\n<p><img loading=\"lazy\" decoding=\"async\" class=\"alignnone wp-image-139655\" src=\"https:\/\/www.tgrthaber.com\/mavikadin\/wp-content\/uploads\/972_b.jpg\" alt=\"\" width=\"1208\" height=\"671\" title=\"\" srcset=\"https:\/\/www.tgrthaber.com\/mavikadin\/wp-content\/uploads\/972_b.jpg 900w, https:\/\/www.tgrthaber.com\/mavikadin\/wp-content\/uploads\/972_b-300x167.jpg 300w, https:\/\/www.tgrthaber.com\/mavikadin\/wp-content\/uploads\/972_b-768x427.jpg 768w\" sizes=\"(max-width: 1208px) 100vw, 1208px\" \/><\/p>\n<hr \/>\n<p>&#8220;Tahran-Van Yolcu Treni pazar ve \u00e7ar\u015famba Tahran&#8217;dan 12.35&#8217;te, Van&#8217;dan ise pazartesi ve per\u015fembe saat 20.00&#8217;de hareket edecek. Yolcular\u0131m\u0131z, 22 saatlik keyifli bir seyahati demir yolu konforunda ger\u00e7ekle\u015ftirecekler. Biletler ise 25 \u015eubat Sal\u0131 g\u00fcn\u00fc sat\u0131\u015fa sunulacak. \u0130lk sefer Tahran&#8217;dan 9 Mart&#8217;ta, Van&#8217;dan ise 10 Mart&#8217;ta ger\u00e7ekle\u015fecek.&#8221;<\/p>\n<h3>VAN VE TAHRAN B\u0130LETLER\u0130 NEREDEN ALINAB\u0130LECEK?<\/h3>\n<p>Van&#8217;a ya da Tahran&#8217;a tren ile seyahat etmek isteyen yolcular\u0131n \u00fclkemiz i\u00e7erisinde alabilece\u011fi biletler, TCDD Ta\u015f\u0131mac\u0131l\u0131k A\u015e&#8217;nin uluslararas\u0131 bilet sat\u0131\u015f\u0131na a\u00e7\u0131k olan Adana, Ankara, Eski\u015fehir, \u0130stanbul (Sirkeci), \u0130stanbul (Halkal\u0131), \u0130zmir (Basmane), Konya ve Van gi\u015felerinden sat\u0131n al\u0131nabilme imkan\u0131 sunulacak.<\/p>\n<h3>TAHRAN VE VAN B\u0130LETLER\u0130 G\u00dcNCEL F\u0130YATI NE KADAR?<\/h3>\n<p>Haftada 2 defa yap\u0131lacak olan tren seyahatlerinde Tahran&#8217;dan trenler Pazar ve \u00c7ar\u015famba g\u00fcnleri saat 13:00&#8217;te hareket halinde olacak iken, Van&#8217;dan kalk\u0131\u015f yap\u0131lacak olan g\u00fcler\u00a0 Sal\u0131 ve Per\u015fembe olmakla beraber saat 21:00&#8217;de yap\u0131lacak.<\/p>\n<p>Bilet fiyatlar\u0131n\u0131n ise ortalama 24,90 Euro yani yakla\u015f\u0131k 930 TL olarak sat\u0131\u015fa sunulaca\u011f\u0131 \u00f6\u011frenildi.<\/p>\n","protected":false},"excerpt":{"rendered":"<p>Van ile Tahran&#8217;a tren ile seyahat etmek isteyen yolcular, 25 \u015eubat itibariyle bilet sat\u0131n alabilecek. Peki Van ve Tahran tren seferleri nas\u0131l ger\u00e7ekle\u015fiyor? \u00dccretleri neler?<\/p>\n","protected":false},"author":27,"featured_media":139656,"comment_status":"closed","ping_status":"closed","sticky":false,"template":"","format":"standard","meta":{"rank_math_lock_modified_date":false,"footnotes":""},"categories":[78],"tags":[12358,12361,12359,12360],"class_list":["post-139653","post","type-post","status-publish","format-standard","has-post-thumbnail","hentry","category-yasam","tag-tahran-tren-bileti","tag-tren-bileti-fiyatlari","tag-van-tren-bileti","tag-van-ve-tahran-seferleri"],"_links":{"self":[{"href":"https:\/\/www.tgrthaber.com\/mavikadin\/wp-json\/wp\/v2\/posts\/139653"}],"collection":[{"href":"https:\/\/www.tgrthaber.com\/mavikadin\/wp-json\/wp\/v2\/posts"}],"about":[{"href":"https:\/\/www.tgrthaber.com\/mavikadin\/wp-json\/wp\/v2\/types\/post"}],"author":[{"embeddable":true,"href":"https:\/\/www.tgrthaber.com\/mavikadin\/wp-json\/wp\/v2\/users\/27"}],"replies":[{"embeddable":true,"href":"https:\/\/www.tgrthaber.com\/mavikadin\/wp-json\/wp\/v2\/comments?post=139653"}],"version-history":[{"count":4,"href":"https:\/\/www.tgrthaber.com\/mavikadin\/wp-json\/wp\/v2\/posts\/139653\/revisions"}],"predecessor-version":[{"id":139663,"href":"https:\/\/www.tgrthaber.com\/mavikadin\/wp-json\/wp\/v2\/posts\/139653\/revisions\/139663"}],"wp:featuredmedia":[{"embeddable":true,"href":"https:\/\/www.tgrthaber.com\/mavikadin\/wp-json\/wp\/v2\/media\/139656"}],"wp:attachment":[{"href":"https:\/\/www.tgrthaber.com\/mavikadin\/wp-json\/wp\/v2\/media?parent=139653"}],"wp:term":[{"taxonomy":"category","embeddable":true,"href":"https:\/\/www.tgrthaber.com\/mavikadin\/wp-json\/wp\/v2\/categories?post=139653"},{"taxonomy":"post_tag","embeddable":true,"href":"https:\/\/www.tgrthaber.com\/mavikadin\/wp-json\/wp\/v2\/tags?post=139653"}],"curies":[{"name":"wp","href":"https:\/\/api.w.org\/{rel}","templated":true}]}}