{"id":139726,"date":"2025-02-28T10:23:10","date_gmt":"2025-02-28T07:23:10","guid":{"rendered":"https:\/\/www.tgrthaber.com\/mavikadin\/?p=139726"},"modified":"2025-02-28T10:43:24","modified_gmt":"2025-02-28T07:43:24","slug":"shrek-5-filmi-ne-zaman-cikacak-shrek-5i-kim-seslendirecek","status":"publish","type":"post","link":"https:\/\/www.tgrthaber.com\/mavikadin\/shrek-5-filmi-ne-zaman-cikacak-shrek-5i-kim-seslendirecek\/","title":{"rendered":"Shrek 5 filmi ne zaman \u00e7\u0131kacak? Shrek 5&#8217;i kim seslendirecek?"},"content":{"rendered":"<p>T\u00fcm d\u00fcnyan\u0131n b\u00fcy\u00fck bir ilgiyle takip etti\u011fi Shrek 5 animasyon filminin ne zaman yay\u0131nlanaca\u011f\u0131 merak ediliyor. \u0130zleyicilerin uzun y\u0131llard\u0131r merakla takip etti\u011fi animasyon filmini T\u00fcrk\u00e7e olarak kimin seslendirece\u011fi de ara\u015ft\u0131r\u0131l\u0131yor. Peki, Shrek 5 animasyon filmi ne zaman \u00e7\u0131kacak? Shrek 5&#8217;i kim seslendirecek? \u0130\u015fte Shrek 5 animasyon filmi hakk\u0131nda merak edilenler\u2026<\/p>\n<h3>SHREK 5 F\u0130LM\u0130 NE ZAMAN \u00c7IKACAK?<\/h3>\n<p>D\u00fcnyan\u0131n en \u00e7ok izlenen animasyon filmleri aras\u0131nda yer alan Shrek, yeni filmiyle izleyici kar\u015f\u0131s\u0131na \u00e7\u0131kmaya haz\u0131rlan\u0131yor. Animasyon severlerin sab\u0131rs\u0131zl\u0131kla bekledi\u011fi filmin vizyon tarihide merak ediliyor. Universal Pictures ve DreamWorks Animation ortakl\u0131\u011f\u0131yla olu\u015fturulan d\u00fcnyaca \u00fcnl\u00fc animasyon serisi, Shrek 5 ile geri d\u00f6n\u00fcyor.<\/p>\n<p><img loading=\"lazy\" decoding=\"async\" class=\"alignnone wp-image-139739\" src=\"https:\/\/www.tgrthaber.com\/mavikadin\/wp-content\/uploads\/Shrek-5-1024x576.jpg\" alt=\"Shrek 5 filmi ne zaman \u00e7\u0131kacak? \" width=\"1208\" height=\"680\" title=\"\" srcset=\"https:\/\/www.tgrthaber.com\/mavikadin\/wp-content\/uploads\/Shrek-5-1024x576.jpg 1024w, https:\/\/www.tgrthaber.com\/mavikadin\/wp-content\/uploads\/Shrek-5-300x169.jpg 300w, https:\/\/www.tgrthaber.com\/mavikadin\/wp-content\/uploads\/Shrek-5-768x432.jpg 768w, https:\/\/www.tgrthaber.com\/mavikadin\/wp-content\/uploads\/Shrek-5-1536x864.jpg 1536w, https:\/\/www.tgrthaber.com\/mavikadin\/wp-content\/uploads\/Shrek-5.jpg 1600w\" sizes=\"(max-width: 1208px) 100vw, 1208px\" \/><\/p>\n<hr \/>\n<p>William Steig\u2019in 1990 tarihli \u201cShrek\u201d adl\u0131 resimli kitab\u0131ndan uyarlanan Amerikan animasyon serisi, yeni filmiyle izleyici ile bulu\u015fmaya haz\u0131rlan\u0131yor. Filmin y\u00f6netmenli\u011fini Walt Dohrn ve Conrad Vernon \u00fcstlenirken, senaryosunu ise Michael McCullers kaleme al\u0131yor. Yap\u0131mc\u0131l\u0131\u011f\u0131 Chris Meledandri ve Gina Shay\u2019in \u00fcstlendi\u011fi animasyon filmi yak\u0131nda seyirci ile bulu\u015fmaya geliyor. \u0130\u015fte t\u00fcm d\u00fcnyan\u0131n merakla bekledi\u011fi Shrek 5 filminin vizyon tarihi\u2026<\/p>\n<h3>SHREK 5 AN\u0130MASYON F\u0130LM\u0130N\u0130N V\u0130ZYON TAR\u0130H\u0130 BELL\u0130 OLDU!<\/h3>\n<p>\u0130lk olarak 2002 y\u0131l\u0131nda seyirci ile bulu\u015fan Shrek serisi, yay\u0131nland\u0131\u011f\u0131 g\u00fcnden bu yana b\u00fcy\u00fck bir ilgiyle takip ediliyor. K\u00fc\u00e7\u00fckten b\u00fcy\u00fc\u011fe herkesin merakla takip etti\u011fi animasyon serisi yepyeni bir filmiyle izleyici kar\u015f\u0131s\u0131na \u00e7\u0131kmaya haz\u0131rlan\u0131yor. \u00d6zellikle \u00fclkemizde de ba\u015far\u0131l\u0131 dublaj performans\u0131yla bilinen animasyon filmi b\u00fcy\u00fck bir heyecanla bekleniyor.<\/p>\n<p><img loading=\"lazy\" decoding=\"async\" class=\"alignnone wp-image-139742\" src=\"https:\/\/www.tgrthaber.com\/mavikadin\/wp-content\/uploads\/Shrek-5-3-1024x576.jpg\" alt=\"Shrek 5 filmi ne zaman \u00e7\u0131kacak? \" width=\"1208\" height=\"680\" title=\"\" srcset=\"https:\/\/www.tgrthaber.com\/mavikadin\/wp-content\/uploads\/Shrek-5-3-1024x576.jpg 1024w, https:\/\/www.tgrthaber.com\/mavikadin\/wp-content\/uploads\/Shrek-5-3-300x169.jpg 300w, https:\/\/www.tgrthaber.com\/mavikadin\/wp-content\/uploads\/Shrek-5-3-768x432.jpg 768w, https:\/\/www.tgrthaber.com\/mavikadin\/wp-content\/uploads\/Shrek-5-3-1536x864.jpg 1536w, https:\/\/www.tgrthaber.com\/mavikadin\/wp-content\/uploads\/Shrek-5-3.jpg 1600w\" sizes=\"(max-width: 1208px) 100vw, 1208px\" \/><\/p>\n<hr \/>\n<p>Universal Pictures ve DreamWorks Animation taraf\u0131ndan gelen a\u00e7\u0131klamaya g\u00f6re, animasyon serisinin 5. filminde de y\u0131ld\u0131z seslendirme kadrosu yer alacak. Serinin daha \u00f6nce de orijinal yap\u0131mlar\u0131nda yer alan Mike Myers, Eddie Murphy ve Cameron Diaz\u2019\u0131n son filmde de yap\u0131mc\u0131larla birlikte yer alaca\u011f\u0131 s\u00f6ylendi. B\u00fcy\u00fck bir merakla beklenen animasyon serisi Shrek 5 filminin 1 Temmuz 2026 tarihinde vizyona girmesi planlan\u0131yor.<\/p>\n<h3>SHREK 5 F\u0130LM\u0130 T\u00dcRK\u00c7E K\u0130M SESLEND\u0130RECEK?<\/h3>\n<p>G\u00fcn\u00fcm\u00fczde dublaj filmlere olan ilginin bir hayli azald\u0131\u011f\u0131n\u0131 g\u00f6r\u00fcyoruz. Fakat animasyon filmleri i\u00e7in ayn\u0131 \u015feyleri s\u00f6yleyebilmek biraz g\u00fc\u00e7. Alt yaz\u0131dan ziyade dublajla izlenmesi daha \u00e7ok tercih edilen animasyon filmleri seyirci taraf\u0131ndan b\u00fcy\u00fck bir ilgi g\u00f6r\u00fcyor. Shrek serisi de dublajla izlemesi en \u00e7ok tercih edilen animasyon filmleri aras\u0131nda yer al\u0131yor. Animasyon filminin orijinal seslendirme kadrosunda Mike Myers (Shrek), Eddie Murphy (E\u015fek), Cameron Diaz (Prenses Fiona) ve Zendaya (Shrek ve Fiona\u2019n\u0131n k\u0131z\u0131)gibi isimlerin yer alaca\u011f\u0131 s\u00f6yleniyor.<\/p>\n<p><img loading=\"lazy\" decoding=\"async\" class=\"alignnone wp-image-139743\" src=\"https:\/\/www.tgrthaber.com\/mavikadin\/wp-content\/uploads\/Shrek-5-1-1024x576.jpg\" alt=\"Shrek 5 filmi ne zaman \u00e7\u0131kacak? \" width=\"1208\" height=\"680\" title=\"\" srcset=\"https:\/\/www.tgrthaber.com\/mavikadin\/wp-content\/uploads\/Shrek-5-1-1024x576.jpg 1024w, https:\/\/www.tgrthaber.com\/mavikadin\/wp-content\/uploads\/Shrek-5-1-300x169.jpg 300w, https:\/\/www.tgrthaber.com\/mavikadin\/wp-content\/uploads\/Shrek-5-1-768x432.jpg 768w, https:\/\/www.tgrthaber.com\/mavikadin\/wp-content\/uploads\/Shrek-5-1-1536x864.jpg 1536w, https:\/\/www.tgrthaber.com\/mavikadin\/wp-content\/uploads\/Shrek-5-1.jpg 1600w\" sizes=\"(max-width: 1208px) 100vw, 1208px\" \/><\/p>\n<hr \/>\n<p>T\u00fcrkiye\u2019de \u00f6nceki filmlerde Shrek karakterini Okan Bay\u00fclgen, E\u015fek karakterini Mehmet Ali Erbil ve Prenses Fiona\u2019y\u0131 Oya Pros\u00e7iler seslendirmi\u015fti. Fakat Shrek 5 animasyon filminin T\u00fcrk\u00e7e dublaj kadrosu hen\u00fcz resmi olarak duyurulmad\u0131. \u00d6nceki filmlerdeki seslendirme sanat\u00e7\u0131lar\u0131n\u0131n bu projede yer al\u0131p almayaca\u011f\u0131 \u015fu an i\u00e7in belirsizli\u011fini koruyor.<\/p>\n","protected":false},"excerpt":{"rendered":"<p>Herkesin merakla bekledi\u011fi animasyon filmi Shrek 5\u2019in ne zaman \u00e7\u0131kaca\u011f\u0131 merak ediliyor. Peki, Shrek 5 ne zaman yay\u0131nlanacak? Shrek 5&#8217;i kim seslendirecek? \u0130\u015fte detaylar\u2026<\/p>\n","protected":false},"author":26,"featured_media":139738,"comment_status":"closed","ping_status":"closed","sticky":false,"template":"","format":"standard","meta":{"rank_math_lock_modified_date":false,"footnotes":""},"categories":[101],"tags":[12376,12378,12377],"class_list":["post-139726","post","type-post","status-publish","format-standard","has-post-thumbnail","hentry","category-kesfet","tag-shrek-5","tag-shrek-5-seslendirme-sanatcilari","tag-shrek-5-vizyon-tarihi"],"_links":{"self":[{"href":"https:\/\/www.tgrthaber.com\/mavikadin\/wp-json\/wp\/v2\/posts\/139726"}],"collection":[{"href":"https:\/\/www.tgrthaber.com\/mavikadin\/wp-json\/wp\/v2\/posts"}],"about":[{"href":"https:\/\/www.tgrthaber.com\/mavikadin\/wp-json\/wp\/v2\/types\/post"}],"author":[{"embeddable":true,"href":"https:\/\/www.tgrthaber.com\/mavikadin\/wp-json\/wp\/v2\/users\/26"}],"replies":[{"embeddable":true,"href":"https:\/\/www.tgrthaber.com\/mavikadin\/wp-json\/wp\/v2\/comments?post=139726"}],"version-history":[{"count":5,"href":"https:\/\/www.tgrthaber.com\/mavikadin\/wp-json\/wp\/v2\/posts\/139726\/revisions"}],"predecessor-version":[{"id":139746,"href":"https:\/\/www.tgrthaber.com\/mavikadin\/wp-json\/wp\/v2\/posts\/139726\/revisions\/139746"}],"wp:featuredmedia":[{"embeddable":true,"href":"https:\/\/www.tgrthaber.com\/mavikadin\/wp-json\/wp\/v2\/media\/139738"}],"wp:attachment":[{"href":"https:\/\/www.tgrthaber.com\/mavikadin\/wp-json\/wp\/v2\/media?parent=139726"}],"wp:term":[{"taxonomy":"category","embeddable":true,"href":"https:\/\/www.tgrthaber.com\/mavikadin\/wp-json\/wp\/v2\/categories?post=139726"},{"taxonomy":"post_tag","embeddable":true,"href":"https:\/\/www.tgrthaber.com\/mavikadin\/wp-json\/wp\/v2\/tags?post=139726"}],"curies":[{"name":"wp","href":"https:\/\/api.w.org\/{rel}","templated":true}]}}