{"id":139800,"date":"2025-02-28T12:12:53","date_gmt":"2025-02-28T09:12:53","guid":{"rendered":"https:\/\/www.tgrthaber.com\/mavikadin\/?p=139800"},"modified":"2025-05-12T09:26:03","modified_gmt":"2025-05-12T06:26:03","slug":"o-ses-turkiyede-juriyi-aglatan-gorme-engelli-yarismaci-kimdir-hangi-juriyi-sectigi-merak-ediliyor","status":"publish","type":"post","link":"https:\/\/www.tgrthaber.com\/mavikadin\/o-ses-turkiyede-juriyi-aglatan-gorme-engelli-yarismaci-kimdir-hangi-juriyi-sectigi-merak-ediliyor\/","title":{"rendered":"O Ses T\u00fcrkiye birincisi 2025 Mert \u00d6zer kimdir? Hangi j\u00fcrinin yar\u0131\u015fmac\u0131s\u0131yd\u0131?"},"content":{"rendered":"<p>TV8 ekranlar\u0131n\u0131n b\u00fcy\u00fck bir ilgiyle takip edilen yar\u0131\u015fmas\u0131 O Ses T\u00fcrkiye&#8217;de sona gelindi. Uzun bir aran\u0131n ard\u0131ndan yeniden seyirciyle bulu\u015fan O Ses T\u00fcrkiye yar\u0131\u015fmas\u0131, yo\u011fun bir ilgiyle takip edildi. Cumartesi ak\u015famlar\u0131 izleyici kar\u015f\u0131s\u0131na \u00e7\u0131kan yar\u0131\u015fman\u0131n ilk b\u00f6l\u00fcmlerinde j\u00fcriyi a\u011flatan g\u00f6rme engelli yar\u0131\u015fmac\u0131 Mert \u00d6zer, programa damga vurmu\u015ftu. Ge\u00e7ti\u011fimiz ak\u015fam final b\u00f6l\u00fcm\u00fcyle seyirci ile bulu\u015fan yar\u0131\u015fmada birinci Mert \u00d6zer oldu. Yar\u0131\u015fman\u0131n ba\u015f\u0131ndan bu yana ba\u015far\u0131l\u0131 performans sergileyerek, j\u00fcriyi a\u011flatan g\u00f6rme engelli yar\u0131\u015fmac\u0131 Mert \u00d6zer&#8217;in kim oldu\u011fu merak edildi. Peki, ba\u015far\u0131l\u0131 yar\u0131\u015fmac\u0131 hangi j\u00fcri \u00fcyesini se\u00e7mi\u015fti? \u0130\u015fte detaylar\u2026<\/p>\n<h3>MERT \u00d6ZER O SES T\u00dcRK\u0130YE YARI\u015eMASI B\u0130R\u0130NC\u0130S\u0130 OLDU!<\/h3>\n<p>Sevilen yar\u0131\u015fma program\u0131 O Ses T\u00fcrkiye, uzun bir aran\u0131n ard\u0131ndan TV8 ekranlar\u0131nda yay\u0131nland\u0131. Her cumartesi izleyici kar\u015f\u0131s\u0131na \u00e7\u0131kan program, yepyeni yar\u0131\u015fmac\u0131lar\u0131yla hem seyirciyi hem de j\u00fcri \u00fcyelerini etkiledi. Ge\u00e7ti\u011fimiz aylarda 4. b\u00f6l\u00fcm fragman\u0131 yay\u0131nlanan yar\u0131\u015fmaya j\u00fcriyi a\u011flatan g\u00f6rme engelli yar\u0131\u015fmac\u0131 Mert \u00d6zer damga vurdu. Mert \u00d6zer, yar\u0131\u015fman\u0131n ilk ba\u015flar\u0131ndan bu yana sergiledi\u011fi ba\u015far\u0131l\u0131 performansla finale kalmay\u0131 ba\u015fard\u0131.<\/p>\n<p><img loading=\"lazy\" decoding=\"async\" class=\"alignnone wp-image-139804\" src=\"https:\/\/www.tgrthaber.com\/mavikadin\/wp-content\/uploads\/O-Ses-Turkiye-4-3-1024x576.jpg\" alt=\"O Ses T\u00fcrkiye\u2019de j\u00fcriyi a\u011flatan g\u00f6rme engelli yar\u0131\u015fmac\u0131 kimdir?\" width=\"1208\" height=\"680\" title=\"\" srcset=\"https:\/\/www.tgrthaber.com\/mavikadin\/wp-content\/uploads\/O-Ses-Turkiye-4-3-1024x576.jpg 1024w, https:\/\/www.tgrthaber.com\/mavikadin\/wp-content\/uploads\/O-Ses-Turkiye-4-3-300x169.jpg 300w, https:\/\/www.tgrthaber.com\/mavikadin\/wp-content\/uploads\/O-Ses-Turkiye-4-3-768x432.jpg 768w, https:\/\/www.tgrthaber.com\/mavikadin\/wp-content\/uploads\/O-Ses-Turkiye-4-3-1536x864.jpg 1536w, https:\/\/www.tgrthaber.com\/mavikadin\/wp-content\/uploads\/O-Ses-Turkiye-4-3.jpg 1600w\" sizes=\"(max-width: 1208px) 100vw, 1208px\" \/><\/p>\n<hr \/>\n<p>O Ses T\u00fcrkiye yar\u0131\u015fmas\u0131n\u0131n b\u00fcy\u00fck finali ge\u00e7ti\u011fimiz ak\u015fam ger\u00e7ekle\u015fti. B\u00fcy\u00fck bir ilgiyle takip edilen yar\u0131\u015fmaya g\u00f6rme engelli yar\u0131\u015fmac\u0131 Mert \u00d6zer performans\u0131yla damga vurdu. Finale kalan yar\u0131\u015fmac\u0131lar aras\u0131nda k\u0131ran k\u0131rana m\u00fccadelenin ya\u015fand\u0131\u011f\u0131 programda birbirinden ba\u015far\u0131l\u0131 isimler performanslar\u0131yla dikkat \u00e7ekti. Yar\u0131\u015fman\u0131n b\u00fcy\u00fck finalinde son ikiye kalan isim Mert \u00d6zer ve Funda Kayac\u0131k oldu. Mert, performans\u0131yla herkesi etkileyerek halk oylamas\u0131nda birinci s\u0131raya yerle\u015fmeyi ba\u015fard\u0131. Ge\u00e7ti\u011fimiz ak\u015fam yay\u0131nlanan O Ses T\u00fcrkiye yar\u0131\u015fmas\u0131n\u0131n kazanan\u0131 Mert \u00d6zer oldu.<\/p>\n<p><img loading=\"lazy\" decoding=\"async\" class=\"alignnone wp-image-175836\" src=\"https:\/\/www.tgrthaber.com\/mavikadin\/wp-content\/uploads\/O-Ses-Turkiye-3-3-1024x576.webp\" alt=\"Mert-\u00d6zer\" width=\"1208\" height=\"680\" title=\"\" srcset=\"https:\/\/www.tgrthaber.com\/mavikadin\/wp-content\/uploads\/O-Ses-Turkiye-3-3-1024x576.webp 1024w, https:\/\/www.tgrthaber.com\/mavikadin\/wp-content\/uploads\/O-Ses-Turkiye-3-3-300x169.webp 300w, https:\/\/www.tgrthaber.com\/mavikadin\/wp-content\/uploads\/O-Ses-Turkiye-3-3-768x432.webp 768w, https:\/\/www.tgrthaber.com\/mavikadin\/wp-content\/uploads\/O-Ses-Turkiye-3-3-1536x864.webp 1536w, https:\/\/www.tgrthaber.com\/mavikadin\/wp-content\/uploads\/O-Ses-Turkiye-3-3.webp 1600w\" sizes=\"(max-width: 1208px) 100vw, 1208px\" \/><\/p>\n<hr \/>\n<h3>O SES T\u00dcRK\u0130YE B\u0130R\u0130NC\u0130S\u0130 2025 MERT \u00d6ZER K\u0130MD\u0130R?<\/h3>\n<p>O Ses T\u00fcrkiye yar\u0131\u015fmas\u0131n\u0131n 4. b\u00f6l\u00fcm fragman\u0131na j\u00fcriyi a\u011flatan g\u00f6rme engelli yar\u0131\u015fmac\u0131 damga vurmu\u015ftu. Ba\u015far\u0131l\u0131 yar\u0131\u015fmac\u0131 Mert \u00d6zer, hem ba\u015far\u0131 hikayesi ile hem de sesiyle j\u00fcri \u00fcyelerini ve izleyenleri etkilemeyi ba\u015farm\u0131\u015ft\u0131.\u00a0 O Ses T\u00fcrkiye yar\u0131\u015fmas\u0131n\u0131n 4 j\u00fcri \u00fcyesini birden d\u00f6nd\u00fcren Mert \u00d6zer\u00a0 \u201cBug\u00fcn burada olabiliyor olmam herkesin bir yerlere gelebilece\u011finin g\u00f6stergesi bence. Bende ilham olabilece\u011fimi d\u00fc\u015f\u00fcn\u00fcyorum\u201d ifadelerini kullanm\u0131\u015ft\u0131. J\u00fcri \u00fcyelerine duygu dolu anlar ya\u015fatan ve O Ses T\u00fcrkiye birincisi olan g\u00f6rme engelli yar\u0131\u015fmac\u0131 Mert \u00d6zer Kimdir?<\/p>\n<p><img loading=\"lazy\" decoding=\"async\" class=\"alignnone wp-image-175832\" src=\"https:\/\/www.tgrthaber.com\/mavikadin\/wp-content\/uploads\/Mert-Ozer-1024x576.jpg\" alt=\"Mert-\u00d6zer\" width=\"1208\" height=\"680\" title=\"\" srcset=\"https:\/\/www.tgrthaber.com\/mavikadin\/wp-content\/uploads\/Mert-Ozer-1024x576.jpg 1024w, https:\/\/www.tgrthaber.com\/mavikadin\/wp-content\/uploads\/Mert-Ozer-300x169.jpg 300w, https:\/\/www.tgrthaber.com\/mavikadin\/wp-content\/uploads\/Mert-Ozer-768x432.jpg 768w, https:\/\/www.tgrthaber.com\/mavikadin\/wp-content\/uploads\/Mert-Ozer-1536x864.jpg 1536w, https:\/\/www.tgrthaber.com\/mavikadin\/wp-content\/uploads\/Mert-Ozer.jpg 1600w\" sizes=\"(max-width: 1208px) 100vw, 1208px\" \/><\/p>\n<hr \/>\n<p>Mert \u00d6zer kendisini \u015fu s\u00f6zlerle anlatm\u0131\u015ft\u0131: &#8220;Ad\u0131m Mert \u00d6zer, 18 ya\u015f\u0131nday\u0131m, lise son s\u0131n\u0131ftay\u0131m. 5-6 ya\u015f\u0131mdan itibaren m\u00fczikle ilgileniyorum. M\u00fczik okullar\u0131nda okumaya \u00e7al\u0131\u015ft\u0131m ama belli kaynaklardan dolay\u0131 sorun ya\u015fad\u0131m devam edemedim. ABD&#8217;de Berkeley okulunu bursla kazand\u0131m. K\u00fc\u00e7\u00fckl\u00fc\u011f\u00fcmden beri O Sesi izliyorum. 4 T\u00fcrk\u00e7e ve 2 yabanc\u0131 \u015fark\u0131 se\u00e7mi\u015ftim. D\u00f6rd\u00fcn\u00fcz\u00fcn d\u00f6nmesinden dolay\u0131 \u00e7ok \u015fa\u015f\u0131rd\u0131m, \u00e7ok heyecanl\u0131y\u0131m. Se\u00e7imimi spontane olarak yapmak istedim. Biliyordum se\u00e7menin zor olaca\u011f\u0131n\u0131 ama d\u00f6rd\u00fcn\u00fcz birden d\u00f6n\u00fcnce iyice zor oldu. Ben \u00e7ok heyecanl\u0131y\u0131m&#8221;<\/p>\n<p><img loading=\"lazy\" decoding=\"async\" class=\"alignnone wp-image-175835\" src=\"https:\/\/www.tgrthaber.com\/mavikadin\/wp-content\/uploads\/Mert-Ozer-1-1024x576.jpg\" alt=\"Mert-\u00d6zer\" width=\"1208\" height=\"680\" title=\"\" srcset=\"https:\/\/www.tgrthaber.com\/mavikadin\/wp-content\/uploads\/Mert-Ozer-1-1024x576.jpg 1024w, https:\/\/www.tgrthaber.com\/mavikadin\/wp-content\/uploads\/Mert-Ozer-1-300x169.jpg 300w, https:\/\/www.tgrthaber.com\/mavikadin\/wp-content\/uploads\/Mert-Ozer-1-768x432.jpg 768w, https:\/\/www.tgrthaber.com\/mavikadin\/wp-content\/uploads\/Mert-Ozer-1-1536x864.jpg 1536w, https:\/\/www.tgrthaber.com\/mavikadin\/wp-content\/uploads\/Mert-Ozer-1.jpg 1600w\" sizes=\"(max-width: 1208px) 100vw, 1208px\" \/><\/p>\n<hr \/>\n<p>Sesiyle j\u00fcri \u00fcyelerine duygu dolu anlar ya\u015fatan g\u00f6rme engelli yar\u0131\u015fmac\u0131 Mert \u00d6zer, Amerika\u2019daki \u00fcniversite s\u0131navlar\u0131na girdi. Amerika Birle\u015fik Devletleri\u2019nin Kaliforniya eyaletinde yer alan ara\u015ft\u0131rma \u00fcniversitesi \u201cBerkeley\u201di kazanan g\u00f6rme engelli yar\u0131\u015fmac\u0131 hem sesiyle hem de umut dolu hayat hik\u00e2yesiyle j\u00fcri \u00fcyelerini ve seyirciyi kendine hayran b\u0131rakt\u0131. J\u00fcri \u00fcyelerinden Hadise ise g\u00f6rme engelli yar\u0131\u015fmac\u0131 hakk\u0131nda, \u201cBu kadar sava\u015f\u00e7\u0131 bir ruha sahip olman beni \u00e7ok etkiliyor.\u201d \u015feklinde konu\u015fmu\u015ftu.<\/p>\n<h3>MERT \u00d6ZER HANG\u0130 J\u00dcR\u0130N\u0130N YARI\u015eMACISIYDI?<\/h3>\n<p>O Ses T\u00fcrkiye yar\u0131\u015fmas\u0131n\u0131n\u00a0 damga vuran g\u00f6rme engelli yar\u0131\u015fmac\u0131 Mert \u00d6zer, 4 j\u00fcri \u00fcyesini d\u00f6nd\u00fcrmeyi ba\u015farm\u0131\u015ft\u0131. J\u00fcri \u00fcyeleri Mert \u00d6zer&#8217;i kendi tak\u0131m\u0131na almak i\u00e7in kendi aralar\u0131nda rekabet ederken, G\u00f6khan \u00d6zo\u011fuz, Hadise&#8217;yi bloklayarak \u00d6zer&#8217;i almas\u0131n\u0131 engellemi\u015fti. &#8220;Ka\u00e7 ki\u015fiyi d\u00f6nd\u00fcrd\u00fc\u011f\u00fcm\u00fc bile bilmiyorum\u201d ifadelerini kullanan g\u00f6rme engelli yar\u0131\u015fmac\u0131\u00a0 Mert \u00d6zer, G\u00f6khan \u00d6zo\u011fuz&#8217;un tak\u0131m\u0131n\u0131 se\u00e7mi\u015fti. G\u00f6khan \u00d6zo\u011fuz ile yar\u0131\u015fma s\u00fcrecini ba\u015far\u0131l\u0131 bir \u015fekilde atlatan \u00d6zer, performans\u0131yla t\u00fcm T\u00fcrkiye&#8217;yi etkiledi ve yar\u0131\u015fman\u0131n birincisi olmaya hak kazand\u0131.<\/p>\n<p><img loading=\"lazy\" decoding=\"async\" class=\"alignnone wp-image-139808\" src=\"https:\/\/www.tgrthaber.com\/mavikadin\/wp-content\/uploads\/O-Ses-Turkiye-2-3-1024x576.jpg\" alt=\"O Ses T\u00fcrkiye\u2019de j\u00fcriyi a\u011flatan g\u00f6rme engelli yar\u0131\u015fmac\u0131 kimdir?\" width=\"1208\" height=\"680\" title=\"\" srcset=\"https:\/\/www.tgrthaber.com\/mavikadin\/wp-content\/uploads\/O-Ses-Turkiye-2-3-1024x576.jpg 1024w, https:\/\/www.tgrthaber.com\/mavikadin\/wp-content\/uploads\/O-Ses-Turkiye-2-3-300x169.jpg 300w, https:\/\/www.tgrthaber.com\/mavikadin\/wp-content\/uploads\/O-Ses-Turkiye-2-3-768x432.jpg 768w, https:\/\/www.tgrthaber.com\/mavikadin\/wp-content\/uploads\/O-Ses-Turkiye-2-3-1536x864.jpg 1536w, https:\/\/www.tgrthaber.com\/mavikadin\/wp-content\/uploads\/O-Ses-Turkiye-2-3.jpg 1600w\" sizes=\"(max-width: 1208px) 100vw, 1208px\" \/><\/p>\n<hr \/>\n<h3>A\u0130LES\u0130 B\u00dcY\u00dcK MUTLULUK YA\u015eAMI\u015eTI!<\/h3>\n<p>Yar\u0131\u015fmaya kat\u0131lan Mert \u00d6zer&#8217;in ailesi o\u011fullar\u0131na destek olmak i\u00e7in sahnenin arka k\u0131sm\u0131nda yer alm\u0131\u015ft\u0131. Mert&#8217;in babas\u0131, &#8221;Her \u015feyi kendisi yap\u0131yor. Hep desteklemeye \u00e7al\u0131\u015f\u0131yoruz ama kendisi yap\u0131yor&#8221; ifadelerini kullanm\u0131\u015ft\u0131. Annesi ise &#8221;\u00c7ok mutlu oldum d\u00f6rd\u00fcn\u00fcz de d\u00f6nd\u00fc\u011f\u00fcn\u00fcz i\u00e7in. O\u011flumla gurur diyorum&#8221; diye konu\u015fmu\u015ftu. Mert \u00d6zer&#8217;in ailesi ge\u00e7ti\u011fimiz ak\u015fam b\u00fcy\u00fck finalde birinci olmas\u0131n\u0131 g\u00f6rmesiyle b\u00fcy\u00fck mutluluk ya\u015fad\u0131.<\/p>\n","protected":false},"excerpt":{"rendered":"<p>TV8 ekranlar\u0131n\u0131n b\u00fcy\u00fck bir ilgiyle takip edilen yar\u0131\u015fma program\u0131 O Ses T\u00fcrkiye heyecan dolu bir sezon daha sona erdi. Yar\u0131\u015fman\u0131n birincisi g\u00f6rme engelli yar\u0131\u015fmac\u0131 Mert \u00d6zer&#8217;in kim oldu\u011fu ise merak edildi. Peki, O Ses T\u00fcrkiye birincisi 2025 Mert \u00d6zer kimdir? \u0130\u015fte ayr\u0131nt\u0131lar&#8230;<\/p>\n","protected":false},"author":26,"featured_media":175834,"comment_status":"closed","ping_status":"closed","sticky":false,"template":"","format":"standard","meta":{"rank_math_lock_modified_date":false,"footnotes":""},"categories":[491],"tags":[3374,16521,21219,2378,6532,20622,12385],"class_list":["post-139800","post","type-post","status-publish","format-standard","has-post-thumbnail","hentry","category-biyografi","tag-biyografi","tag-biyografi-haberleri","tag-mert-ozer","tag-o-ses-turkiye","tag-o-ses-turkiye-2025","tag-o-ses-turkiye-final","tag-o-ses-turkiye-gorme-engelli-yarismaci"],"_links":{"self":[{"href":"https:\/\/www.tgrthaber.com\/mavikadin\/wp-json\/wp\/v2\/posts\/139800"}],"collection":[{"href":"https:\/\/www.tgrthaber.com\/mavikadin\/wp-json\/wp\/v2\/posts"}],"about":[{"href":"https:\/\/www.tgrthaber.com\/mavikadin\/wp-json\/wp\/v2\/types\/post"}],"author":[{"embeddable":true,"href":"https:\/\/www.tgrthaber.com\/mavikadin\/wp-json\/wp\/v2\/users\/26"}],"replies":[{"embeddable":true,"href":"https:\/\/www.tgrthaber.com\/mavikadin\/wp-json\/wp\/v2\/comments?post=139800"}],"version-history":[{"count":6,"href":"https:\/\/www.tgrthaber.com\/mavikadin\/wp-json\/wp\/v2\/posts\/139800\/revisions"}],"predecessor-version":[{"id":175844,"href":"https:\/\/www.tgrthaber.com\/mavikadin\/wp-json\/wp\/v2\/posts\/139800\/revisions\/175844"}],"wp:featuredmedia":[{"embeddable":true,"href":"https:\/\/www.tgrthaber.com\/mavikadin\/wp-json\/wp\/v2\/media\/175834"}],"wp:attachment":[{"href":"https:\/\/www.tgrthaber.com\/mavikadin\/wp-json\/wp\/v2\/media?parent=139800"}],"wp:term":[{"taxonomy":"category","embeddable":true,"href":"https:\/\/www.tgrthaber.com\/mavikadin\/wp-json\/wp\/v2\/categories?post=139800"},{"taxonomy":"post_tag","embeddable":true,"href":"https:\/\/www.tgrthaber.com\/mavikadin\/wp-json\/wp\/v2\/tags?post=139800"}],"curies":[{"name":"wp","href":"https:\/\/api.w.org\/{rel}","templated":true}]}}