{"id":139815,"date":"2025-02-28T12:52:36","date_gmt":"2025-02-28T09:52:36","guid":{"rendered":"https:\/\/www.tgrthaber.com\/mavikadin\/?p=139815"},"modified":"2025-02-28T12:52:35","modified_gmt":"2025-02-28T09:52:35","slug":"o-ses-turkiye-bu-aksam-var-mi-yeni-bolum-fragmani-yayinlandi-mi","status":"publish","type":"post","link":"https:\/\/www.tgrthaber.com\/mavikadin\/o-ses-turkiye-bu-aksam-var-mi-yeni-bolum-fragmani-yayinlandi-mi\/","title":{"rendered":"O Ses T\u00fcrkiye bu ak\u015fam var m\u0131? Yeni b\u00f6l\u00fcm fragman\u0131 yay\u0131nland\u0131 m\u0131?"},"content":{"rendered":"<p>M\u00fczik severler, haz\u0131r olun! O Ses T\u00fcrkiye bu ak\u015fam yepyeni bir b\u00f6l\u00fcmle geri d\u00f6n\u00fcyor ve nefes kesici performanslar ve duygusal anlarla dolu bir ak\u015fam vadediyor. Yar\u0131\u015fma k\u0131z\u0131\u015f\u0131rken, yar\u0131\u015fmac\u0131lar \u00fcnl\u00fc j\u00fcrileri etkilemek ve bir sonraki turdaki yerlerini garantilemek i\u00e7in ellerinden geleni yap\u0131yorlar. Beklenmedik d\u00f6n\u00fc\u015fler ve g\u00fc\u00e7l\u00fc se\u00e7melerle, bu ak\u015famki b\u00f6l\u00fcm\u00fc ka\u00e7\u0131rmay\u0131n. Ayr\u0131ca, 4. b\u00f6l\u00fcm fragman\u0131 yay\u0131nland\u0131. \u0130\u015fte bu heyecan verici gece hakk\u0131nda bilmeniz gerekenler!<\/p>\n<h3>O SES T\u00dcRK\u0130YE BU AK\u015eAM VAR MI?<\/h3>\n<p>O Ses T\u00fcrkiye&#8217;nin merakla beklenen yeni b\u00f6l\u00fcm\u00fc bu ak\u015fam, 28 \u015eubat 2025&#8217;te, saat 20:00&#8217;de TV8&#8217;de yay\u0131nlanacak. Dizinin hayranlar\u0131 bir sonraki heyecan verici performans\u0131 merakla beklerken, gelecek b\u00f6l\u00fcme dair 4. b\u00f6l\u00fcm fragman\u0131 yay\u0131nland\u0131.<\/p>\n<p>8 \u015eubat 2025&#8217;teki pr\u00f6miyerinden bu yana, dizi her cumartesi ak\u015fam\u0131 \u00e7arp\u0131c\u0131 performanslar\u0131 ve duygusal anlar\u0131yla izleyicileri b\u00fcy\u00fcl\u00fcyor. Pop\u00fcler ses yar\u0131\u015fmas\u0131, \u00fcnl\u00fc j\u00fcrileri etkilemeye \u00e7al\u0131\u015fan ve tak\u0131mlar\u0131nda bir yer edinmeyi hedefleyen dikkat \u00e7ekici \u015fark\u0131c\u0131lar\u0131 sergilemeye devam ediyor. Her hafta yeni zorluklar, \u015fa\u015f\u0131rt\u0131c\u0131 elemeler ve unutulmaz anlar getiriyor ve bu da onu televizyonunun en \u00e7ok izlenen programlar\u0131ndan biri yap\u0131yor.<\/p>\n<p><img loading=\"lazy\" decoding=\"async\" class=\"alignnone wp-image-139825\" src=\"https:\/\/www.tgrthaber.com\/mavikadin\/wp-content\/uploads\/3-274.png\" alt=\"\" width=\"1208\" height=\"680\" title=\"\" srcset=\"https:\/\/www.tgrthaber.com\/mavikadin\/wp-content\/uploads\/3-274.png 1280w, https:\/\/www.tgrthaber.com\/mavikadin\/wp-content\/uploads\/3-274-300x169.png 300w, https:\/\/www.tgrthaber.com\/mavikadin\/wp-content\/uploads\/3-274-1024x576.png 1024w, https:\/\/www.tgrthaber.com\/mavikadin\/wp-content\/uploads\/3-274-768x432.png 768w\" sizes=\"(max-width: 1208px) 100vw, 1208px\" \/><\/p>\n<hr \/>\n<p>4.\u2060 \u2060b\u00f6l\u00fcmde, hayranlar daha da dramatik se\u00e7meler, tutkulu performanslar ve ko\u00e7lardan birka\u00e7 s\u00fcrpriz bekleyebilir. Fragman, yar\u0131\u015fmac\u0131lar\u0131n onaylar\u0131n\u0131 kazanmak i\u00e7in j\u00fcriyle kar\u015f\u0131 kar\u015f\u0131ya geldikleri yo\u011fun ve duygusal bir atmosfere i\u015faret ediyor. Her zamankinden daha y\u00fcksek etkiyle, bu b\u00f6l\u00fcm\u00fcn unutulmaz performanslar ve izleyicileri koltuklar\u0131n\u0131n ucunda b\u0131rakacak duygusal hikayelerle dolu olaca\u011f\u0131 anla\u015f\u0131l\u0131yor.<\/p>\n<p><img loading=\"lazy\" decoding=\"async\" class=\"alignnone wp-image-139824\" src=\"https:\/\/www.tgrthaber.com\/mavikadin\/wp-content\/uploads\/2-272.png\" alt=\"\" width=\"1208\" height=\"680\" title=\"\" srcset=\"https:\/\/www.tgrthaber.com\/mavikadin\/wp-content\/uploads\/2-272.png 1280w, https:\/\/www.tgrthaber.com\/mavikadin\/wp-content\/uploads\/2-272-300x169.png 300w, https:\/\/www.tgrthaber.com\/mavikadin\/wp-content\/uploads\/2-272-1024x576.png 1024w, https:\/\/www.tgrthaber.com\/mavikadin\/wp-content\/uploads\/2-272-768x432.png 768w\" sizes=\"(max-width: 1208px) 100vw, 1208px\" \/><\/p>\n<hr \/>\n<p>Hadise, Beyaz\u0131t \u00d6zt\u00fcrk, Melike \u015eahine ve G\u00f6khan \u00d6zo\u011fuz&#8217;dan olu\u015fan ko\u00e7lar, yar\u0131\u015fmada ilerlemek i\u00e7in m\u00fccadele ederken yar\u0131\u015fmac\u0131lara rehberlik etmeye devam edecek. J\u00fcriler aras\u0131ndaki dinamik, dost\u00e7a rekabetleri ve stratejik kararlar\u0131yla \u015fova ekstra bir heyecan ekleyerek her zamanki gibi e\u011flenceli olmaya devam ediyor.<\/p>\n<p>E\u011fer 4. b\u00f6l\u00fcm fragman\u0131n\u0131 hen\u00fcz g\u00f6rmediyseniz, a\u015fa\u011f\u0131dan izleyebilirsiniz. Fragman, bu ak\u015famki b\u00f6l\u00fcmden en heyecan verici anlardan baz\u0131lar\u0131n\u0131 sergiliyor ve sizi \u015fov i\u00e7in haz\u0131rlayaca\u011f\u0131ndan emin olabilirsiniz.<\/p>\n<p><iframe loading=\"lazy\" title=\"YouTube video player\" src=\"https:\/\/www.youtube.com\/embed\/7qG-TlgE7cA?si=oaBvmCA05rkog2Cx\" width=\"560\" height=\"315\" frameborder=\"0\" allowfullscreen=\"allowfullscreen\"><\/iframe><\/p>\n<p>Bu ak\u015fam, 28 \u015eubat&#8217;ta saat 20:00&#8217;de TV8&#8217;de yay\u0131nlanacak olan O Ses T\u00fcrkiye&#8217;nin yeni b\u00f6l\u00fcm\u00fcn\u00fc ka\u00e7\u0131rmay\u0131n. Oynanacak her \u015feyle birlikte, hem yar\u0131\u015fmac\u0131lar hem de izleyiciler i\u00e7in aksiyon dolu ve duygusal bir gece olaca\u011f\u0131 kesin.<\/p>\n<p><img loading=\"lazy\" decoding=\"async\" class=\"alignnone size-full wp-image-140464\" src=\"https:\/\/www.tgrthaber.com\/mavikadin\/wp-content\/uploads\/147155.gif\" alt=\"\" width=\"1280\" height=\"640\" title=\"\"><\/p>\n<hr \/>\n<h3>GECEYE DAMGA VURAN \u0130S\u0130M: SUDEM \u0130LAYDA YAL\u00c7\u0130<\/h3>\n<p>Yar\u0131\u015fmada oldu\u011fu gibi sosyal medyada da ad\u0131ndan s\u00f6z ettiren Sudem \u0130layda Yal\u00e7i, &#8220;Keklik Gibi&#8221; t\u00fcrk\u00fcs\u00fcyle dikkatleri \u00fczerine \u00e7ekmeyi ba\u015farm\u0131\u015ft\u0131. K\u0131r\u0131kkale\u2019nin yeti\u015ftirdi\u011fi gen\u00e7 yeteneklerden biri olan Sudem \u0130layda Yal\u00e7i, m\u00fczik d\u00fcnyas\u0131nda sa\u011flam bir kariyer elde etmek istiyor.<\/p>\n","protected":false},"excerpt":{"rendered":"<p>O Ses T\u00fcrkiye&#8217;deki hevesli \u015fark\u0131c\u0131lar i\u00e7in yolculuk devam ediyor. Yar\u0131\u015fma kritik bir a\u015famaya ula\u015f\u0131rken, duygular y\u00fckseliyor. Yar\u0131\u015fmac\u0131lar b\u00fcy\u00fck olma hayalleriyle sahneye ad\u0131m atarken, \u00fcnl\u00fc ko\u00e7lar en iyi sesleri se\u00e7erken zor kararlarla kar\u015f\u0131 kar\u015f\u0131ya kal\u0131yor. Bu ak\u015fam TV8&#8217;de saat 20:00&#8217;de yay\u0131nlanacak b\u00f6l\u00fcm, unutulmaz performanslar, y\u00fcrek \u0131s\u0131tan anlar ve yo\u011fun rekabetler vadediyor. 4. b\u00f6l\u00fcm fragman\u0131 \u015fimdiden merak uyand\u0131r\u0131rken, hayranlar bundan sonra ne olaca\u011f\u0131n\u0131 g\u00f6rmek i\u00e7in can at\u0131yor!<\/p>\n","protected":false},"author":28,"featured_media":139823,"comment_status":"closed","ping_status":"closed","sticky":false,"template":"","format":"standard","meta":{"rank_math_lock_modified_date":true,"footnotes":""},"categories":[602],"tags":[2378,6532,12389,12390],"class_list":["post-139815","post","type-post","status-publish","format-standard","has-post-thumbnail","hentry","category-diziler","tag-o-ses-turkiye","tag-o-ses-turkiye-2025","tag-o-ses-turkiye-bu-aksam-var-mi","tag-o-ses-turkiye-fragman"],"_links":{"self":[{"href":"https:\/\/www.tgrthaber.com\/mavikadin\/wp-json\/wp\/v2\/posts\/139815"}],"collection":[{"href":"https:\/\/www.tgrthaber.com\/mavikadin\/wp-json\/wp\/v2\/posts"}],"about":[{"href":"https:\/\/www.tgrthaber.com\/mavikadin\/wp-json\/wp\/v2\/types\/post"}],"author":[{"embeddable":true,"href":"https:\/\/www.tgrthaber.com\/mavikadin\/wp-json\/wp\/v2\/users\/28"}],"replies":[{"embeddable":true,"href":"https:\/\/www.tgrthaber.com\/mavikadin\/wp-json\/wp\/v2\/comments?post=139815"}],"version-history":[{"count":4,"href":"https:\/\/www.tgrthaber.com\/mavikadin\/wp-json\/wp\/v2\/posts\/139815\/revisions"}],"predecessor-version":[{"id":140463,"href":"https:\/\/www.tgrthaber.com\/mavikadin\/wp-json\/wp\/v2\/posts\/139815\/revisions\/140463"}],"wp:featuredmedia":[{"embeddable":true,"href":"https:\/\/www.tgrthaber.com\/mavikadin\/wp-json\/wp\/v2\/media\/139823"}],"wp:attachment":[{"href":"https:\/\/www.tgrthaber.com\/mavikadin\/wp-json\/wp\/v2\/media?parent=139815"}],"wp:term":[{"taxonomy":"category","embeddable":true,"href":"https:\/\/www.tgrthaber.com\/mavikadin\/wp-json\/wp\/v2\/categories?post=139815"},{"taxonomy":"post_tag","embeddable":true,"href":"https:\/\/www.tgrthaber.com\/mavikadin\/wp-json\/wp\/v2\/tags?post=139815"}],"curies":[{"name":"wp","href":"https:\/\/api.w.org\/{rel}","templated":true}]}}