{"id":139828,"date":"2025-02-28T13:07:16","date_gmt":"2025-02-28T10:07:16","guid":{"rendered":"https:\/\/www.tgrthaber.com\/mavikadin\/?p=139828"},"modified":"2025-02-28T13:10:09","modified_gmt":"2025-02-28T10:10:09","slug":"selin-atasoy-kimdir-okan-bayulgen-ile-evli-miydi-meslegi-ne-kac-yasinda","status":"publish","type":"post","link":"https:\/\/www.tgrthaber.com\/mavikadin\/selin-atasoy-kimdir-okan-bayulgen-ile-evli-miydi-meslegi-ne-kac-yasinda\/","title":{"rendered":"Selin Atasoy kimdir? Okan Bay\u00fclgen ile evli miydi? Mesle\u011fi ne, ka\u00e7 ya\u015f\u0131nda?"},"content":{"rendered":"<p>Okan Bay\u00fclgen ile olan ili\u015fkisiyle dikkatleri \u00fczerine \u00e7eken Selin Atasoy\u2019un kim oldu\u011fu merak ediliyor. Peki, Selin Atasoy kimdir? Selin Atasoy, Okan Bay\u00fclgen ile evli miydi? Selin Atasoy\u2019un mesle\u011fi ne? Selin Atasoy ka\u00e7 ya\u015f\u0131nda? Selin Atasoy hakk\u0131nda merak edilenleri sizin i\u00e7in ara\u015ft\u0131rd\u0131k. \u0130\u015fte Selin Atasoy hakk\u0131nda bilinmeyenler\u2026<\/p>\n<h3>SEL\u0130N ATASOY K\u0130MD\u0130R?<\/h3>\n<p>Selin Atasoy, 1972 tarihinde \u0130stanbul\u2019da d\u00fcnyaya geldi. \u0130lkokul ve ortaokul e\u011fitimini tamamlayan Atasoy, \u00d6zel \u0130stanbul Alman Lisesi\u2019nden mezun oldu. Lise e\u011fitimini ba\u015far\u0131yla tamamlayan Atasoy, daha sonra ABD ve Fransa\u2019da ekonomi, uluslararas\u0131 i\u015f idaresi ve sinema alanlar\u0131nda e\u011fitim ald\u0131.<\/p>\n<p><img loading=\"lazy\" decoding=\"async\" class=\"alignnone wp-image-139831\" src=\"https:\/\/www.tgrthaber.com\/mavikadin\/wp-content\/uploads\/Selin-Atasoy-4-1024x576.jpg\" alt=\"Selin Atasoy kimdir? \" width=\"1208\" height=\"680\" title=\"\" srcset=\"https:\/\/www.tgrthaber.com\/mavikadin\/wp-content\/uploads\/Selin-Atasoy-4-1024x576.jpg 1024w, https:\/\/www.tgrthaber.com\/mavikadin\/wp-content\/uploads\/Selin-Atasoy-4-300x169.jpg 300w, https:\/\/www.tgrthaber.com\/mavikadin\/wp-content\/uploads\/Selin-Atasoy-4-768x432.jpg 768w, https:\/\/www.tgrthaber.com\/mavikadin\/wp-content\/uploads\/Selin-Atasoy-4-1536x864.jpg 1536w, https:\/\/www.tgrthaber.com\/mavikadin\/wp-content\/uploads\/Selin-Atasoy-4.jpg 1600w\" sizes=\"(max-width: 1208px) 100vw, 1208px\" \/><\/p>\n<hr \/>\n<p>Selin Atasoy, 1996 y\u0131l\u0131nda CNN\u2019in Atlanta merkezinde uluslararas\u0131 haber b\u00f6l\u00fcm\u00fcnde edit\u00f6r olarak \u00e7al\u0131\u015ft\u0131. Atasoy, ayn\u0131 y\u0131l Paris\u2019te uluslararas\u0131 ili\u015fkiler ve diplomasi alan\u0131nda doktoraya ba\u015flad\u0131. Ba\u015far\u0131l\u0131 bir e\u011fitim hayat\u0131ndan ge\u00e7en Atasoy, ilerleyen y\u0131llarda kariyerinde \u00f6nemli ad\u0131mlar att\u0131.<\/p>\n<h3>SEL\u0130N ATASOY\u2019UN MESLE\u011e\u0130 NE?<\/h3>\n<p>Edit\u00f6rl\u00fck, metin yazarl\u0131\u011f\u0131, sanat y\u00f6netmenli\u011fi, k\u00fcrat\u00f6rl\u00fck ve marka dan\u0131\u015fmanl\u0131\u011f\u0131 alan\u0131nda kariyerini ilerleten Selin Atasoy, bir\u00e7ok ba\u015far\u0131l\u0131 projeye imza att\u0131. Reklam sekt\u00f6r\u00fcnde uzun bir s\u00fcre \u00e7al\u0131\u015fan Atasoy, 2008 y\u0131l\u0131nda kendi marka dan\u0131\u015fmanl\u0131k firmas\u0131 \u201cKita\u201dy\u0131 kurdu. Atasoy, 2009 y\u0131l\u0131nda uluslararas\u0131 deneyimli biyokimyagerler, molek\u00fcler genetik\u00e7iler, tasar\u0131mc\u0131lar ve foto\u011fraf\u00e7\u0131larla ki\u015filerin kendi DNA\u2019lar\u0131ndan modern portreler \u00fcreten \u201cDNArtist\u201d projesini ba\u015flatt\u0131 ve 2011\u2019de tamamlad\u0131.<\/p>\n<p><img loading=\"lazy\" decoding=\"async\" class=\"alignnone wp-image-139833\" src=\"https:\/\/www.tgrthaber.com\/mavikadin\/wp-content\/uploads\/Selin-Atasoy-2-1024x576.jpg\" alt=\"Selin Atasoy kimdir? \" width=\"1208\" height=\"680\" title=\"\" srcset=\"https:\/\/www.tgrthaber.com\/mavikadin\/wp-content\/uploads\/Selin-Atasoy-2-1024x576.jpg 1024w, https:\/\/www.tgrthaber.com\/mavikadin\/wp-content\/uploads\/Selin-Atasoy-2-300x169.jpg 300w, https:\/\/www.tgrthaber.com\/mavikadin\/wp-content\/uploads\/Selin-Atasoy-2-768x432.jpg 768w, https:\/\/www.tgrthaber.com\/mavikadin\/wp-content\/uploads\/Selin-Atasoy-2-1536x864.jpg 1536w, https:\/\/www.tgrthaber.com\/mavikadin\/wp-content\/uploads\/Selin-Atasoy-2.jpg 1600w\" sizes=\"(max-width: 1208px) 100vw, 1208px\" \/><\/p>\n<hr \/>\n<p>Selin Atasoy, 2010 y\u0131l\u0131nda Kanal D ekranlar\u0131nda izleyici kar\u015f\u0131s\u0131na \u00e7\u0131kan \u201cKan\u0131t\u201d dizisinin t\u00fcm orijinal hikayelerini kaleme alarak, 100 \u00f6zg\u00fcn b\u00f6l\u00fcm ve 1500\u2019den fazla karakter olu\u015fturdu. Atasoy, 2015 y\u0131l\u0131nda Okan Bay\u00fclgen ile \u201cE\u011flenceli Cinayetler Kumpanyas\u0131\u201d ad\u0131n\u0131 verdikleri tiyatro toplulu\u011funu hayata ge\u00e7irdi. Bu toplulukta Atasoy\u2019un yazd\u0131\u011f\u0131 \u201c\u015eirket, Metres ve Sette Cinayet\u201d adl\u0131 \u00fc\u00e7 interaktif polisiye oyunu sergilendi. Atasoy, ayn\u0131 zamanda 2018 y\u0131l\u0131nda \u201cSanat Yemekte Yenir Mi?\u201d adl\u0131 tiyatro oyununu kaleme ald\u0131.<\/p>\n<h3>SEL\u0130N ATASOY KA\u00c7 YA\u015eINDA?<\/h3>\n<p>\u015eimdilerde 53 ya\u015f\u0131nda olan Selin Atasoy, kariyerinde bir\u00e7ok ba\u015far\u0131l\u0131 projeye imza att\u0131. Yazar, tasar\u0131mc\u0131 ve prod\u00fckt\u00f6r olarak kariyerine devam eden Atasoy, 2021 y\u0131l\u0131nda yurti\u00e7i ve yurtd\u0131\u015f\u0131nda bir\u00e7ok \u00f6d\u00fcl kazanan \u201cG\u00f6z A\u00e7\u0131p Kapay\u0131ncaya Kadar \u2013 Bir Kahve Belgeseli\u201d dok\u00fcdramas\u0131nda yap\u0131mc\u0131 ve ortak yazar olarak g\u00f6rev ald\u0131. Atasoy, Haziran 2023 y\u0131l\u0131nda Al ve \u00e7e\u015fitli tekniklerle olu\u015fturdu\u011fu foto\u011fraf \u00e7al\u0131\u015fmalar\u0131n\u0131 kapsayan \u201cSelin Atasoy aka Jean S. Partre\u201d projesini duyurdu.<\/p>\n<p><img loading=\"lazy\" decoding=\"async\" class=\"alignnone wp-image-139834\" src=\"https:\/\/www.tgrthaber.com\/mavikadin\/wp-content\/uploads\/Selin-Atasoy-3-1024x576.jpg\" alt=\"Selin Atasoy kimdir? \" width=\"1208\" height=\"680\" title=\"\" srcset=\"https:\/\/www.tgrthaber.com\/mavikadin\/wp-content\/uploads\/Selin-Atasoy-3-1024x576.jpg 1024w, https:\/\/www.tgrthaber.com\/mavikadin\/wp-content\/uploads\/Selin-Atasoy-3-300x169.jpg 300w, https:\/\/www.tgrthaber.com\/mavikadin\/wp-content\/uploads\/Selin-Atasoy-3-768x432.jpg 768w, https:\/\/www.tgrthaber.com\/mavikadin\/wp-content\/uploads\/Selin-Atasoy-3-1536x864.jpg 1536w, https:\/\/www.tgrthaber.com\/mavikadin\/wp-content\/uploads\/Selin-Atasoy-3.jpg 1600w\" sizes=\"(max-width: 1208px) 100vw, 1208px\" \/><\/p>\n<hr \/>\n<p>Selin Atasoy, yine 2023 y\u0131l\u0131nda marka dan\u0131\u015fmanl\u0131\u011f\u0131n\u0131 yapt\u0131\u011f\u0131 G\u00f6\u00e7men Artisan Bakery\u2019nin yard\u0131m\u0131yla \u201cAile Miras\u0131 Re\u00e7eteler\u201d adl\u0131 projesini hayata ge\u00e7irerek T\u00fcrkiye\u2019nin ortak haf\u0131za alan\u0131nda \u00f6nemli bir projeye imza att\u0131.<\/p>\n<h3>SEL\u0130N ATASOY OKAN BAY\u00dcLGEN \u0130LE EVL\u0130 M\u0130YD\u0130?<\/h3>\n<p>Kariyerinde say\u0131s\u0131z bir\u00e7ok projeye imza atan Selin Atasoy, Okan Bay\u00fclgen ile de bir\u00e7ok ba\u015far\u0131l\u0131 projeye imza att\u0131. Jean S. Partre takma ad\u0131yla da tan\u0131nan Atasoy, 25 y\u0131l\u0131 a\u015fk\u0131n s\u00fcredir reklamc\u0131l\u0131k, sanat, foto\u011fraf\u00e7\u0131l\u0131k ve film alanlar\u0131nda \u00e7al\u0131\u015fmalar\u0131n\u0131 s\u00fcrd\u00fcrmeye devam ediyor. Ba\u015far\u0131l\u0131 i\u015f hayat\u0131 kadar \u00f6zel hayat\u0131yla da g\u00fcndeme gelen Atasoy\u2019un \u00fcnl\u00fc sanat\u00e7\u0131 Okan Bay\u00fclgen ile evli olup olmad\u0131\u011f\u0131 merak ediliyor.<\/p>\n<p><img loading=\"lazy\" decoding=\"async\" class=\"alignnone wp-image-139835\" src=\"https:\/\/www.tgrthaber.com\/mavikadin\/wp-content\/uploads\/Selin-Atasoy-1-1024x576.jpg\" alt=\"Selin Atasoy kimdir? \" width=\"1208\" height=\"680\" title=\"\" srcset=\"https:\/\/www.tgrthaber.com\/mavikadin\/wp-content\/uploads\/Selin-Atasoy-1-1024x576.jpg 1024w, https:\/\/www.tgrthaber.com\/mavikadin\/wp-content\/uploads\/Selin-Atasoy-1-300x169.jpg 300w, https:\/\/www.tgrthaber.com\/mavikadin\/wp-content\/uploads\/Selin-Atasoy-1-768x432.jpg 768w, https:\/\/www.tgrthaber.com\/mavikadin\/wp-content\/uploads\/Selin-Atasoy-1-1536x864.jpg 1536w, https:\/\/www.tgrthaber.com\/mavikadin\/wp-content\/uploads\/Selin-Atasoy-1.jpg 1600w\" sizes=\"(max-width: 1208px) 100vw, 1208px\" \/><\/p>\n<hr \/>\n<p>Uzun s\u00fcre birlikte bir ili\u015fki ya\u015fayan ve bir\u00e7ok ba\u015far\u0131l\u0131 projeye imza atan Selin Atasoy ve Okan Bay\u00fclgen evli de\u011fildir. 2015 y\u0131l\u0131ndan bu yana Bay\u00fclgen ile ba\u015far\u0131l\u0131 projelere imza atan Atasoy, \u201cDada Salon\u201d, \u201cE\u011flenceli Cinayetler Kumpanyas\u0131\u201d ve \u201cHarem Kabare\u201d adl\u0131 \u00e7e\u015fitli projelerde birlikte \u00e7al\u0131\u015ft\u0131. Hem i\u015f hayat\u0131n\u0131 hem de a\u015fk hayat\u0131n\u0131 birlikte g\u00f6t\u00fcren iki 11 y\u0131l gibi uzun bir s\u00fcre birlikteliklerine devam etti. \u00c7iftin 11 y\u0131l s\u00fcren mutlu beraberliklerinin ise yak\u0131n zamanda sonland\u0131\u011f\u0131 bilgisi edinildi.<\/p>\n","protected":false},"excerpt":{"rendered":"<p>Son zamanlarda Okan Bay\u00fclgen ile olan ili\u015fkisiyle g\u00fcndeme gelen Selin Atasoy\u2019un kim oldu\u011fu merak ediliyor. Peki, Selin Atasoy kimdir? \u0130\u015fte detaylar\u2026 <\/p>\n","protected":false},"author":26,"featured_media":139829,"comment_status":"closed","ping_status":"closed","sticky":false,"template":"","format":"standard","meta":{"rank_math_lock_modified_date":false,"footnotes":""},"categories":[491],"tags":[6524,12391,12392],"class_list":["post-139828","post","type-post","status-publish","format-standard","has-post-thumbnail","hentry","category-biyografi","tag-okan-bayulgen","tag-selin-atasoy","tag-selin-atasoy-kimdir"],"_links":{"self":[{"href":"https:\/\/www.tgrthaber.com\/mavikadin\/wp-json\/wp\/v2\/posts\/139828"}],"collection":[{"href":"https:\/\/www.tgrthaber.com\/mavikadin\/wp-json\/wp\/v2\/posts"}],"about":[{"href":"https:\/\/www.tgrthaber.com\/mavikadin\/wp-json\/wp\/v2\/types\/post"}],"author":[{"embeddable":true,"href":"https:\/\/www.tgrthaber.com\/mavikadin\/wp-json\/wp\/v2\/users\/26"}],"replies":[{"embeddable":true,"href":"https:\/\/www.tgrthaber.com\/mavikadin\/wp-json\/wp\/v2\/comments?post=139828"}],"version-history":[{"count":3,"href":"https:\/\/www.tgrthaber.com\/mavikadin\/wp-json\/wp\/v2\/posts\/139828\/revisions"}],"predecessor-version":[{"id":139836,"href":"https:\/\/www.tgrthaber.com\/mavikadin\/wp-json\/wp\/v2\/posts\/139828\/revisions\/139836"}],"wp:featuredmedia":[{"embeddable":true,"href":"https:\/\/www.tgrthaber.com\/mavikadin\/wp-json\/wp\/v2\/media\/139829"}],"wp:attachment":[{"href":"https:\/\/www.tgrthaber.com\/mavikadin\/wp-json\/wp\/v2\/media?parent=139828"}],"wp:term":[{"taxonomy":"category","embeddable":true,"href":"https:\/\/www.tgrthaber.com\/mavikadin\/wp-json\/wp\/v2\/categories?post=139828"},{"taxonomy":"post_tag","embeddable":true,"href":"https:\/\/www.tgrthaber.com\/mavikadin\/wp-json\/wp\/v2\/tags?post=139828"}],"curies":[{"name":"wp","href":"https:\/\/api.w.org\/{rel}","templated":true}]}}