{"id":139881,"date":"2025-02-28T14:50:25","date_gmt":"2025-02-28T11:50:25","guid":{"rendered":"https:\/\/www.tgrthaber.com\/mavikadin\/?p=139881"},"modified":"2025-02-28T14:50:24","modified_gmt":"2025-02-28T11:50:24","slug":"selena-gomez-nasil-zayifladi-eski-halinden-eser-kalmadi","status":"publish","type":"post","link":"https:\/\/www.tgrthaber.com\/mavikadin\/selena-gomez-nasil-zayifladi-eski-halinden-eser-kalmadi\/","title":{"rendered":"Selena Gomez nas\u0131l zay\u0131flad\u0131? Eski halinden eser kalmad\u0131"},"content":{"rendered":"<p>Selena Gomez&#8217;in son zamanlardaki belirgin kilo kayb\u0131, sosyal medya ve magazin d\u00fcnyas\u0131nda b\u00fcy\u00fck bir merak konusu oldu. \u00d6zellikle 2025 SAG \u00d6d\u00fclleri&#8217;nde daha ilk kez bir v\u00fccutla objektiflere yans\u0131yan \u00fcnl\u00fc \u015fark\u0131c\u0131, hayranlar\u0131n\u0131 \u015fa\u015f\u0131rt\u0131rken, bu de\u011fi\u015fimin arkas\u0131nda ne oldu\u011fu konusunda bir\u00e7ok spek\u00fclasyon ortaya \u00e7\u0131kt\u0131.<\/p>\n<h3>SELENA GOMEZ NASIL AYIFLADI?<\/h3>\n<p>Daily Mail&#8217;in haberine g\u00f6re baz\u0131 kaynaklar, Gomez&#8217;in yeni ince fizi\u011fine ula\u015fmak i\u00e7in kilo kayb\u0131na yard\u0131mc\u0131 oldu\u011fu bilinen diyabet ilac\u0131n\u0131 kullanm\u0131\u015f olabilece\u011fini iddia ediyor. Ancak bu spek\u00fclasyon do\u011frulanmad\u0131 ve d\u00f6n\u00fc\u015f\u00fcm\u00fcn\u00fcn arkas\u0131nda birden fazla fakt\u00f6r olabilir.<\/p>\n<p><img loading=\"lazy\" decoding=\"async\" class=\"alignnone wp-image-139885\" src=\"https:\/\/www.tgrthaber.com\/mavikadin\/wp-content\/uploads\/4-222.png\" alt=\"\" width=\"1208\" height=\"680\" title=\"\" srcset=\"https:\/\/www.tgrthaber.com\/mavikadin\/wp-content\/uploads\/4-222.png 1280w, https:\/\/www.tgrthaber.com\/mavikadin\/wp-content\/uploads\/4-222-300x169.png 300w, https:\/\/www.tgrthaber.com\/mavikadin\/wp-content\/uploads\/4-222-1024x576.png 1024w, https:\/\/www.tgrthaber.com\/mavikadin\/wp-content\/uploads\/4-222-768x432.png 768w\" sizes=\"(max-width: 1208px) 100vw, 1208px\" \/><\/p>\n<hr \/>\n<h3>SELENA&#8217;NIN SA\u011eLIK M\u00dcCADELELER\u0130: LUSUP VE SIBO<\/h3>\n<p>Selena ge\u00e7mi\u015fte sa\u011fl\u0131k sorunlar\u0131 konusunda a\u00e7\u0131kt\u0131. 2023&#8217;te TikTok&#8217;ta kilo dalgalanmalar\u0131n\u0131n esas olarak ald\u0131\u011f\u0131 lupus ilac\u0131ndan kaynakland\u0131\u011f\u0131n\u0131 a\u00e7\u0131klad\u0131. Bu tedavilerin \u00f6deme neden oldu\u011funu ve kilo al\u0131m\u0131na yol a\u00e7t\u0131\u011f\u0131n\u0131 ve bunlar\u0131 almay\u0131 b\u0131rakt\u0131\u011f\u0131nda v\u00fccudunun do\u011fal olarak zay\u0131flad\u0131\u011f\u0131n\u0131 a\u00e7\u0131klad\u0131.<\/p>\n<p>Dahas\u0131, 2024&#8217;te \u015fi\u015fkinli\u011fe, mide bulant\u0131s\u0131na ve hatta istemsiz kilo kayb\u0131na neden olabilen bir sindirim rahats\u0131zl\u0131\u011f\u0131 olan SIBO (\u0130nce Ba\u011f\u0131rsak Bakteriyel A\u015f\u0131r\u0131 B\u00fcy\u00fcmesi) ile m\u00fccadele etti\u011fini a\u00e7\u0131klad\u0131. Bu, de\u011fi\u015fen g\u00f6r\u00fcn\u00fcm\u00fcne katk\u0131da bulunan bir di\u011fer fakt\u00f6r olabilir.<\/p>\n<p><img loading=\"lazy\" decoding=\"async\" class=\"alignnone wp-image-139884\" src=\"https:\/\/www.tgrthaber.com\/mavikadin\/wp-content\/uploads\/3-277.png\" alt=\"\" width=\"1208\" height=\"680\" title=\"\" srcset=\"https:\/\/www.tgrthaber.com\/mavikadin\/wp-content\/uploads\/3-277.png 1280w, https:\/\/www.tgrthaber.com\/mavikadin\/wp-content\/uploads\/3-277-300x169.png 300w, https:\/\/www.tgrthaber.com\/mavikadin\/wp-content\/uploads\/3-277-1024x576.png 1024w, https:\/\/www.tgrthaber.com\/mavikadin\/wp-content\/uploads\/3-277-768x432.png 768w\" sizes=\"(max-width: 1208px) 100vw, 1208px\" \/><\/p>\n<hr \/>\n<h3>SELENA&#8217;NIN OLUMSUZ YORUMLARA TEPK\u0130S\u0130<\/h3>\n<p>\u015eark\u0131c\u0131, kilosuyla ilgili olumsuz yorumlara s\u00fcrekli olarak de\u011findi. Ge\u00e7mi\u015f r\u00f6portajlar\u0131nda, &#8220;\u0130nsanlar\u0131n benim \u00e7ok zay\u0131f bir v\u00fccudum olmad\u0131\u011f\u0131n\u0131 d\u00fc\u015f\u00fcnmelerini umursam\u0131yorum. Bu benim ve bundan memnunum.&#8221; dedi. Selena Gomez, kilosuyla ilgili devam eden olumsuzluklara ra\u011fmen g\u00fc\u00e7l\u00fc kalmaya devam etti.<\/p>\n<p><img loading=\"lazy\" decoding=\"async\" class=\"alignnone wp-image-139883\" src=\"https:\/\/www.tgrthaber.com\/mavikadin\/wp-content\/uploads\/2-275.png\" alt=\"\" width=\"1208\" height=\"680\" title=\"\" srcset=\"https:\/\/www.tgrthaber.com\/mavikadin\/wp-content\/uploads\/2-275.png 1280w, https:\/\/www.tgrthaber.com\/mavikadin\/wp-content\/uploads\/2-275-300x169.png 300w, https:\/\/www.tgrthaber.com\/mavikadin\/wp-content\/uploads\/2-275-1024x576.png 1024w, https:\/\/www.tgrthaber.com\/mavikadin\/wp-content\/uploads\/2-275-768x432.png 768w\" sizes=\"(max-width: 1208px) 100vw, 1208px\" \/><\/p>\n<hr \/>\n<h3>SELENA GOMEZ&#8217;\u0130N ZAYIFLAMASININ ARDINDAK\u0130 GER\u00c7EK SEBEP NE?<\/h3>\n<p>Bir\u00e7ok ki\u015fi Gomez&#8217;in kilo kayb\u0131n\u0131n belirli ila\u00e7lardan kaynakland\u0131\u011f\u0131n\u0131 tahmin etse de, ger\u00e7ek daha karma\u015f\u0131k g\u00f6r\u00fcn\u00fcyor. Lupus ve SIBO ile uzun m\u00fccadelesi, artan kilosunun birincil nedeni gibi g\u00f6r\u00fcn\u00fcyor. H\u0131zl\u0131 \u00e7\u00f6z\u00fcmlerden ziyade, d\u00f6n\u00fc\u015f\u00fcm\u00fc muhtemelen devam eden sa\u011fl\u0131k yolculu\u011funa ba\u011fl\u0131.<\/p>\n<p><img loading=\"lazy\" decoding=\"async\" class=\"alignnone wp-image-139886\" src=\"https:\/\/www.tgrthaber.com\/mavikadin\/wp-content\/uploads\/5-154.png\" alt=\"\" width=\"1208\" height=\"680\" title=\"\" srcset=\"https:\/\/www.tgrthaber.com\/mavikadin\/wp-content\/uploads\/5-154.png 1280w, https:\/\/www.tgrthaber.com\/mavikadin\/wp-content\/uploads\/5-154-300x169.png 300w, https:\/\/www.tgrthaber.com\/mavikadin\/wp-content\/uploads\/5-154-1024x576.png 1024w, https:\/\/www.tgrthaber.com\/mavikadin\/wp-content\/uploads\/5-154-768x432.png 768w\" sizes=\"(max-width: 1208px) 100vw, 1208px\" \/><\/p>\n<hr \/>\n<p>G\u00fcn\u00fcn sonunda, Selena Gomez, m\u00fccadeleleri hakk\u0131nda g\u00fcveni ve a\u00e7\u0131kl\u0131\u011f\u0131yla milyonlara ilham vermeye devam ediyor ve ger\u00e7ek g\u00fczelli\u011fin bir \u00f6l\u00e7ekte say\u0131lar\u0131n \u00f6tesinde oldu\u011funu kan\u0131tl\u0131yor.<\/p>\n","protected":false},"excerpt":{"rendered":"<p>Selena Gomez, sadece yetene\u011fiyle de\u011fil, ayn\u0131 zamanda s\u00fcrekli de\u011fi\u015fen g\u00f6r\u00fcn\u00fcm\u00fcyle de her zaman kamuoyunun g\u00f6z\u00fc \u00f6n\u00fcnde olmu\u015ftur. Son zamanlarda, hayranlar\u0131 ve medya kurulu\u015flar\u0131, onun bu kadar dramatik bir d\u00f6n\u00fc\u015f\u00fcm\u00fc nas\u0131l ba\u015fard\u0131\u011f\u0131 konusunda spek\u00fclasyon yaparak, g\u00f6zle g\u00f6r\u00fcl\u00fcr kilo kayb\u0131yla ilgili konu\u015fuyor. Baz\u0131lar\u0131 diyabet ve kilo kayb\u0131 i\u00e7in yayg\u0131n olarak re\u00e7ete edilen ila\u00e7lar\u0131 kulland\u0131\u011f\u0131na inan\u0131rken, di\u011ferleri iyi belgelenmi\u015f sa\u011fl\u0131k sorunlar\u0131na i\u015faret ediyor. Peki yeni g\u00f6r\u00fcn\u00fcm\u00fcn\u00fcn ard\u0131ndaki ger\u00e7ek hikaye nedir?<\/p>\n","protected":false},"author":28,"featured_media":139882,"comment_status":"closed","ping_status":"closed","sticky":false,"template":"","format":"standard","meta":{"rank_math_lock_modified_date":true,"footnotes":""},"categories":[76],"tags":[3756,12401,12402,12400],"class_list":["post-139881","post","type-post","status-publish","format-standard","has-post-thumbnail","hentry","category-magazin","tag-selena-gomez","tag-selena-gomez-hastaligi","tag-selena-gomez-kilosu","tag-selena-gomez-nasil-zayifladi"],"_links":{"self":[{"href":"https:\/\/www.tgrthaber.com\/mavikadin\/wp-json\/wp\/v2\/posts\/139881"}],"collection":[{"href":"https:\/\/www.tgrthaber.com\/mavikadin\/wp-json\/wp\/v2\/posts"}],"about":[{"href":"https:\/\/www.tgrthaber.com\/mavikadin\/wp-json\/wp\/v2\/types\/post"}],"author":[{"embeddable":true,"href":"https:\/\/www.tgrthaber.com\/mavikadin\/wp-json\/wp\/v2\/users\/28"}],"replies":[{"embeddable":true,"href":"https:\/\/www.tgrthaber.com\/mavikadin\/wp-json\/wp\/v2\/comments?post=139881"}],"version-history":[{"count":1,"href":"https:\/\/www.tgrthaber.com\/mavikadin\/wp-json\/wp\/v2\/posts\/139881\/revisions"}],"predecessor-version":[{"id":139887,"href":"https:\/\/www.tgrthaber.com\/mavikadin\/wp-json\/wp\/v2\/posts\/139881\/revisions\/139887"}],"wp:featuredmedia":[{"embeddable":true,"href":"https:\/\/www.tgrthaber.com\/mavikadin\/wp-json\/wp\/v2\/media\/139882"}],"wp:attachment":[{"href":"https:\/\/www.tgrthaber.com\/mavikadin\/wp-json\/wp\/v2\/media?parent=139881"}],"wp:term":[{"taxonomy":"category","embeddable":true,"href":"https:\/\/www.tgrthaber.com\/mavikadin\/wp-json\/wp\/v2\/categories?post=139881"},{"taxonomy":"post_tag","embeddable":true,"href":"https:\/\/www.tgrthaber.com\/mavikadin\/wp-json\/wp\/v2\/tags?post=139881"}],"curies":[{"name":"wp","href":"https:\/\/api.w.org\/{rel}","templated":true}]}}