{"id":139889,"date":"2025-02-28T15:07:28","date_gmt":"2025-02-28T12:07:28","guid":{"rendered":"https:\/\/www.tgrthaber.com\/mavikadin\/?p=139889"},"modified":"2025-02-28T15:08:52","modified_gmt":"2025-02-28T12:08:52","slug":"altin-cocuk-takma-isimli-yayinci-ahmet-sinci-kimdir-saatlik-kazanci-ne-kadar","status":"publish","type":"post","link":"https:\/\/www.tgrthaber.com\/mavikadin\/altin-cocuk-takma-isimli-yayinci-ahmet-sinci-kimdir-saatlik-kazanci-ne-kadar\/","title":{"rendered":"\u2018Alt\u0131n \u00e7ocuk\u2019 takma isimli yay\u0131nc\u0131 Ahmet Sinci kimdir? Saatlik kazanc\u0131 ne kadar?"},"content":{"rendered":"<p>Son zamanlar\u0131n en s\u0131k konu\u015fulan sosyal medya fenomeni \u201cAlt\u0131n \u00c7ocuk\u201d lakab\u0131yla tan\u0131nan Ahmet Sinci, g\u00fcndem olmaya devam ediyor. Yapt\u0131\u011f\u0131 yay\u0131nlar ve kat\u0131ld\u0131\u011f\u0131 programdaki a\u00e7\u0131klamalarla g\u00fcndeme gelen Ahmet Sinci\u2019nin kim oldu\u011fu merak ediliyor. TikTok ve Instagram\u2019daki canl\u0131 yay\u0131nlar\u0131yla geni\u015f bir kitleye ula\u015fan Sinci, k\u0131sa s\u00fcrede sosyal medyada fenomen haline geldi. Ad\u0131ndan s\u0131k\u00e7a s\u00f6z ettiren Ahmet Sinci\u2019nin ise kim oldu\u011fu merak edildi. Peki, \u2018Alt\u0131n \u00e7ocuk\u2019 takma isimli yay\u0131nc\u0131 Ahmet Sinci kimdir? Ahmet Sinci\u2019nin saatlik kazanc\u0131 ne kadar? Ahmet Sinci ka\u00e7 ya\u015f\u0131nda? Ahmet Sinci hakk\u0131nda merak edilenleri sizin i\u00e7in ara\u015ft\u0131rd\u0131k. \u0130\u015fte Ahmet Sinci hakk\u0131nda bilinmeyenler\u2026<\/p>\n<h3>ALTIN \u00c7OCUK LAKABLI AHMET S\u0130NC\u0130 K\u0130MD\u0130R?<\/h3>\n<p>Sosyal medyada \u201cAlt\u0131n \u00c7ocuk\u201d lakab\u0131yla tan\u0131nan Ahmet Sinci, 2004 y\u0131l\u0131nda Kilis\u2019te d\u00fcnyaya geldi. 12 ya\u015f\u0131na kadar Kilis\u2019te ya\u015fayan Sinci, 17 ya\u015f\u0131nda ailesi ile \u0130stanbul\u2019a ta\u015f\u0131nd\u0131. \u00c7ocukluk y\u0131llar\u0131 olduk\u00e7a zor ge\u00e7en Sinci, maddi s\u0131k\u0131nt\u0131lar i\u00e7erisinde b\u00fcy\u00fcd\u00fc.<\/p>\n<p><img loading=\"lazy\" decoding=\"async\" class=\"alignnone wp-image-139892\" src=\"https:\/\/www.tgrthaber.com\/mavikadin\/wp-content\/uploads\/Ahmet-Sinci-3-1024x576.jpg\" alt=\"\u2018Alt\u0131n \u00e7ocuk\u2019 takma isimli yay\u0131nc\u0131 Ahmet Sinci kimdir? \" width=\"1208\" height=\"680\" title=\"\" srcset=\"https:\/\/www.tgrthaber.com\/mavikadin\/wp-content\/uploads\/Ahmet-Sinci-3-1024x576.jpg 1024w, https:\/\/www.tgrthaber.com\/mavikadin\/wp-content\/uploads\/Ahmet-Sinci-3-300x169.jpg 300w, https:\/\/www.tgrthaber.com\/mavikadin\/wp-content\/uploads\/Ahmet-Sinci-3-768x432.jpg 768w, https:\/\/www.tgrthaber.com\/mavikadin\/wp-content\/uploads\/Ahmet-Sinci-3-1536x864.jpg 1536w, https:\/\/www.tgrthaber.com\/mavikadin\/wp-content\/uploads\/Ahmet-Sinci-3.jpg 1600w\" sizes=\"(max-width: 1208px) 100vw, 1208px\" \/><\/p>\n<hr \/>\n<p>Ahmet Sinci, ailesinin ge\u00e7im s\u0131k\u0131nt\u0131s\u0131 \u00e7ekmesinden dolay\u0131 erken ya\u015flarda \u00e7al\u0131\u015fmaya ba\u015flad\u0131. \u0130stanbul\u2019a ta\u015f\u0131nd\u0131ktan sonra sosyal medyada i\u00e7erik \u00fcretmeye ba\u015flayan Sinci, k\u0131sa s\u00fcrede geni\u015f bir takip\u00e7i kitlesine ula\u015ft\u0131. TikTok ve Instagram platformlar\u0131nda yapt\u0131\u011f\u0131 canl\u0131 yay\u0131nlarla pop\u00fcler olan Sinci, a\u00e7\u0131klamalar\u0131 ve e\u011flenceli ki\u015fili\u011fiyle dikkatleri \u00fczerine \u00e7ekti. Sosyal medyada ilgi \u00e7ekmek amac\u0131yla \u201cAlt\u0131n \u00c7ocuk\u201d lakab\u0131n\u0131 kullanan Sinci, tamamen fenomen olma amac\u0131yla bu takma ismi tercih etti.<\/p>\n<h3>AHMET S\u0130NC\u0130 KA\u00c7 YA\u015eINDA?<\/h3>\n<p>Sosyal medya hesaplar\u0131nda yapt\u0131\u011f\u0131 yay\u0131nlar ve konuk oldu\u011fu programlardaki a\u00e7\u0131klamalar\u0131yla dikkatleri \u00fczerine \u00e7eken Ahmet Sinci, 20 ya\u015f\u0131ndad\u0131r. Instagram\u2019da 174 bin takip\u00e7isi olan Sinci, daha \u00e7ok TikTok yay\u0131nlar\u0131yla g\u00fcndeme geliyor. Arkada\u015f \u00e7evresi nedeniyle okula \u00e7ok fazla gitmeyen ve e\u011fitimini ihmal eden Sinci, ilk d\u00f6vmesini 9 ya\u015f\u0131nda yapt\u0131rd\u0131.<\/p>\n<p><img loading=\"lazy\" decoding=\"async\" class=\"alignnone wp-image-139897\" src=\"https:\/\/www.tgrthaber.com\/mavikadin\/wp-content\/uploads\/Ahmet-Sinci-4-1024x576.jpg\" alt=\"\u2018Alt\u0131n \u00e7ocuk\u2019 takma isimli yay\u0131nc\u0131 Ahmet Sinci kimdir? \" width=\"1208\" height=\"680\" title=\"\" srcset=\"https:\/\/www.tgrthaber.com\/mavikadin\/wp-content\/uploads\/Ahmet-Sinci-4-1024x576.jpg 1024w, https:\/\/www.tgrthaber.com\/mavikadin\/wp-content\/uploads\/Ahmet-Sinci-4-300x169.jpg 300w, https:\/\/www.tgrthaber.com\/mavikadin\/wp-content\/uploads\/Ahmet-Sinci-4-768x432.jpg 768w, https:\/\/www.tgrthaber.com\/mavikadin\/wp-content\/uploads\/Ahmet-Sinci-4-1536x864.jpg 1536w, https:\/\/www.tgrthaber.com\/mavikadin\/wp-content\/uploads\/Ahmet-Sinci-4.jpg 1600w\" sizes=\"(max-width: 1208px) 100vw, 1208px\" \/><\/p>\n<hr \/>\n<p>\u0130stanbul\u2019a ta\u015f\u0131nd\u0131ktan sonra ailesiyle birlikte daha d\u00fczenli bir hayat kuran Ahmet Sinci, fenomen olma s\u00fcrecinde \u00e7e\u015fitli programlara kat\u0131larak ad\u0131n\u0131 duyurmay\u0131 ba\u015fard\u0131. Sinci, \u00f6zellikle de \u201cHayrettin ile Kaos Show\u201d program\u0131nda yapt\u0131\u011f\u0131 a\u00e7\u0131klamalarla dikkatleri \u00fczerine \u00e7ekiyor. Sosyal medya platformlar\u0131nda aktif olarak i\u00e7erik \u00fcretmeye devam eden Sinci, yapt\u0131\u011f\u0131 yay\u0131nlarla para kazan\u0131yor ve ge\u00e7imini bu \u015fekilde sa\u011fl\u0131yor.<\/p>\n<h3>AHMET S\u0130NC\u0130\u2019N\u0130N SAATL\u0130K KAZANCI NE KADAR?<\/h3>\n<p>TikTok platformunda kazand\u0131\u011f\u0131 paralar\u0131 a\u00e7\u0131klayarak g\u00fcndem olan Alt\u0131n \u00c7ocuk lakabl\u0131 Ahmet Sinci\u2019nin saatlik kazanc\u0131 merak ediliyor. K\u0131sa s\u00fcrede sosyal medyada fenomen olan Sinci, Testo Taylan\u2019\u0131n ev ziyareti program\u0131nda yapt\u0131\u011f\u0131 kazan\u00e7 a\u00e7\u0131klamalar\u0131yla g\u00fcndem olmu\u015ftu. Saatlik kazanc\u0131n\u0131 a\u00e7\u0131klayan Sinci, sosyal medyada \u00e7ok konu\u015fulmu\u015ftu.<\/p>\n<p><img loading=\"lazy\" decoding=\"async\" class=\"alignnone wp-image-139901\" src=\"https:\/\/www.tgrthaber.com\/mavikadin\/wp-content\/uploads\/Ahmet-Sinci-1-1024x576.jpg\" alt=\"\u2018Alt\u0131n \u00e7ocuk\u2019 takma isimli yay\u0131nc\u0131 Ahmet Sinci kimdir? \" width=\"1208\" height=\"680\" title=\"\" srcset=\"https:\/\/www.tgrthaber.com\/mavikadin\/wp-content\/uploads\/Ahmet-Sinci-1-1024x576.jpg 1024w, https:\/\/www.tgrthaber.com\/mavikadin\/wp-content\/uploads\/Ahmet-Sinci-1-300x169.jpg 300w, https:\/\/www.tgrthaber.com\/mavikadin\/wp-content\/uploads\/Ahmet-Sinci-1-768x432.jpg 768w, https:\/\/www.tgrthaber.com\/mavikadin\/wp-content\/uploads\/Ahmet-Sinci-1-1536x864.jpg 1536w, https:\/\/www.tgrthaber.com\/mavikadin\/wp-content\/uploads\/Ahmet-Sinci-1.jpg 1600w\" sizes=\"(max-width: 1208px) 100vw, 1208px\" \/><\/p>\n<hr \/>\n<p>Testo Taylan\u2019\u0131n ev ziyareti videosuna konuk olan Ahmet Sinci, TikTok\u2019ta 1,5 saatlik canl\u0131 yay\u0131nda 100 dolar kazand\u0131\u011f\u0131n\u0131 a\u00e7\u0131klam\u0131\u015ft\u0131. Yapt\u0131\u011f\u0131 kazan\u00e7 a\u00e7\u0131klamas\u0131yla g\u00fcndeme bomba gibi oturan Sinci\u2019nin canl\u0131 yay\u0131nlardan ve sponsor anla\u015fmalar\u0131ndan ayl\u0131k 3.000 dolar yani 105 bin TL kazand\u0131\u011f\u0131 iddia edildi.<\/p>\n","protected":false},"excerpt":{"rendered":"<p>Son zamanlarda sosyal medyada ad\u0131n\u0131 s\u0131k\u00e7a duydu\u011fumuz \u201cAlt\u0131n \u00e7ocuk\u201d lakab\u0131yla tan\u0131nan Ahmet Sinci\u2019nin kim oldu\u011fu merak ediliyor. Peki, \u2018Alt\u0131n \u00e7ocuk\u2019 takma isimli yay\u0131nc\u0131 Ahmet Sinci kimdir? Saatlik kazanc\u0131 ne kadar? \u0130\u015fte detaylar\u2026 <\/p>\n","protected":false},"author":26,"featured_media":139890,"comment_status":"closed","ping_status":"closed","sticky":false,"template":"","format":"standard","meta":{"rank_math_lock_modified_date":false,"footnotes":""},"categories":[491],"tags":[12404,12405,12407,12403,12406],"class_list":["post-139889","post","type-post","status-publish","format-standard","has-post-thumbnail","hentry","category-biyografi","tag-ahmet-sinci","tag-ahmet-sinci-kimdir","tag-ahmet-sinci-ne-kadar-kazaniyor","tag-altin-cocuk","tag-fenomen-ahmet-sinci"],"_links":{"self":[{"href":"https:\/\/www.tgrthaber.com\/mavikadin\/wp-json\/wp\/v2\/posts\/139889"}],"collection":[{"href":"https:\/\/www.tgrthaber.com\/mavikadin\/wp-json\/wp\/v2\/posts"}],"about":[{"href":"https:\/\/www.tgrthaber.com\/mavikadin\/wp-json\/wp\/v2\/types\/post"}],"author":[{"embeddable":true,"href":"https:\/\/www.tgrthaber.com\/mavikadin\/wp-json\/wp\/v2\/users\/26"}],"replies":[{"embeddable":true,"href":"https:\/\/www.tgrthaber.com\/mavikadin\/wp-json\/wp\/v2\/comments?post=139889"}],"version-history":[{"count":3,"href":"https:\/\/www.tgrthaber.com\/mavikadin\/wp-json\/wp\/v2\/posts\/139889\/revisions"}],"predecessor-version":[{"id":139902,"href":"https:\/\/www.tgrthaber.com\/mavikadin\/wp-json\/wp\/v2\/posts\/139889\/revisions\/139902"}],"wp:featuredmedia":[{"embeddable":true,"href":"https:\/\/www.tgrthaber.com\/mavikadin\/wp-json\/wp\/v2\/media\/139890"}],"wp:attachment":[{"href":"https:\/\/www.tgrthaber.com\/mavikadin\/wp-json\/wp\/v2\/media?parent=139889"}],"wp:term":[{"taxonomy":"category","embeddable":true,"href":"https:\/\/www.tgrthaber.com\/mavikadin\/wp-json\/wp\/v2\/categories?post=139889"},{"taxonomy":"post_tag","embeddable":true,"href":"https:\/\/www.tgrthaber.com\/mavikadin\/wp-json\/wp\/v2\/tags?post=139889"}],"curies":[{"name":"wp","href":"https:\/\/api.w.org\/{rel}","templated":true}]}}