{"id":139967,"date":"2025-02-28T17:29:18","date_gmt":"2025-02-28T14:29:18","guid":{"rendered":"https:\/\/www.tgrthaber.com\/mavikadin\/?p=139967"},"modified":"2025-02-28T17:29:18","modified_gmt":"2025-02-28T14:29:18","slug":"gonul-dagi-agitci-huseyin-kimdir-diziye-yeniden-devam-edecek-haberiyle-gundem-oldu","status":"publish","type":"post","link":"https:\/\/www.tgrthaber.com\/mavikadin\/gonul-dagi-agitci-huseyin-kimdir-diziye-yeniden-devam-edecek-haberiyle-gundem-oldu\/","title":{"rendered":"G\u00f6n\u00fcl Da\u011f\u0131 a\u011f\u0131t\u00e7\u0131 H\u00fcseyin kimdir? Diziye yeniden devam edecek haberiyle g\u00fcndem oldu"},"content":{"rendered":"<p>\u2018G\u00f6n\u00fcl Da\u011f\u0131 a\u011f\u0131t\u00e7\u0131 H\u00fcseyin kimdir?\u2019 ara\u015ft\u0131r\u0131l\u0131yor. G\u00f6n\u00fcl Da\u011f\u0131\u2019nda H\u00fcseyin karakteriyle dikkat \u00e7eken Erdal Cindoruk ge\u00e7ti\u011fimiz b\u00f6l\u00fcmlerde diziye veda etmi\u015fti. \u00dcnl\u00fc oyuncunun diziye yeniden devam edece\u011fi haberi dizinin fanlar\u0131n\u0131 sevindirdi.<\/p>\n<h3>G\u00d6N\u00dcL DA\u011eI A\u011eIT\u00c7I H\u00dcSEY\u0130N K\u0130MD\u0130R?<\/h3>\n<p>G\u00f6n\u00fcl Da\u011f\u0131 dizisinde 4 Ocak 2025\u2019te yay\u0131nlanan 160. B\u00f6l\u00fcmle birlikte diziye veda eden Erdal Cindoruk\u2019un yeniden diziye devam edece\u011fi haberi sosyal medyada g\u00fcndem oldu. G\u00f6n\u00fcl Da\u011f\u0131 a\u011f\u0131t\u00e7\u0131 H\u00fcseyin ismiyle bilinen oyuncu Erdal Cindoruk\u2019un diziye d\u00f6n\u00fcp d\u00f6nmeyece\u011fi merak konusuydu. Konuyla ilgili beklenen a\u00e7\u0131klama geldi.<\/p>\n<p><img loading=\"lazy\" decoding=\"async\" class=\"alignnone size-full wp-image-139971\" src=\"https:\/\/www.tgrthaber.com\/mavikadin\/wp-content\/uploads\/Erdal-Cindoruk-2.jpg\" alt=\"\" width=\"1208\" height=\"680\" title=\"\" srcset=\"https:\/\/www.tgrthaber.com\/mavikadin\/wp-content\/uploads\/Erdal-Cindoruk-2.jpg 1208w, https:\/\/www.tgrthaber.com\/mavikadin\/wp-content\/uploads\/Erdal-Cindoruk-2-300x169.jpg 300w, https:\/\/www.tgrthaber.com\/mavikadin\/wp-content\/uploads\/Erdal-Cindoruk-2-1024x576.jpg 1024w, https:\/\/www.tgrthaber.com\/mavikadin\/wp-content\/uploads\/Erdal-Cindoruk-2-768x432.jpg 768w\" sizes=\"(max-width: 1208px) 100vw, 1208px\" \/><\/p>\n<hr \/>\n<h3>G\u00d6N\u00dcL DA\u011eI A\u011eIT\u00c7I H\u00dcSEY\u0130N GER\u0130 M\u0130 D\u00d6N\u00dcYOR?<\/h3>\n<p>Erdal Cindoruk\u2019un 6. Sezon i\u00e7in G\u00f6n\u00fcl Da\u011f\u0131\u2019na geri d\u00f6nece\u011fi do\u011fruland\u0131. \u00dcnl\u00fc isim 172. B\u00f6l\u00fcmde A\u011f\u0131t\u00e7\u0131 H\u00fcseyin rol\u00fcyle diziye yeniden dahil olacak.<\/p>\n<h3>ERDAL C\u0130NDORUK K\u0130MD\u0130R?<\/h3>\n<p>T\u00fcrk tiyatrosu, sinemas\u0131 ve dizileriyle tan\u0131nan Erdal Cindoruk, 10 May\u0131s 1965 tarihinde Adana\u2019da d\u00fcnyaya geldi. Adana Belediyesi Konservatuvar\u0131 Tiyatro B\u00f6l\u00fcm\u00fc mezunu olan Cindoruk, bir\u00e7ok dizi, film ve tiyatroda oynad\u0131.<\/p>\n<p><img loading=\"lazy\" decoding=\"async\" class=\"alignnone size-full wp-image-139972\" src=\"https:\/\/www.tgrthaber.com\/mavikadin\/wp-content\/uploads\/Erdal-Cindoruk-3-1.jpg\" alt=\"\" width=\"1208\" height=\"680\" title=\"\" srcset=\"https:\/\/www.tgrthaber.com\/mavikadin\/wp-content\/uploads\/Erdal-Cindoruk-3-1.jpg 1208w, https:\/\/www.tgrthaber.com\/mavikadin\/wp-content\/uploads\/Erdal-Cindoruk-3-1-300x169.jpg 300w, https:\/\/www.tgrthaber.com\/mavikadin\/wp-content\/uploads\/Erdal-Cindoruk-3-1-1024x576.jpg 1024w, https:\/\/www.tgrthaber.com\/mavikadin\/wp-content\/uploads\/Erdal-Cindoruk-3-1-768x432.jpg 768w\" sizes=\"(max-width: 1208px) 100vw, 1208px\" \/><\/p>\n<hr \/>\n<p>G\u00f6n\u00fcl Da\u011f\u0131 dizisindeki H\u00fcseyin Kaya karakteriyle b\u00fcy\u00fck bir \u00e7\u0131k\u0131\u015f yakalayan Erdal Cindoruk ayr\u0131ca G\u00fcvercin, Sen Anlat Karadeniz, O Hayat Benim gibi dizilerdeki oyunculu\u011fuyla da dikkatleri \u00fczerine \u00e7ekmi\u015ftir.<\/p>\n<h3>ERDAL C\u0130NDORUK\u2019UN OYNADI\u011eI PROJELER<\/h3>\n<p>Erdal Cindoruk\u2019un oynad\u0131\u011f\u0131 diziler \u015fu \u015fekilde s\u0131ralanabilir: G\u00f6n\u00fcl Da\u011f\u0131 (2020-g\u00fcn\u00fcm\u00fcz), G\u00fcvercin (2019-2020), Sen Anlat Karadeniz (2018-2019), O Hayat Benim (2014-2017) gibi b\u00fcy\u00fck projeler yer almaktad\u0131r. Ayr\u0131ca Nefes: Yer Eksi \u0130ki (2023), Aile Aras\u0131nda (2017) ve Leblebi Tozu (2015).<\/p>\n<p><img loading=\"lazy\" decoding=\"async\" class=\"alignnone size-full wp-image-139973\" src=\"https:\/\/www.tgrthaber.com\/mavikadin\/wp-content\/uploads\/Erdal-Cindoruk-5.jpg\" alt=\"\" width=\"1208\" height=\"680\" title=\"\" srcset=\"https:\/\/www.tgrthaber.com\/mavikadin\/wp-content\/uploads\/Erdal-Cindoruk-5.jpg 1208w, https:\/\/www.tgrthaber.com\/mavikadin\/wp-content\/uploads\/Erdal-Cindoruk-5-300x169.jpg 300w, https:\/\/www.tgrthaber.com\/mavikadin\/wp-content\/uploads\/Erdal-Cindoruk-5-1024x576.jpg 1024w, https:\/\/www.tgrthaber.com\/mavikadin\/wp-content\/uploads\/Erdal-Cindoruk-5-768x432.jpg 768w\" sizes=\"(max-width: 1208px) 100vw, 1208px\" \/><\/p>\n<hr \/>\n<h3>ERDAL C\u0130NDORUK G\u00d6N\u00dcL DA\u011eI\u2019NA B\u00d6YLE VEDA ETM\u0130\u015eT\u0130<\/h3>\n<p>A\u011f\u0131t\u00e7\u0131 H\u00fcseyin yani Erdal Cindoruk G\u00f6n\u00fcl Da\u011f\u0131\u2019na \u015fu s\u00f6zleriyle veda etmi\u015fti:\u00a0 \u201cSevgili dostlar, G\u00f6n\u00fcl Da\u011f\u0131 dizisinde bu b\u00f6l\u00fcm itibar\u0131yla g\u00f6revim sona ermi\u015ftir\u201d<\/p>\n<p>Yapt\u0131\u011f\u0131 bu a\u00e7\u0131klamadan sonra dizinin hayranlar\u0131 b\u00fcy\u00fck bir \u00fcz\u00fcnt\u00fc ya\u015farken ard\u0131 ard\u0131na sorular sorulmaya ba\u015flanm\u0131\u015ft\u0131.<\/p>\n","protected":false},"excerpt":{"rendered":"<p>\u2018G\u00f6n\u00fcl Da\u011f\u0131 a\u011f\u0131t\u00e7\u0131 H\u00fcseyin kimdir?\u2019 merak konusu oldu. Ge\u00e7ti\u011fimiz b\u00f6l\u00fcmlerde G\u00f6n\u00fcl Da\u011f\u0131 dizisine veda eden \u00fcnl\u00fc ismin yeniden diziye dahil olaca\u011f\u0131 haberleri sosyal medyada g\u00fcndem oldu.<\/p>\n","protected":false},"author":5,"featured_media":139969,"comment_status":"closed","ping_status":"closed","sticky":false,"template":"","format":"standard","meta":{"rank_math_lock_modified_date":false,"footnotes":""},"categories":[491],"tags":[12418,2628,7116,3687],"class_list":["post-139967","post","type-post","status-publish","format-standard","has-post-thumbnail","hentry","category-biyografi","tag-agitci-huseyin","tag-dizi-haberleri","tag-erdal-cindoruk","tag-gonul-dagi"],"_links":{"self":[{"href":"https:\/\/www.tgrthaber.com\/mavikadin\/wp-json\/wp\/v2\/posts\/139967"}],"collection":[{"href":"https:\/\/www.tgrthaber.com\/mavikadin\/wp-json\/wp\/v2\/posts"}],"about":[{"href":"https:\/\/www.tgrthaber.com\/mavikadin\/wp-json\/wp\/v2\/types\/post"}],"author":[{"embeddable":true,"href":"https:\/\/www.tgrthaber.com\/mavikadin\/wp-json\/wp\/v2\/users\/5"}],"replies":[{"embeddable":true,"href":"https:\/\/www.tgrthaber.com\/mavikadin\/wp-json\/wp\/v2\/comments?post=139967"}],"version-history":[{"count":2,"href":"https:\/\/www.tgrthaber.com\/mavikadin\/wp-json\/wp\/v2\/posts\/139967\/revisions"}],"predecessor-version":[{"id":139976,"href":"https:\/\/www.tgrthaber.com\/mavikadin\/wp-json\/wp\/v2\/posts\/139967\/revisions\/139976"}],"wp:featuredmedia":[{"embeddable":true,"href":"https:\/\/www.tgrthaber.com\/mavikadin\/wp-json\/wp\/v2\/media\/139969"}],"wp:attachment":[{"href":"https:\/\/www.tgrthaber.com\/mavikadin\/wp-json\/wp\/v2\/media?parent=139967"}],"wp:term":[{"taxonomy":"category","embeddable":true,"href":"https:\/\/www.tgrthaber.com\/mavikadin\/wp-json\/wp\/v2\/categories?post=139967"},{"taxonomy":"post_tag","embeddable":true,"href":"https:\/\/www.tgrthaber.com\/mavikadin\/wp-json\/wp\/v2\/tags?post=139967"}],"curies":[{"name":"wp","href":"https:\/\/api.w.org\/{rel}","templated":true}]}}