{"id":140057,"date":"2025-02-28T23:02:44","date_gmt":"2025-02-28T20:02:44","guid":{"rendered":"https:\/\/www.tgrthaber.com\/mavikadin\/?p=140057"},"modified":"2025-02-28T23:02:44","modified_gmt":"2025-02-28T20:02:44","slug":"gelin-dizisi-oyunculari-kanal-7nin-otuzuncu-yil-kutlamasinda","status":"publish","type":"post","link":"https:\/\/www.tgrthaber.com\/mavikadin\/gelin-dizisi-oyunculari-kanal-7nin-otuzuncu-yil-kutlamasinda\/","title":{"rendered":"Gelin dizisi oyuncular\u0131 Kanal 7\u2019nin otuzuncu y\u0131l kutlamas\u0131nda!"},"content":{"rendered":"<p>G\u00fcnl\u00fck dizileri ile me\u015fhur olan Kanal 7, 30. Y\u0131l\u0131n\u0131 kutlad\u0131. 4 Temmuz 1994 y\u0131l\u0131nda yay\u0131n hayat\u0131na ba\u015flayan Kanal 7 Medya Grubu 30. y\u0131l\u0131n\u0131 Hali\u00e7 Kongre Merkezi\u2019nde kutlad\u0131. \u00dclke TV ve Kanal 7 ortak yay\u0131n\u0131 ile ekrana gelecek olan kutlama izlemek isteyen seyircilere naklen yay\u0131nlanacak. Bu kutlama gecesinde Kanal 7\u2019nin dizi oyuncular\u0131 ise programa kat\u0131lan ki\u015filerden oldular.<\/p>\n<h3><strong>KANAL 7\u2019N\u0130N OTUZUNCU YIL KUTLAMASI<\/strong><\/h3>\n<p>G\u00fcnl\u00fck dizileri ile izleyiciyi ekrana s\u00fcr\u00fckleyen Kanal 7 30. y\u0131l\u0131n\u0131 bir program ile kutlad\u0131. 1994 y\u0131l\u0131nda yay\u0131n hayat\u0131na ba\u015flayan kanal, y\u00fcksek kat\u0131l\u0131m ile kutlama yapt\u0131. Bu \u00f6zel gece de say\u0131s\u0131z \u00fcnl\u00fc ismin kat\u0131l\u0131m\u0131 sosyal medyada dikkat \u00e7ekti. Kanal\u0131n yetkilileri d\u0131\u015f\u0131nda dizilerinin oyuncular\u0131 da kutlama gecesinde bir araya geldi. Gelin, Esaret, Emanet, Kan \u00c7i\u00e7ekleri ve Yemin gibi g\u00fcnl\u00fck dizileri ile takip edilen kanal\u0131n bu \u00f6zel gecesinde Gelin dizisi ba\u015frolleri dikkat \u00e7ekti.<\/p>\n<p><img loading=\"lazy\" decoding=\"async\" class=\"alignnone wp-image-140087\" src=\"https:\/\/www.tgrthaber.com\/mavikadin\/wp-content\/uploads\/gelin-dizi-2-1024x576.jpg\" alt=\"gelin dizi \" width=\"1208\" height=\"680\" title=\"\" srcset=\"https:\/\/www.tgrthaber.com\/mavikadin\/wp-content\/uploads\/gelin-dizi-2-1024x576.jpg 1024w, https:\/\/www.tgrthaber.com\/mavikadin\/wp-content\/uploads\/gelin-dizi-2-300x169.jpg 300w, https:\/\/www.tgrthaber.com\/mavikadin\/wp-content\/uploads\/gelin-dizi-2-768x432.jpg 768w, https:\/\/www.tgrthaber.com\/mavikadin\/wp-content\/uploads\/gelin-dizi-2-1536x864.jpg 1536w, https:\/\/www.tgrthaber.com\/mavikadin\/wp-content\/uploads\/gelin-dizi-2.jpg 1600w\" sizes=\"(max-width: 1208px) 100vw, 1208px\" \/><\/p>\n<hr \/>\n<h3><strong>GEL\u0130N D\u0130Z\u0130S\u0130 OYUNCULARI KUTLAMA GECES\u0130NDE<\/strong><\/h3>\n<p>B\u00fcy\u00fck b\u00fct\u00e7eli dizileri kadar reyting alan Gelin dizisinin ba\u015frol oyuncular\u0131 Talya \u00c7elebi ve Cenay T\u00fcrksever ekran y\u00fcz\u00fc olduklar\u0131 Kanal 7\u2019nin 30. y\u0131l kutlamas\u0131na kat\u0131ld\u0131. Kanal 7 ekranlar\u0131nda merakla izlenen gelin dizisi, hafta i\u00e7i seyircisi ile bulu\u015fuyor. A\u015fklar\u0131 u\u011fruna hayallerinden vazge\u00e7en iki gencin dokunakl\u0131 hikayesi ekranlara yans\u0131yor. Ba\u015far\u0131l\u0131 oyuncu kadrosu ve etkileyici kadrosu ile dikkatleri \u00fczerine \u00e7ekmeye devam ediyor. Dizide Han\u00e7er ve Cihan\u2019\u0131n ya\u015fad\u0131\u011f\u0131 karma\u015f\u0131k ve kaos dolu hik\u00e2ye izleyenlere aktar\u0131l\u0131yor.<\/p>\n<p>&nbsp;<\/p>\n<p><img loading=\"lazy\" decoding=\"async\" class=\"alignnone wp-image-140096\" src=\"https:\/\/www.tgrthaber.com\/mavikadin\/wp-content\/uploads\/haber-gorselleri-fotoshop-21-1-1024x576.jpg\" alt=\"gelin dizi \" width=\"1208\" height=\"680\" title=\"\" srcset=\"https:\/\/www.tgrthaber.com\/mavikadin\/wp-content\/uploads\/haber-gorselleri-fotoshop-21-1-1024x576.jpg 1024w, https:\/\/www.tgrthaber.com\/mavikadin\/wp-content\/uploads\/haber-gorselleri-fotoshop-21-1-300x169.jpg 300w, https:\/\/www.tgrthaber.com\/mavikadin\/wp-content\/uploads\/haber-gorselleri-fotoshop-21-1-768x432.jpg 768w, https:\/\/www.tgrthaber.com\/mavikadin\/wp-content\/uploads\/haber-gorselleri-fotoshop-21-1-1536x864.jpg 1536w, https:\/\/www.tgrthaber.com\/mavikadin\/wp-content\/uploads\/haber-gorselleri-fotoshop-21-1.jpg 1600w\" sizes=\"(max-width: 1208px) 100vw, 1208px\" \/><\/p>\n<hr \/>\n<p>Develio\u011flu ailesinin soyunun devam\u0131 i\u00e7in Cihan\u2019\u0131n bir erkek \u00e7ocu\u011fu sahibi olmas\u0131 gerekmekte oluyor. E\u015fi Beyza ile \u00e7ocuk sahibi olamayan Cihan, annesi taraf\u0131ndan ac\u0131mas\u0131zca oynana bir oyunun i\u00e7inde buluyor. Cihan\u2019\u0131n annesi Mukadder, Han\u00e7er ile Cihan\u2019\u0131 evlendiriyor. Bu evlili\u011fi kabul etmeyen Han\u00e7er, abisinin hastal\u0131\u011f\u0131 sebebiyle evlenmek zorunda kal\u0131yor. Bu iki gen\u00e7 evlilikle birlikte hayatlar\u0131n\u0131n de\u011fi\u015fimi izleyiciye sunuluyor. B\u00fcy\u00fck bir oyunun i\u00e7ine \u00e7ekilen gen\u00e7ler, a\u015fklar\u0131n\u0131n etkisine mi kap\u0131lacak yoksa planlanan oyunlar\u0131n kurban\u0131 m\u0131 olacak? sorular\u0131n cevaplar\u0131 izleyiciye veriliyor.<\/p>\n","protected":false},"excerpt":{"rendered":"<p>G\u00fcnl\u00fck dizileri ile me\u015fhur olan Kanal 7, 30. Y\u0131l\u0131n\u0131 kutlad\u0131. 4 Temmuz 1994 y\u0131l\u0131nda yay\u0131n hayat\u0131na ba\u015flayan Kanal 7 Medya Grubu 30. y\u0131l\u0131n\u0131 Hali\u00e7 Kongre Merkezi\u2019nde kutlad\u0131. \u00dclke TV ve Kanal 7 ortak yay\u0131n\u0131 ile ekrana gelecek olan kutlama izlemek isteyen seyircilere naklen yay\u0131nlanacak. Bu kutlama gecesinde Kanal 7\u2019nin dizi oyuncular\u0131 ise programa kat\u0131lan ki\u015filerden oldular.<\/p>\n","protected":false},"author":34,"featured_media":140086,"comment_status":"closed","ping_status":"closed","sticky":false,"template":"","format":"standard","meta":{"rank_math_lock_modified_date":false,"footnotes":""},"categories":[602],"tags":[10182,7060,2548],"class_list":["post-140057","post","type-post","status-publish","format-standard","has-post-thumbnail","hentry","category-diziler","tag-gelin-dizi","tag-gelin-dizisi-oyunculari","tag-kanal-7"],"_links":{"self":[{"href":"https:\/\/www.tgrthaber.com\/mavikadin\/wp-json\/wp\/v2\/posts\/140057"}],"collection":[{"href":"https:\/\/www.tgrthaber.com\/mavikadin\/wp-json\/wp\/v2\/posts"}],"about":[{"href":"https:\/\/www.tgrthaber.com\/mavikadin\/wp-json\/wp\/v2\/types\/post"}],"author":[{"embeddable":true,"href":"https:\/\/www.tgrthaber.com\/mavikadin\/wp-json\/wp\/v2\/users\/34"}],"replies":[{"embeddable":true,"href":"https:\/\/www.tgrthaber.com\/mavikadin\/wp-json\/wp\/v2\/comments?post=140057"}],"version-history":[{"count":2,"href":"https:\/\/www.tgrthaber.com\/mavikadin\/wp-json\/wp\/v2\/posts\/140057\/revisions"}],"predecessor-version":[{"id":140098,"href":"https:\/\/www.tgrthaber.com\/mavikadin\/wp-json\/wp\/v2\/posts\/140057\/revisions\/140098"}],"wp:featuredmedia":[{"embeddable":true,"href":"https:\/\/www.tgrthaber.com\/mavikadin\/wp-json\/wp\/v2\/media\/140086"}],"wp:attachment":[{"href":"https:\/\/www.tgrthaber.com\/mavikadin\/wp-json\/wp\/v2\/media?parent=140057"}],"wp:term":[{"taxonomy":"category","embeddable":true,"href":"https:\/\/www.tgrthaber.com\/mavikadin\/wp-json\/wp\/v2\/categories?post=140057"},{"taxonomy":"post_tag","embeddable":true,"href":"https:\/\/www.tgrthaber.com\/mavikadin\/wp-json\/wp\/v2\/tags?post=140057"}],"curies":[{"name":"wp","href":"https:\/\/api.w.org\/{rel}","templated":true}]}}