{"id":140058,"date":"2025-02-28T22:56:40","date_gmt":"2025-02-28T19:56:40","guid":{"rendered":"https:\/\/www.tgrthaber.com\/mavikadin\/?p=140058"},"modified":"2025-02-28T22:58:41","modified_gmt":"2025-02-28T19:58:41","slug":"ruzgarli-tepenin-yildizlari-gokberk-yildirim-ve-cemre-arda-kanal-7nin-30-yil-kutlamasina-katildi","status":"publish","type":"post","link":"https:\/\/www.tgrthaber.com\/mavikadin\/ruzgarli-tepenin-yildizlari-gokberk-yildirim-ve-cemre-arda-kanal-7nin-30-yil-kutlamasina-katildi\/","title":{"rendered":"R\u00fczgarl\u0131 Tepe\u2019nin y\u0131ld\u0131zlar\u0131 G\u00f6kberk Y\u0131ld\u0131r\u0131m ve Cemre Arda, Kanal 7\u2019nin 30. y\u0131l kutlamas\u0131na kat\u0131ld\u0131!"},"content":{"rendered":"<p class=\"p1\">Ba\u015frollerini payla\u015ft\u0131klar\u0131 R\u00fczgarl\u0131 Tepe dizisiyle geni\u015f bir hayran kitlesine ula\u015fan G\u00f6kberk Y\u0131ld\u0131r\u0131m ve Cemre Arda, bu ak\u015fam Kanal 7\u2019nin 30. y\u0131l kutlamas\u0131 i\u00e7in Hali\u00e7 Kongre Merkezi\u2019nde d\u00fczenlenen \u00f6zel davete kat\u0131ld\u0131. Etkinlik boyunca zarafetleri ve \u015f\u0131k tarzlar\u0131yla dikkat \u00e7eken ikili, geceye kat\u0131lan konuklar\u0131n ve bas\u0131n mensuplar\u0131n\u0131n ilgisini toplad\u0131.Verdikleri pozlarla b\u00fcy\u00fck be\u011feni kazanan Y\u0131ld\u0131r\u0131m ve Arda, hem uyumlar\u0131 hem de do\u011fal enerjileriyle geceye damga vurdu.<\/p>\n<h3 class=\"p1\"><b>R\u00dcZGARLI TEPE YILDIZLARI G\u00d6KBERK YILDIRIM VE CEMRE ARDA KANAL 7&#8217;N\u0130N 30.YIL KUTLAMASINDA!<\/b><\/h3>\n<p class=\"p1\">R\u00fczgarl\u0131 Tepe, Kanal 7\u2019nin en sevilen yap\u0131mlar\u0131 aras\u0131nda yer al\u0131rken, dizinin ba\u015frol oyuncular\u0131 G\u00f6kberk Y\u0131ld\u0131r\u0131m ve Cemre Arda\u2019n\u0131n geceye kat\u0131lmas\u0131 etkinlikte b\u00fcy\u00fck bir heyecana neden oldu. Sosyal medyada da yank\u0131 bulan Kanal 7&#8217;nin 30.y\u0131l kutlamas\u0131nda R\u00fczgarl\u0131 Tepe&#8217;nin sevilen oyuncular\u0131 hakk\u0131nda bir\u00e7ok olumlu yorum yap\u0131ld\u0131. Televizyon d\u00fcnyas\u0131n\u0131n \u00f6nemli isimlerini bir araya getiren etkinlikte, G\u00f6kberk Y\u0131ld\u0131r\u0131m ve Cemre Arda asil duru\u015flar\u0131 ve \u015f\u0131k tercihleriyle de\u00a0 b\u00fcy\u00fck be\u011feni toplad\u0131.<\/p>\n<p><img loading=\"lazy\" decoding=\"async\" class=\"alignnone wp-image-140082 \" src=\"https:\/\/www.tgrthaber.com\/mavikadin\/wp-content\/uploads\/Ekran-Resmi-2025-02-28-22.46.31-807x1024.png\" alt=\"\" width=\"984\" height=\"1251\" title=\"\"><\/p>\n<hr \/>\n<h3 class=\"p1\">T\u00dcM G\u00d6ZLER \u00dcZERLER\u0130NDEYD\u0130<\/h3>\n<p class=\"p1\">T\u00fcm davetlilerin ilgi oda\u011f\u0131 olan Y\u0131ld\u0131r\u0131m ve Arda, etkinlik boyunca s\u0131cak ve samimi tav\u0131rlar\u0131yla be\u011feni toplad\u0131.\u00a0 Kanal 7\u2019nin \u00f6zel gecesine damga vuran oyuncular, gece boyunca kameralar kar\u015f\u0131s\u0131nda poz vermeyi ihmal etmedi.<\/p>\n<p><img loading=\"lazy\" decoding=\"async\" class=\"alignnone wp-image-140083 \" src=\"https:\/\/www.tgrthaber.com\/mavikadin\/wp-content\/uploads\/Ekran-Resmi-2025-02-28-22.46.45-797x1024.png\" alt=\"\" width=\"989\" height=\"1273\" title=\"\"><\/p>\n<hr \/>\n<h3>R\u00dcZGARLI TEPE G\u00d6KBERK YILDIRIM K\u0130MD\u0130R?<\/h3>\n<p class=\"p1\">20 Aral\u0131k 1991 do\u011fumlu olan G\u00f6kberk Y\u0131ld\u0131r\u0131m, Ankara\u2019da do\u011fup b\u00fcy\u00fcm\u00fc\u015f, lise e\u011fitimini tamamlad\u0131ktan sonra oyunculu\u011fa y\u00f6nelmi\u015f bir isimdir. Sahne sanatlar\u0131na olan ilgisiyle profesyonel oyunculuk dersleri alan ve kendini bu alanda geli\u015ftiren Y\u0131ld\u0131r\u0131m, 183 cm boyunda ve 78 kg a\u011f\u0131rl\u0131\u011f\u0131nda. G\u00f6kberk Y\u0131ld\u0131r\u0131m ekranlarda dikkat \u00e7eken fizi\u011fi ve karizmatik duru\u015fuyla b\u00fcy\u00fck bir hayran kitlesine ula\u015fm\u0131\u015f oyunculardan biri.<span class=\"Apple-converted-space\">\u00a0 <\/span>Oyunculuk e\u011fitimlerini tamamlad\u0131ktan sonra ilk deneyimini Beni Affet dizisinde ya\u015fayan yak\u0131\u015f\u0131kl\u0131 oyuncu, burada Murat Kozan karakterini oynayarak izleyiciler taraf\u0131ndan tan\u0131nmaya ba\u015flad\u0131. \u015eu an R\u00fczgarl\u0131 Tepe dizisinde Halil karakteriyle seyirci kar\u015f\u0131s\u0131na \u00e7\u0131kan oyuncu, yetenekli performans\u0131yla ad\u0131ndan s\u00f6z ettirmeye devam ediyor.<\/p>\n<p><img loading=\"lazy\" decoding=\"async\" class=\"alignnone wp-image-140084 \" src=\"https:\/\/www.tgrthaber.com\/mavikadin\/wp-content\/uploads\/Ekran-Resmi-2025-02-28-22.49.31.png\" alt=\"\" width=\"997\" height=\"647\" title=\"\" srcset=\"https:\/\/www.tgrthaber.com\/mavikadin\/wp-content\/uploads\/Ekran-Resmi-2025-02-28-22.49.31.png 826w, https:\/\/www.tgrthaber.com\/mavikadin\/wp-content\/uploads\/Ekran-Resmi-2025-02-28-22.49.31-300x195.png 300w, https:\/\/www.tgrthaber.com\/mavikadin\/wp-content\/uploads\/Ekran-Resmi-2025-02-28-22.49.31-768x498.png 768w\" sizes=\"(max-width: 997px) 100vw, 997px\" \/><\/p>\n<hr \/>\n<h3>R\u00dcZGARLI TEPE CEMRE ARDA K\u0130MD\u0130R?<\/h3>\n<p>Denizli\u2019de 17 Nisan 2002 tarihinde d\u00fcnyaya gelen Cemre Arda, sanatla i\u00e7 i\u00e7e b\u00fcy\u00fcyen gen\u00e7 yeteneklerden biri. Babas\u0131 pazarlama alan\u0131nda \u00e7al\u0131\u015f\u0131rken, annesi ise direksiyon e\u011fitmenli\u011fi yap\u0131yor. K\u00fc\u00e7\u00fck ya\u015flardan itibaren sanata ilgi duyan Arda, e\u011fitim hayat\u0131n\u0131 bu y\u00f6nde \u015fekillendirerek Mimar Sinan \u00dcniversitesi G\u00fczel Sanatlar Lisesi\u2019nden mezun oldu.<\/p>\n<p><img loading=\"lazy\" decoding=\"async\" class=\"alignnone wp-image-140085 \" src=\"https:\/\/www.tgrthaber.com\/mavikadin\/wp-content\/uploads\/Ekran-Resmi-2025-02-28-22.50.39.png\" alt=\"\" width=\"987\" height=\"1472\" title=\"\" srcset=\"https:\/\/www.tgrthaber.com\/mavikadin\/wp-content\/uploads\/Ekran-Resmi-2025-02-28-22.50.39.png 612w, https:\/\/www.tgrthaber.com\/mavikadin\/wp-content\/uploads\/Ekran-Resmi-2025-02-28-22.50.39-201x300.png 201w\" sizes=\"(max-width: 987px) 100vw, 987px\" \/><\/p>\n<hr \/>\n<p>\u00dcniversite e\u011fitimi i\u00e7in End\u00fcstriyel Tasar\u0131m b\u00f6l\u00fcm\u00fcne kabul edildi ve 2021 y\u0131l\u0131nda \u0130stanbul\u2019a ta\u015f\u0131nd\u0131. \u0130stanbul\u2019a geldikten sonra film yap\u0131mc\u0131s\u0131 Sevda Kayg\u0131s\u0131z taraf\u0131ndan ke\u015ffedilen Cemre Arda, yetenekleriyle dikkat \u00e7ekti. Sahneye olan ilgisini fark eden Arda, Servet Aksoy\u2019dan birebir oyunculuk dersleri alarak profesyonel kariyerine sa\u011flam bir temel att\u0131.<\/p>\n<p>&nbsp;<\/p>\n<p>&nbsp;<\/p>\n","protected":false},"excerpt":{"rendered":"<p>Sevilen dizi R\u00fczgarl\u0131 Tepe\u2019nin ba\u015frol oyuncular\u0131 G\u00f6kberk Y\u0131ld\u0131r\u0131m ve Cemre Arda, bu ak\u015fam Kanal 7\u2019nin 30. y\u0131l kutlamas\u0131 i\u00e7in Hali\u00e7 Kongre Merkezi\u2019nde d\u00fczenlenen \u00f6zel geceye kat\u0131ld\u0131. \u015e\u0131k ve zarif g\u00f6r\u00fcn\u00fcmleriyle dikkat \u00e7eken ikili, gece boyunca g\u00f6zleri \u00fczerlerine toplad\u0131.<\/p>\n","protected":false},"author":16,"featured_media":140088,"comment_status":"closed","ping_status":"closed","sticky":false,"template":"","format":"standard","meta":{"rank_math_lock_modified_date":false,"footnotes":""},"categories":[76],"tags":[12458,12459],"class_list":["post-140058","post","type-post","status-publish","format-standard","has-post-thumbnail","hentry","category-magazin","tag-ruzgarli-tepe-cemre-arda-kanal-7-kutlama","tag-ruzgarli-tepe-gokberk-yildirim-kanal-7-kutlama"],"_links":{"self":[{"href":"https:\/\/www.tgrthaber.com\/mavikadin\/wp-json\/wp\/v2\/posts\/140058"}],"collection":[{"href":"https:\/\/www.tgrthaber.com\/mavikadin\/wp-json\/wp\/v2\/posts"}],"about":[{"href":"https:\/\/www.tgrthaber.com\/mavikadin\/wp-json\/wp\/v2\/types\/post"}],"author":[{"embeddable":true,"href":"https:\/\/www.tgrthaber.com\/mavikadin\/wp-json\/wp\/v2\/users\/16"}],"replies":[{"embeddable":true,"href":"https:\/\/www.tgrthaber.com\/mavikadin\/wp-json\/wp\/v2\/comments?post=140058"}],"version-history":[{"count":3,"href":"https:\/\/www.tgrthaber.com\/mavikadin\/wp-json\/wp\/v2\/posts\/140058\/revisions"}],"predecessor-version":[{"id":140093,"href":"https:\/\/www.tgrthaber.com\/mavikadin\/wp-json\/wp\/v2\/posts\/140058\/revisions\/140093"}],"wp:featuredmedia":[{"embeddable":true,"href":"https:\/\/www.tgrthaber.com\/mavikadin\/wp-json\/wp\/v2\/media\/140088"}],"wp:attachment":[{"href":"https:\/\/www.tgrthaber.com\/mavikadin\/wp-json\/wp\/v2\/media?parent=140058"}],"wp:term":[{"taxonomy":"category","embeddable":true,"href":"https:\/\/www.tgrthaber.com\/mavikadin\/wp-json\/wp\/v2\/categories?post=140058"},{"taxonomy":"post_tag","embeddable":true,"href":"https:\/\/www.tgrthaber.com\/mavikadin\/wp-json\/wp\/v2\/tags?post=140058"}],"curies":[{"name":"wp","href":"https:\/\/api.w.org\/{rel}","templated":true}]}}