{"id":140091,"date":"2025-02-28T23:19:11","date_gmt":"2025-02-28T20:19:11","guid":{"rendered":"https:\/\/www.tgrthaber.com\/mavikadin\/?p=140091"},"modified":"2025-02-28T23:20:39","modified_gmt":"2025-02-28T20:20:39","slug":"paylasimiyla-herkesi-sasirtti-tugba-ozaydan-gelinlikli-paylasim","status":"publish","type":"post","link":"https:\/\/www.tgrthaber.com\/mavikadin\/paylasimiyla-herkesi-sasirtti-tugba-ozaydan-gelinlikli-paylasim\/","title":{"rendered":"Tu\u011fba \u00d6zay&#8217;\u0131n vitrin mankenine sar\u0131larak verdi\u011fi gelinlikli pozu olay oldu!"},"content":{"rendered":"<p>Ge\u00e7ti\u011fimiz g\u00fcnlerde magazin g\u00fcndeminde kendinden &#8216;Alfa kad\u0131n&#8217; olarak bahsetmesi \u00fczerine g\u00fcndeme damga vuran Tu\u011fba \u00d6zay, yapt\u0131\u011f\u0131 a\u00e7\u0131klamalarla kendini \u00f6ve \u00f6ve bitirememi\u015fti.<\/p>\n<p>Kendini &#8216;Alfa Kad\u0131n&#8217; \u015feklinde ilan eden \u00fcnl\u00fc model Tu\u011fba \u00d6zay, a\u00e7\u0131klamas\u0131nda \u201cAlfalar, yaln\u0131z kalmaktan korkmaz, kad\u0131n-erkek herkesi etkisi alt\u0131na alabilecek g\u00fc\u00e7tedir. \u00c7ok \u00e7al\u0131\u015fmay\u0131 ve \u00fcretmeyi sever, pes etmez, zeka seviyeleri y\u00fcksektir. Sevgisini ger\u00e7ekten hak eden birini arar. Ko\u015fulsuz ve \u00e7\u0131kars\u0131z sever. A\u015f\u0131k oldu\u011fu ki\u015fi i\u00e7in sava\u015fmaktan korkmaz.&#8221; ifadelerine yer vermi\u015fti.<\/p>\n<h3>\u00dcNL\u00dc MODEL TU\u011eBA \u00d6ZAY SOSYAL MEDYA PAYLA\u015eIMIYLA \u015eA\u015eIRTTI!<\/h3>\n<p>Y\u00fcksek takip\u00e7i say\u0131s\u0131na sahip olan ve olduk\u00e7a aktif bir \u015fekilde kulland\u0131\u011f\u0131 Instagram hesab\u0131ndan payla\u015f\u0131mda bulunan model Tu\u011fba \u00d6zay, \u00fczerindeki gelinlikli hali ile takip\u00e7ilerini \u015fa\u015f\u0131rtt\u0131. Gelinlik giymesinden ziyade yay\u0131nlad\u0131\u011f\u0131 kare ile daha \u00e7ok dikkat \u00e7eken \u00d6zay&#8217;\u0131n bu payla\u015f\u0131m\u0131 sosyal medyada olay oldu.<\/p>\n<p><img loading=\"lazy\" decoding=\"async\" class=\"alignnone wp-image-140101\" src=\"https:\/\/www.tgrthaber.com\/mavikadin\/wp-content\/uploads\/ds-2.png\" alt=\"\" width=\"1208\" height=\"661\" title=\"\" srcset=\"https:\/\/www.tgrthaber.com\/mavikadin\/wp-content\/uploads\/ds-2.png 771w, https:\/\/www.tgrthaber.com\/mavikadin\/wp-content\/uploads\/ds-2-300x164.png 300w, https:\/\/www.tgrthaber.com\/mavikadin\/wp-content\/uploads\/ds-2-768x420.png 768w\" sizes=\"(max-width: 1208px) 100vw, 1208px\" \/><\/p>\n<hr \/>\n<p>Kendini &#8216;Alfa kad\u0131n&#8217; olarak tasvir eden 47 ya\u015f\u0131ndaki \u00fcnl\u00fc model Tu\u011fba \u00d6zay, gelinlik giyip manken vitrinine sar\u0131larak enteresan bir payla\u015f\u0131mda bulundu.<\/p>\n<p>Payla\u015f\u0131m\u0131n\u0131n alt\u0131na \u201cArad\u0131\u011f\u0131m a\u015fk\u0131 buldum\u201d diyerek ironi yapan Tu\u011fba \u00d6zay&#8217;\u0131n bu g\u00f6nderisi sosyal medya kullan\u0131c\u0131lar\u0131n \u00e7e\u015fitli yorumlar\u0131na neden oldu.<\/p>\n<h3>MODEL TU\u011eBA \u00d6ZAY KISACA K\u0130MD\u0130R?<\/h3>\n<p>10 \u015eubat 1978 tarihinde d\u00fcnyaya g\u00f6zlerini a\u00e7an \u00fcnl\u00fc model Tu\u011fba \u00d6zay, \u0130stanbul\u2019da do\u011fdu. Babas\u0131 Trabzonlu, annesi ise Antalyal\u0131d\u0131r.<\/p>\n<p><img loading=\"lazy\" decoding=\"async\" class=\"alignnone wp-image-77048\" src=\"https:\/\/www.tgrthaber.com\/mavikadin\/wp-content\/uploads\/2024\/09\/tugba-ozay-hayran-kaldi-yuksekova-kesinlikle-il-olmayi-hak-ediyor.jpg\" alt=\"\" width=\"1208\" height=\"680\" title=\"\" srcset=\"https:\/\/www.tgrthaber.com\/mavikadin\/wp-content\/uploads\/2024\/09\/tugba-ozay-hayran-kaldi-yuksekova-kesinlikle-il-olmayi-hak-ediyor.jpg 1600w, https:\/\/www.tgrthaber.com\/mavikadin\/wp-content\/uploads\/2024\/09\/tugba-ozay-hayran-kaldi-yuksekova-kesinlikle-il-olmayi-hak-ediyor-300x169.jpg 300w, https:\/\/www.tgrthaber.com\/mavikadin\/wp-content\/uploads\/2024\/09\/tugba-ozay-hayran-kaldi-yuksekova-kesinlikle-il-olmayi-hak-ediyor-1024x576.jpg 1024w, https:\/\/www.tgrthaber.com\/mavikadin\/wp-content\/uploads\/2024\/09\/tugba-ozay-hayran-kaldi-yuksekova-kesinlikle-il-olmayi-hak-ediyor-768x432.jpg 768w, https:\/\/www.tgrthaber.com\/mavikadin\/wp-content\/uploads\/2024\/09\/tugba-ozay-hayran-kaldi-yuksekova-kesinlikle-il-olmayi-hak-ediyor-1536x864.jpg 1536w, https:\/\/www.tgrthaber.com\/mavikadin\/wp-content\/uploads\/2024\/09\/tugba-ozay-hayran-kaldi-yuksekova-kesinlikle-il-olmayi-hak-ediyor-533x300.jpg 533w, https:\/\/www.tgrthaber.com\/mavikadin\/wp-content\/uploads\/2024\/09\/tugba-ozay-hayran-kaldi-yuksekova-kesinlikle-il-olmayi-hak-ediyor-600x338.jpg 600w, https:\/\/www.tgrthaber.com\/mavikadin\/wp-content\/uploads\/2024\/09\/tugba-ozay-hayran-kaldi-yuksekova-kesinlikle-il-olmayi-hak-ediyor-30x16.jpg 30w, https:\/\/www.tgrthaber.com\/mavikadin\/wp-content\/uploads\/2024\/09\/tugba-ozay-hayran-kaldi-yuksekova-kesinlikle-il-olmayi-hak-ediyor-18x10.jpg 18w\" sizes=\"(max-width: 1208px) 100vw, 1208px\" \/><\/p>\n<hr \/>\n<p>Lise e\u011fitimini Fenerbah\u00e7e Lisesi&#8217;nde tamamlad\u0131ktan sonra, Hali\u00e7 \u00dcniversitesi Konservatuvar ve Tiyatro B\u00f6l\u00fcm\u00fcne kay\u0131t olmu\u015ftur.<\/p>\n<p>\u0130lk etapta yelkencilik ve y\u00fczme spor dal\u0131na yo\u011funluk vermi\u015f ancak sonradan 5 y\u0131l boyunca voleybola sarm\u0131\u015ft\u0131r. Mankenli\u011fe ise ilk olarak 1994 y\u0131l\u0131ndaki bir Vakko defilesinde ba\u015flam\u0131\u015ft\u0131r.<\/p>\n","protected":false},"excerpt":{"rendered":"<p>47 ya\u015f\u0131ndaki \u00fcnl\u00fc model Tu\u011fba \u00d6zay&#8217;\u0131n sosyal medya hesab\u0131ndan payla\u015ft\u0131\u011f\u0131 gelinlikli hali g\u00fcndem oldu.<\/p>\n","protected":false},"author":27,"featured_media":140102,"comment_status":"closed","ping_status":"closed","sticky":false,"template":"","format":"standard","meta":{"rank_math_lock_modified_date":false,"footnotes":""},"categories":[76],"tags":[133,6258,12460],"class_list":["post-140091","post","type-post","status-publish","format-standard","has-post-thumbnail","hentry","category-magazin","tag-magazin","tag-tugba-ozay","tag-tugba-ozay-gelinlik-giydi"],"_links":{"self":[{"href":"https:\/\/www.tgrthaber.com\/mavikadin\/wp-json\/wp\/v2\/posts\/140091"}],"collection":[{"href":"https:\/\/www.tgrthaber.com\/mavikadin\/wp-json\/wp\/v2\/posts"}],"about":[{"href":"https:\/\/www.tgrthaber.com\/mavikadin\/wp-json\/wp\/v2\/types\/post"}],"author":[{"embeddable":true,"href":"https:\/\/www.tgrthaber.com\/mavikadin\/wp-json\/wp\/v2\/users\/27"}],"replies":[{"embeddable":true,"href":"https:\/\/www.tgrthaber.com\/mavikadin\/wp-json\/wp\/v2\/comments?post=140091"}],"version-history":[{"count":4,"href":"https:\/\/www.tgrthaber.com\/mavikadin\/wp-json\/wp\/v2\/posts\/140091\/revisions"}],"predecessor-version":[{"id":140108,"href":"https:\/\/www.tgrthaber.com\/mavikadin\/wp-json\/wp\/v2\/posts\/140091\/revisions\/140108"}],"wp:featuredmedia":[{"embeddable":true,"href":"https:\/\/www.tgrthaber.com\/mavikadin\/wp-json\/wp\/v2\/media\/140102"}],"wp:attachment":[{"href":"https:\/\/www.tgrthaber.com\/mavikadin\/wp-json\/wp\/v2\/media?parent=140091"}],"wp:term":[{"taxonomy":"category","embeddable":true,"href":"https:\/\/www.tgrthaber.com\/mavikadin\/wp-json\/wp\/v2\/categories?post=140091"},{"taxonomy":"post_tag","embeddable":true,"href":"https:\/\/www.tgrthaber.com\/mavikadin\/wp-json\/wp\/v2\/tags?post=140091"}],"curies":[{"name":"wp","href":"https:\/\/api.w.org\/{rel}","templated":true}]}}