{"id":140107,"date":"2025-03-01T01:07:48","date_gmt":"2025-02-28T22:07:48","guid":{"rendered":"https:\/\/www.tgrthaber.com\/mavikadin\/?p=140107"},"modified":"2025-03-01T01:09:10","modified_gmt":"2025-02-28T22:09:10","slug":"kizilcik-serbeti-6-subat-depremini-ve-antakyayi-unutmadi-sosyal-medyada-takdir-topladi","status":"publish","type":"post","link":"https:\/\/www.tgrthaber.com\/mavikadin\/kizilcik-serbeti-6-subat-depremini-ve-antakyayi-unutmadi-sosyal-medyada-takdir-topladi\/","title":{"rendered":"K\u0131z\u0131lc\u0131k \u015eerbeti 6 \u015eubat depremini ve Antakya\u2019y\u0131 unutmad\u0131! Sosyal medyada takdir toplad\u0131!"},"content":{"rendered":"<p>K\u0131z\u0131lc\u0131k \u015eerbeti 90. B\u00f6l\u00fcm\u00fcyle ekranlara geldi. Dizinin yeni b\u00f6l\u00fcm\u00fcnde ya\u015fan\u0131lan geli\u015fmelerin yan\u0131 s\u0131ra 6 \u015eubat depremzedeleri de unutulmad\u0131. K\u0131z\u0131lc\u0131k \u015eerbeti dizisi yeni b\u00f6l\u00fcm\u00fcnde \u201cHatay i\u00e7in Yard\u0131m Gecesi\u201d d\u00fczenleyerek izleyenlere orada ya\u015fan\u0131lanlar\u0131 tekrardan hat\u0131rlatt\u0131. Sosyal medyada 6 \u015eubat depremi hat\u0131rlatmas\u0131 takdir toplad\u0131.<\/p>\n<h3>6 \u015eUBAT DEPREM\u0130 UNUTULMADI<\/h3>\n<p>6 \u015eubat 2023 y\u0131l\u0131nda Kahramanmara\u015f merkezli meydana gelen depremde 11 il etkilenmi\u015fti. En \u00e7ok etkilenen illerin aras\u0131nda Hatay ve Antakya \u015fehirler yer al\u0131yordu. B\u00f6lgede depremden izler hala durmaya devam ederken, b\u00f6lgeyi kalk\u0131nd\u0131rmak i\u00e7in \u00e7al\u0131\u015fmalar devam ediyor. T\u00fcm T\u00fcrkiye\u2019yi yasa bo\u011fan 6 \u015eubat depremzedelerini K\u0131z\u0131lc\u0131k \u015eerbeti dizisi 90. B\u00f6l\u00fcm\u00fcnde unutmad\u0131. Hatay ve Antakya\u2019da ya\u015fan\u0131lan olaylar\u0131n unutulmamas\u0131 gerekti\u011fine dikkat \u00e7eken sahne sosyal medyada takdirle kar\u015f\u0131land\u0131.<\/p>\n<p><img loading=\"lazy\" decoding=\"async\" class=\"alignnone wp-image-140180\" src=\"https:\/\/www.tgrthaber.com\/mavikadin\/wp-content\/uploads\/kizilcik-serbeti-9-300x169.jpg\" alt=\"\" width=\"1208\" height=\"680\" title=\"\" srcset=\"https:\/\/www.tgrthaber.com\/mavikadin\/wp-content\/uploads\/kizilcik-serbeti-9-300x169.jpg 300w, https:\/\/www.tgrthaber.com\/mavikadin\/wp-content\/uploads\/kizilcik-serbeti-9-1024x576.jpg 1024w, https:\/\/www.tgrthaber.com\/mavikadin\/wp-content\/uploads\/kizilcik-serbeti-9-768x432.jpg 768w, https:\/\/www.tgrthaber.com\/mavikadin\/wp-content\/uploads\/kizilcik-serbeti-9-1536x864.jpg 1536w, https:\/\/www.tgrthaber.com\/mavikadin\/wp-content\/uploads\/kizilcik-serbeti-9.jpg 1920w\" sizes=\"(max-width: 1208px) 100vw, 1208px\" \/><\/p>\n<hr \/>\n<h3>\u201cHATAY \u0130\u00c7\u0130N YARDIM GECES\u0130\u201d<\/h3>\n<p>K\u0131z\u0131lc\u0131k \u015eerbeti dizinin 90. B\u00f6l\u00fcm\u00fcnde Asude\u2019n\u0131n 6 \u015eubat depremine dikkat \u00e7ekmek i\u00e7in bir konferans d\u00fczenledi. \u201c Hatay i\u00e7in Yard\u0131m Gecesi\u201d konferans\u0131 ile Antakya ve Hatay y\u00f6resinde ya\u015fayan depremzedelere dikkatini \u00e7ekti. 6 \u015eubat\u2019\u0131n unutulmamas\u0131 gerekti\u011fini dile getirdi. Asude karakterinin konu\u015ftu\u011fu sahne sosyal medyada b\u00fcy\u00fck be\u011feni toplad\u0131. \u0130\u015fte o sahne:<\/p>\n<div style=\"width: 640px;\" class=\"wp-video\"><!--[if lt IE 9]><script>document.createElement('video');<\/script><![endif]-->\n<video class=\"wp-video-shortcode\" id=\"video-140107-1\" width=\"640\" height=\"360\" preload=\"metadata\" controls=\"controls\"><source type=\"video\/mp4\" src=\"https:\/\/www.tgrthaber.com\/mavikadin\/wp-content\/uploads\/kizilcik-serbeti-6-subat-depremini-unutmadi.mp4?_=1\" \/><a href=\"https:\/\/www.tgrthaber.com\/mavikadin\/wp-content\/uploads\/kizilcik-serbeti-6-subat-depremini-unutmadi.mp4\">https:\/\/www.tgrthaber.com\/mavikadin\/wp-content\/uploads\/kizilcik-serbeti-6-subat-depremini-unutmadi.mp4<\/a><\/video><\/div>\n<hr \/>\n<p>&#8220;\u00c7OK ANLAMLI B\u0130R SAHNE&#8221;<\/p>\n<p>K\u0131z\u0131lc\u0131k \u015eerbeti&#8217;nin yeni b\u00f6l\u00fcm\u00fcnde yay\u0131nlanan &#8220;Hatay i\u00e7in Yard\u0131m Gecesi&#8221; sahnesi sosyal medyada geni\u015f bir yank\u0131 uyand\u0131rd\u0131. 6 \u015eubat depremini unutmayan dizi ekibi, yeni b\u00f6l\u00fcmde Hatay&#8217;\u0131n Antakya il\u00e7esine dikkat \u00e7ektiler. Sosyal medyada b\u00fcy\u00fck bir etki olu\u015fturan sahne kullan\u0131c\u0131lar taraf\u0131ndan takdirle kar\u015f\u0131land\u0131. Kullan\u0131c\u0131lardan gelen baz\u0131 yorumlar \u015fu \u015fekilde:<\/p>\n<p>&#8221; Ay ger\u00e7ekten \u00e7ok anlaml\u0131 sahne g\u00fczel d\u00fc\u015f\u00fcn\u00fclm\u00fc\u015f&#8221;<\/p>\n<p>&#8220;Sosyal fark\u0131ndal\u0131k ve duyarl\u0131l\u0131k ad\u0131na \u00e7ok iyi ama di\u011fer \u015fehirleri es ge\u00e7ip sadece Antakya derseniz orada art niyet arar\u0131m. Antakya kadim \u015fehir derseniz Malatya ya Mara\u015fa Ad\u0131yamana Gaziantep&#8217;e haks\u0131zl\u0131k etmi\u015f olursunuz. Deprem asla unutulmamas\u0131 gereken y\u0131k\u0131c\u0131 etki b\u0131rakm\u0131\u015ft\u0131&#8221;<\/p>\n<p>&#8221; Evet bir Hatay&#8217;l\u0131 olarak \u00e7ok mutlu olduk&#8221;<\/p>\n<p>&#8220;K\u0131ymetli olan tek sahne&#8221;<\/p>\n","protected":false},"excerpt":{"rendered":"<p>K\u0131z\u0131lc\u0131k \u015eerbeti dizisinin 90. B\u00f6l\u00fcm\u00fcnde anlaml\u0131 bir sahne yay\u0131nland\u0131. 6 \u015eubat depremini ve Antakya \u2018y\u0131 yeniden hat\u0131rlatt\u0131lar. Dizinin bu sahnesini sosyal medyada takdir toplad\u0131. <\/p>\n","protected":false},"author":10,"featured_media":140178,"comment_status":"closed","ping_status":"closed","sticky":false,"template":"","format":"standard","meta":{"rank_math_lock_modified_date":false,"footnotes":""},"categories":[602],"tags":[2628,10390,157,12479,12480],"class_list":["post-140107","post","type-post","status-publish","format-standard","has-post-thumbnail","hentry","category-diziler","tag-dizi-haberleri","tag-dizi-magazin","tag-kizilcik-serbeti","tag-kizilcik-serbeti-6-subat-depremi","tag-kizilcik-serbeti-90-bolum"],"_links":{"self":[{"href":"https:\/\/www.tgrthaber.com\/mavikadin\/wp-json\/wp\/v2\/posts\/140107"}],"collection":[{"href":"https:\/\/www.tgrthaber.com\/mavikadin\/wp-json\/wp\/v2\/posts"}],"about":[{"href":"https:\/\/www.tgrthaber.com\/mavikadin\/wp-json\/wp\/v2\/types\/post"}],"author":[{"embeddable":true,"href":"https:\/\/www.tgrthaber.com\/mavikadin\/wp-json\/wp\/v2\/users\/10"}],"replies":[{"embeddable":true,"href":"https:\/\/www.tgrthaber.com\/mavikadin\/wp-json\/wp\/v2\/comments?post=140107"}],"version-history":[{"count":3,"href":"https:\/\/www.tgrthaber.com\/mavikadin\/wp-json\/wp\/v2\/posts\/140107\/revisions"}],"predecessor-version":[{"id":140182,"href":"https:\/\/www.tgrthaber.com\/mavikadin\/wp-json\/wp\/v2\/posts\/140107\/revisions\/140182"}],"wp:featuredmedia":[{"embeddable":true,"href":"https:\/\/www.tgrthaber.com\/mavikadin\/wp-json\/wp\/v2\/media\/140178"}],"wp:attachment":[{"href":"https:\/\/www.tgrthaber.com\/mavikadin\/wp-json\/wp\/v2\/media?parent=140107"}],"wp:term":[{"taxonomy":"category","embeddable":true,"href":"https:\/\/www.tgrthaber.com\/mavikadin\/wp-json\/wp\/v2\/categories?post=140107"},{"taxonomy":"post_tag","embeddable":true,"href":"https:\/\/www.tgrthaber.com\/mavikadin\/wp-json\/wp\/v2\/tags?post=140107"}],"curies":[{"name":"wp","href":"https:\/\/api.w.org\/{rel}","templated":true}]}}