{"id":140155,"date":"2025-03-01T00:53:01","date_gmt":"2025-02-28T21:53:01","guid":{"rendered":"https:\/\/www.tgrthaber.com\/mavikadin\/?p=140155"},"modified":"2025-03-01T00:53:02","modified_gmt":"2025-02-28T21:53:02","slug":"ozge-gurel-ve-fatih-guhan-the-annesi-ninja-adli-sanat-filminde-bir-araya-geliyor","status":"publish","type":"post","link":"https:\/\/www.tgrthaber.com\/mavikadin\/ozge-gurel-ve-fatih-guhan-the-annesi-ninja-adli-sanat-filminde-bir-araya-geliyor\/","title":{"rendered":"\u00d6zge G\u00fcrel ve Fatih G\u00fchan \u201cThe Annesi Ninja\u201d adl\u0131 sanat filminde bir araya geliyor!"},"content":{"rendered":"<p>\u00d6zge G\u00fcrel ve Fatih G\u00fchan yeni bir projede bir araya geliyor. \u0130ki \u00fcnl\u00fc oyuncu \u201cThe Annesi Ninja\u201d adl\u0131 sanat filminin ba\u015frollerini \u00fcstlenecek. Sanat filminde yer alacak di\u011fer oyuncular\u0131n kimler olaca\u011f\u0131 ise hen\u00fcz netle\u015fmedi. Mart ay\u0131nda The Annesi Ninja\u201d filminin \u00e7ekimlerine ba\u015flan\u0131lacak.<\/p>\n<h3>THE ANNES\u0130 N\u0130NJA F\u0130LM\u0130N\u0130N BA\u015eROLLER\u0130 BELL\u0130 OLDU<\/h3>\n<p>K\u0131z\u0131lc\u0131k \u015eerbeti dizisinde \u0130lhami rol\u00fcn\u00fc oynayan Fatih G\u00fchan, yeni bir filmle ve karakterle izleyicinin kar\u015f\u0131s\u0131na \u00e7\u0131kmaya haz\u0131rlan\u0131yor. \u201c44\u201d adl\u0131 sinema filminde Doktor Zeynep karakterini oynayan \u00d6yk\u00fc G\u00fcrel, filmlerinin \u00e7ekimleri biter bitmez, yeni bir projede yer alacak. \u00d6yk\u00fc G\u00fcral, Fatih G\u00fchan ile ba\u015frollerini payla\u015faca\u011f\u0131 The Annesi Ninja filminde yer almaya ba\u015flayacak.<\/p>\n<p><img loading=\"lazy\" decoding=\"async\" class=\"alignnone wp-image-140156\" src=\"https:\/\/www.tgrthaber.com\/mavikadin\/wp-content\/uploads\/the-annesi-ninja-ozge-gurel-300x169.jpg\" alt=\"the annesi ninja \u00f6zge g\u00fcrel\" width=\"1208\" height=\"680\" title=\"\" srcset=\"https:\/\/www.tgrthaber.com\/mavikadin\/wp-content\/uploads\/the-annesi-ninja-ozge-gurel-300x169.jpg 300w, https:\/\/www.tgrthaber.com\/mavikadin\/wp-content\/uploads\/the-annesi-ninja-ozge-gurel-1024x576.jpg 1024w, https:\/\/www.tgrthaber.com\/mavikadin\/wp-content\/uploads\/the-annesi-ninja-ozge-gurel-768x432.jpg 768w, https:\/\/www.tgrthaber.com\/mavikadin\/wp-content\/uploads\/the-annesi-ninja-ozge-gurel-1536x864.jpg 1536w, https:\/\/www.tgrthaber.com\/mavikadin\/wp-content\/uploads\/the-annesi-ninja-ozge-gurel.jpg 1920w\" sizes=\"(max-width: 1208px) 100vw, 1208px\" \/><\/p>\n<hr \/>\n<h3>THE ANNES\u0130 N\u0130NJA F\u0130LM\u0130 NEREDE \u00c7EK\u0130LECEK?<\/h3>\n<p>The Annesi Ninja filmi Av\u015fa adas\u0131 ve Bal\u0131kesir b\u00f6lgesinde \u00e7ekilecek. Hikayenin yap\u0131s\u0131na ve i\u00e7eri\u011fini izleyiciyle daha g\u00fczel anlatmak isteten yap\u0131m ekibi 14 Mart\u2019ta sete \u00e7\u0131kmaya haz\u0131rlan\u0131yor.<\/p>\n<h3>THE ANNES\u0130 N\u0130NJA F\u0130LM\u0130 OYUNCULARI<\/h3>\n<p>Sev Yap\u0131m imzal\u0131 filmin yap\u0131mc\u0131l\u0131\u011f\u0131n\u0131 Alper Ayd\u0131n\u2019\u0131n \u00fcstlenirken Sinan Yabgu \u00dcnal ise senaryosunu yaz\u0131p haz\u0131rlayacak. K\u0131z\u0131lc\u0131k \u015eerbeti dizisiyle dikkatleri \u00fczerine \u00e7eken Fatih G\u00fchan, The Annesi Ninja filminde Kerim rol\u00fcn\u00fc \u00fcstlenirken, \u00d6zge G\u00fcrel de Melis karakterini oynayacak.<\/p>\n<p><img loading=\"lazy\" decoding=\"async\" class=\"alignnone wp-image-140157\" src=\"https:\/\/www.tgrthaber.com\/mavikadin\/wp-content\/uploads\/the-annesi-ninja-filmi-farih-guhan-300x169.jpg\" alt=\"the annesi ninja filmi farih g\u00fchan\" width=\"1208\" height=\"680\" title=\"\" srcset=\"https:\/\/www.tgrthaber.com\/mavikadin\/wp-content\/uploads\/the-annesi-ninja-filmi-farih-guhan-300x169.jpg 300w, https:\/\/www.tgrthaber.com\/mavikadin\/wp-content\/uploads\/the-annesi-ninja-filmi-farih-guhan-1024x576.jpg 1024w, https:\/\/www.tgrthaber.com\/mavikadin\/wp-content\/uploads\/the-annesi-ninja-filmi-farih-guhan-768x432.jpg 768w, https:\/\/www.tgrthaber.com\/mavikadin\/wp-content\/uploads\/the-annesi-ninja-filmi-farih-guhan-1536x864.jpg 1536w, https:\/\/www.tgrthaber.com\/mavikadin\/wp-content\/uploads\/the-annesi-ninja-filmi-farih-guhan.jpg 1920w\" sizes=\"(max-width: 1208px) 100vw, 1208px\" \/><\/p>\n<hr \/>\n<h3>THE ANNES\u0130 N\u0130NJA F\u0130LM\u0130N\u0130N KONUSU<\/h3>\n<p>Filmde k\u00f6t\u00fc biten ili\u015fkiden \u00e7\u0131km\u0131\u015f olan Kerim ile Melis\u2019in ili\u015fkisi \u00fczerinden ge\u00e7mi\u015fle etkileyici bir hesaplama hik\u00e2yesini ele al\u0131yor. Kerim ve Melis ge\u00e7mi\u015fleriyle hesapla\u015f\u0131rken \u00e7evresindeki olan geli\u015fmeler ili\u015fkilerini etkileyecek mi?<\/p>\n","protected":false},"excerpt":{"rendered":"<p>\u00d6zge G\u00fcrel ve Fatih G\u00fchan yeni bir projede bir araya geliyor. \u0130ki \u00fcnl\u00fc oyuncu \u201cThe Annesi Ninja\u201d adl\u0131 sanat filminin ba\u015frollerini \u00fcstlenecek. Sanat filminde yer alacak di\u011fer oyuncular\u0131n kimler olaca\u011f\u0131 ise hen\u00fcz netle\u015fmedi. <\/p>\n","protected":false},"author":10,"featured_media":140158,"comment_status":"closed","ping_status":"closed","sticky":false,"template":"","format":"standard","meta":{"rank_math_lock_modified_date":false,"footnotes":""},"categories":[602],"tags":[12473,10390,12472,7478,12471],"class_list":["post-140155","post","type-post","status-publish","format-standard","has-post-thumbnail","hentry","category-diziler","tag-diiz-haberleri","tag-dizi-magazin","tag-fatih-guhan","tag-ozge-gurel","tag-the-annesi-ninja-filmi"],"_links":{"self":[{"href":"https:\/\/www.tgrthaber.com\/mavikadin\/wp-json\/wp\/v2\/posts\/140155"}],"collection":[{"href":"https:\/\/www.tgrthaber.com\/mavikadin\/wp-json\/wp\/v2\/posts"}],"about":[{"href":"https:\/\/www.tgrthaber.com\/mavikadin\/wp-json\/wp\/v2\/types\/post"}],"author":[{"embeddable":true,"href":"https:\/\/www.tgrthaber.com\/mavikadin\/wp-json\/wp\/v2\/users\/10"}],"replies":[{"embeddable":true,"href":"https:\/\/www.tgrthaber.com\/mavikadin\/wp-json\/wp\/v2\/comments?post=140155"}],"version-history":[{"count":1,"href":"https:\/\/www.tgrthaber.com\/mavikadin\/wp-json\/wp\/v2\/posts\/140155\/revisions"}],"predecessor-version":[{"id":140159,"href":"https:\/\/www.tgrthaber.com\/mavikadin\/wp-json\/wp\/v2\/posts\/140155\/revisions\/140159"}],"wp:featuredmedia":[{"embeddable":true,"href":"https:\/\/www.tgrthaber.com\/mavikadin\/wp-json\/wp\/v2\/media\/140158"}],"wp:attachment":[{"href":"https:\/\/www.tgrthaber.com\/mavikadin\/wp-json\/wp\/v2\/media?parent=140155"}],"wp:term":[{"taxonomy":"category","embeddable":true,"href":"https:\/\/www.tgrthaber.com\/mavikadin\/wp-json\/wp\/v2\/categories?post=140155"},{"taxonomy":"post_tag","embeddable":true,"href":"https:\/\/www.tgrthaber.com\/mavikadin\/wp-json\/wp\/v2\/tags?post=140155"}],"curies":[{"name":"wp","href":"https:\/\/api.w.org\/{rel}","templated":true}]}}