{"id":140314,"date":"2025-03-01T12:47:45","date_gmt":"2025-03-01T09:47:45","guid":{"rendered":"https:\/\/www.tgrthaber.com\/mavikadin\/?p=140314"},"modified":"2025-03-01T12:52:48","modified_gmt":"2025-03-01T09:52:48","slug":"erhan-baytimur-kimdir-neden-vefat-etti-hastaligi-neydi","status":"publish","type":"post","link":"https:\/\/www.tgrthaber.com\/mavikadin\/erhan-baytimur-kimdir-neden-vefat-etti-hastaligi-neydi\/","title":{"rendered":"Erhan Baytimur kimdir? Neden vefat etti, hastal\u0131\u011f\u0131 neydi?"},"content":{"rendered":"<p>Sanat d\u00fcnyas\u0131n\u0131n tan\u0131nan isimleri aras\u0131nda yer alan \u00fcnl\u00fc y\u00f6netmen Erhan Baytimur hayat\u0131n\u0131 kaybetti. \u201cAynal\u0131 Tahir\u201d dizisinin y\u00f6netmenli\u011fini yapan usta sanat\u00e7\u0131 Erhan Baytimur\u2019un kim oldu\u011fu merak edildi. Vefat haberiyle sanat camias\u0131n\u0131 \u00fczen Erhan Baytimur\u2019un neden vefat etti\u011fi ve hastal\u0131\u011f\u0131n\u0131n ne oldu\u011fu da merak edilenler aras\u0131nda yer ald\u0131. Peki, Erhan Baytimur kimdir? Neden vefat etti, hastal\u0131\u011f\u0131 neydi? Erhan Baytimur hakk\u0131nda merak edilenleri sizin i\u00e7in ara\u015ft\u0131rd\u0131k. \u0130\u015fte Erhan Baytimur hakk\u0131nda bilinmeyenler\u2026<\/p>\n<h3>ERHAN BAYT\u0130MUR K\u0130MD\u0130R?<\/h3>\n<p>Erhan Baytimur, 1970 y\u0131l\u0131nda Malatya\u2019da d\u00fcnyaya geldi. \u0130lkokul, ortaokul ve lise e\u011fitimini ba\u015far\u0131yla tamamlayan Baytimur, y\u00fcksek\u00f6\u011frenimini Anadolu \u00dcniversitesi Sinema Televizyon B\u00f6l\u00fcm\u00fc\u2019nde tamamlayarak mezun oldu. Kariyerine 1991 y\u0131l\u0131nda k\u0131sa film y\u00f6netmenli\u011fiyle ba\u015flayan Baytimur, 1996 y\u0131l\u0131ndan itibaren televizyon dizileri ve sinema filmlerinde y\u00f6netmenlik yapt\u0131.<\/p>\n<p><img loading=\"lazy\" decoding=\"async\" class=\"alignnone wp-image-140317\" src=\"https:\/\/www.tgrthaber.com\/mavikadin\/wp-content\/uploads\/Erhan-Baytimur-3-1-1024x576.jpg\" alt=\"Erhan Baytimur kimdir? \" width=\"1208\" height=\"680\" title=\"\" srcset=\"https:\/\/www.tgrthaber.com\/mavikadin\/wp-content\/uploads\/Erhan-Baytimur-3-1-1024x576.jpg 1024w, https:\/\/www.tgrthaber.com\/mavikadin\/wp-content\/uploads\/Erhan-Baytimur-3-1-300x169.jpg 300w, https:\/\/www.tgrthaber.com\/mavikadin\/wp-content\/uploads\/Erhan-Baytimur-3-1-768x432.jpg 768w, https:\/\/www.tgrthaber.com\/mavikadin\/wp-content\/uploads\/Erhan-Baytimur-3-1-1536x864.jpg 1536w, https:\/\/www.tgrthaber.com\/mavikadin\/wp-content\/uploads\/Erhan-Baytimur-3-1.jpg 1600w\" sizes=\"(max-width: 1208px) 100vw, 1208px\" \/><\/p>\n<hr \/>\n<p>Kariyerine y\u00f6netmen ve yap\u0131mc\u0131 olarak devam eden Erhan Baytimur, 1990\u2019l\u0131 y\u0131llar\u0131n pop\u00fcler dizilerinden \u201cAynal\u0131 Tahir\u201d dizisinin y\u00f6netmenli\u011fini yapt\u0131. 1998-2001 tarihleri aras\u0131nda yay\u0131nlanan ve 158 b\u00f6l\u00fcm s\u00fcren Aynal\u0131 Tahir dizisiyle b\u00fcy\u00fck bir \u00fcn kazanan Baytimur, usta sanat\u00e7\u0131 Kadir \u0130nan\u0131r\u2019\u0131n ba\u015frol\u00fcnde yer ald\u0131\u011f\u0131 \u201c\u0130psiz Recep\u201d, \u201cA\u015fk\u0131na E\u015fk\u0131ya\u201d, \u201cEl gibi\u201d ve \u201cDeli Divane\u201d gibi ba\u015far\u0131l\u0131 projelere imza att\u0131. Baytimur, kariyeri boyunca bir\u00e7ok ba\u015far\u0131l\u0131 yap\u0131m\u0131n y\u00f6netmenli\u011fini \u00fcstlenerek ad\u0131n\u0131 geni\u015f kitlelere duyurdu.<\/p>\n<p><img loading=\"lazy\" decoding=\"async\" class=\"alignnone wp-image-140318\" src=\"https:\/\/www.tgrthaber.com\/mavikadin\/wp-content\/uploads\/Erhan-Baytimur-1-1-1024x576.jpg\" alt=\"Erhan Baytimur kimdir? \" width=\"1208\" height=\"680\" title=\"\" srcset=\"https:\/\/www.tgrthaber.com\/mavikadin\/wp-content\/uploads\/Erhan-Baytimur-1-1-1024x576.jpg 1024w, https:\/\/www.tgrthaber.com\/mavikadin\/wp-content\/uploads\/Erhan-Baytimur-1-1-300x169.jpg 300w, https:\/\/www.tgrthaber.com\/mavikadin\/wp-content\/uploads\/Erhan-Baytimur-1-1-768x432.jpg 768w, https:\/\/www.tgrthaber.com\/mavikadin\/wp-content\/uploads\/Erhan-Baytimur-1-1-1536x864.jpg 1536w, https:\/\/www.tgrthaber.com\/mavikadin\/wp-content\/uploads\/Erhan-Baytimur-1-1.jpg 1600w\" sizes=\"(max-width: 1208px) 100vw, 1208px\" \/><\/p>\n<hr \/>\n<h3>ERHAN BAYT\u0130MUR EVL\u0130 M\u0130YD\u0130?<\/h3>\n<p>Kariyer hayat\u0131 boyunca usta sanat\u00e7\u0131larla \u00e7al\u0131\u015fan ve bir\u00e7ok ba\u015far\u0131l\u0131 projeye imza atan Erhan Baytimur, \u201cBez Bebek\u201d, \u201cBorda Bereliler\u201d ve \u201c\u00c7at Kap\u0131 A\u015fk\u201d gibi \u00f6nemli projelerinde y\u00f6netmenli\u011fini \u00fcstlendi.<\/p>\n<p><img loading=\"lazy\" decoding=\"async\" class=\"alignnone wp-image-140320\" src=\"https:\/\/www.tgrthaber.com\/mavikadin\/wp-content\/uploads\/Erhan-Baytimur-5-1024x576.jpg\" alt=\"Erhan Baytimur kimdir? \" width=\"1208\" height=\"680\" title=\"\" srcset=\"https:\/\/www.tgrthaber.com\/mavikadin\/wp-content\/uploads\/Erhan-Baytimur-5-1024x576.jpg 1024w, https:\/\/www.tgrthaber.com\/mavikadin\/wp-content\/uploads\/Erhan-Baytimur-5-300x169.jpg 300w, https:\/\/www.tgrthaber.com\/mavikadin\/wp-content\/uploads\/Erhan-Baytimur-5-768x432.jpg 768w, https:\/\/www.tgrthaber.com\/mavikadin\/wp-content\/uploads\/Erhan-Baytimur-5-1536x864.jpg 1536w, https:\/\/www.tgrthaber.com\/mavikadin\/wp-content\/uploads\/Erhan-Baytimur-5.jpg 1600w\" sizes=\"(max-width: 1208px) 100vw, 1208px\" \/><\/p>\n<hr \/>\n<p>Erhan Baytimur, 2007 y\u0131l\u0131nda senarist Ay\u00e7a Baytimur ile d\u00fcnyaevine girdi. 2018 y\u0131l\u0131n\u0131n temmuz ay\u0131nda yollar\u0131n\u0131 ay\u0131ran \u00e7ift, bo\u015fanma karar\u0131 ald\u0131. \u00c7iftin beraberliklerinden \u201cAlya\u201d ad\u0131nda bir k\u0131z \u00e7ocuklar\u0131 d\u00fcnyaya geldi.<\/p>\n<h3>ERHAN BAYT\u0130MUR NEDEN VEFAT ETT\u0130, HASTALI\u011eI NEYD\u0130?<\/h3>\n<p>Aynal\u0131 Tahir, A\u015fk\u0131na E\u015fk\u0131ya, \u0130psiz Recep ve Bez Bebek gibi ba\u015far\u0131l\u0131 projelerin y\u00f6netmenli\u011fini yapan Erhan Baytimur, hayat\u0131n\u0131 kaybetti. Vefat haberiyle sanat camias\u0131n\u0131 \u00fczen \u00fcnl\u00fc y\u00f6netmen Baytimur\u2019un neden hayat\u0131n\u0131 kaybetti\u011fi ise merak edildi. Televizyon ve sinema d\u00fcnyas\u0131n\u0131n ba\u015far\u0131l\u0131 isimlerinden Baytimur\u2019un vefat haberini meslekta\u015f\u0131 Murat Sara\u00e7o\u011flu duyurdu. Siyah Kalp dizisinin y\u00f6netmeni Sara\u00e7o\u011flu, sosyal medya hesab\u0131ndan yapt\u0131\u011f\u0131 payla\u015f\u0131mla \u00fcnl\u00fc y\u00f6netmenin vefat haberini sanat camias\u0131na duyurdu. Sara\u00e7o\u011flu duyurusunda: \u201cSevgili Erhan Baytimur\u2019u maalesef kaybettik. Yap\u0131mc\u0131 ve y\u00f6netmen olarak Aynal\u0131 Tahir gibi 90\u2019l\u0131 y\u0131llar\u0131n pop\u00fcler i\u015flerine imza atm\u0131\u015ft\u0131. Patronum ve ya\u015f\u0131t\u0131md\u0131. Allah rahmet eylesin. \u0130yiler hep erken gidiyor&#8230;\u201d ifadelerine yer verdi.<\/p>\n<p><img loading=\"lazy\" decoding=\"async\" class=\"alignnone wp-image-140321\" src=\"https:\/\/www.tgrthaber.com\/mavikadin\/wp-content\/uploads\/Erhan-Baytimur-6-1024x576.jpg\" alt=\"Erhan Baytimur kimdir? \" width=\"1208\" height=\"680\" title=\"\" srcset=\"https:\/\/www.tgrthaber.com\/mavikadin\/wp-content\/uploads\/Erhan-Baytimur-6-1024x576.jpg 1024w, https:\/\/www.tgrthaber.com\/mavikadin\/wp-content\/uploads\/Erhan-Baytimur-6-300x169.jpg 300w, https:\/\/www.tgrthaber.com\/mavikadin\/wp-content\/uploads\/Erhan-Baytimur-6-768x432.jpg 768w, https:\/\/www.tgrthaber.com\/mavikadin\/wp-content\/uploads\/Erhan-Baytimur-6-1536x864.jpg 1536w, https:\/\/www.tgrthaber.com\/mavikadin\/wp-content\/uploads\/Erhan-Baytimur-6.jpg 1600w\" sizes=\"(max-width: 1208px) 100vw, 1208px\" \/><\/p>\n<hr \/>\n<p>Birsen Altunta\u015f\u2019\u0131n haberine g\u00f6re; 55 ya\u015f\u0131nda hayat\u0131n\u0131 kaybeden \u00fcnl\u00fc y\u00f6netmenin, yumu\u015fak doku kanserine yakaland\u0131\u011f\u0131, son d\u00f6nemde ge\u00e7irdi\u011fi enfeksiyonu yenemedi\u011fi ve hayat m\u00fccadelesini kaybetti\u011fi belirtildi. \u00dcnl\u00fc y\u00f6netmen Baytimur\u2019un 2 Mart Pazar g\u00fcn\u00fc son yolculu\u011funa u\u011furlanaca\u011f\u0131 \u00f6\u011frenildi.<\/p>\n<h3>ERHAN BAYT\u0130MUR\u2019UN Y\u00d6NETMENL\u0130\u011e\u0130N\u0130 \u00dcSTLEND\u0130\u011e\u0130 PROJELER!<\/h3>\n<p>2019 \u2013\u00a0\u00c7at Kap\u0131 A\u015fk\u00a0(Sinema Filmi)<br \/>\n2018 \u2013 Kerbela (Sinema Filmi)<br \/>\n2018 \u2013 Bordo Bereliler 2: Afrin (Sinema Filmi)<br \/>\n2017 \u2013 \u00c7at Kap\u0131 A\u015fk (Sinema Filmi)<br \/>\n2017 \u2013\u00a0Bordo Bereliler Suriye\u00a0(Sinema Filmi)<br \/>\n2010 \u2013 2013 \u2013 \u015eefkat Tepe (TV Dizisi)<br \/>\n2009 \u2013 2010 \u2013 \u0130stanbul\u2019da A\u015f\u0131k Oldum (TV Dizisi)<br \/>\n2008 \u2013 \u0130psiz Recep (TV Dizisi)<br \/>\n2008 \u2013 Y\u00fcrek Yaras\u0131 (TV Filmi)<br \/>\n2007 \u2013 Memleket Hikayeleri \u2013 Hey Onbe\u015fli (TV Filmi)<br \/>\n2007 \u2013 El Gibi (TV Dizisi)<br \/>\n2007 \u2013 T\u00f6re (TV Filmi)<br \/>\n2007 \u2013 Bez Bebek (TV Dizisi) (\u0130lk 5 b\u00f6l\u00fcm)<br \/>\n2007 \u2013 Aman Doktor 2 (TV Filmi)<br \/>\n2007 \u2013 Beyk\u00f6yl\u00fc Ali Bey (TV Filmi)<br \/>\n2006 \u2013 Bir Dalda \u0130ki Kiraz (TV Filmi)<br \/>\n2006 \u2013 \u0130yi ki Vars\u0131n (TV Dizisi)<br \/>\n2006 \u2013 Candan \u00d6te (TV Dizisi)<br \/>\n2005 \u2013 \u015eansl\u0131 Bebekler (Yar\u0131\u015fma Program\u0131)<br \/>\n2002 \u2013 Deliboran Destan\u0131 (TV Dizisi)<br \/>\n2001 \u2013 A\u015fk\u0131na E\u015fk\u0131ya (TV Dizisi)<br \/>\n1999 \u2013 Zilyoner (TV Dizisi)<br \/>\n1998 \u2013 G\u00fczel G\u00fcnler (TV Dizisi)<br \/>\n1998 \u2013 Aynal\u0131 Tahir (TV Dizisi)<br \/>\n1994 \u2013 Pamuk \u0130pli\u011fi (TV Dizisi)<br \/>\n1991 \u2013 R\u00fcyam\u0131 \u00c7ektim ve M\u00fczik Ekledim (K\u0131sa Film)<\/p>\n<p><img loading=\"lazy\" decoding=\"async\" class=\"alignnone wp-image-140323\" src=\"https:\/\/www.tgrthaber.com\/mavikadin\/wp-content\/uploads\/Erhan-Baytimur-2-1-1024x576.jpg\" alt=\"Erhan Baytimur kimdir? \" width=\"1208\" height=\"680\" title=\"\" srcset=\"https:\/\/www.tgrthaber.com\/mavikadin\/wp-content\/uploads\/Erhan-Baytimur-2-1-1024x576.jpg 1024w, https:\/\/www.tgrthaber.com\/mavikadin\/wp-content\/uploads\/Erhan-Baytimur-2-1-300x169.jpg 300w, https:\/\/www.tgrthaber.com\/mavikadin\/wp-content\/uploads\/Erhan-Baytimur-2-1-768x432.jpg 768w, https:\/\/www.tgrthaber.com\/mavikadin\/wp-content\/uploads\/Erhan-Baytimur-2-1-1536x864.jpg 1536w, https:\/\/www.tgrthaber.com\/mavikadin\/wp-content\/uploads\/Erhan-Baytimur-2-1.jpg 1600w\" sizes=\"(max-width: 1208px) 100vw, 1208px\" \/><\/p>\n<hr \/>\n<h3>ERHAN BAYT\u0130MUR\u2019UN YAPIMCILI\u011eINI \u00dcSTLEND\u0130\u011e\u0130 PROJELER!<\/h3>\n<p>2004 \u2013 Eve Ne Laz\u0131m (TV Dizisi)<br \/>\n2003 \u2013 S\u0131n\u0131rl\u0131 A\u015fk (TV Dizisi)<br \/>\n2002 \u2013 Deliboran Destan\u0131 (TV Dizisi)<br \/>\n2001 \u2013 A\u015fk\u0131na E\u015fk\u0131ya (TV Dizisi)<br \/>\n1999 \u2013 Zilyoner (TV Dizisi)<br \/>\n1998 \u2013 G\u00fczel G\u00fcnler (TV Dizisi)<br \/>\n1998 \u2013 Aynal\u0131 Tahir (TV Dizisi)<\/p>\n","protected":false},"excerpt":{"rendered":"<p>\u00dcnl\u00fc y\u00f6netmen Erhan Baytimur hayat\u0131n\u0131 kaybetti. Vefat haberiyle sanat camias\u0131n\u0131 \u00fczen Erhan Baytimur\u2019un kim oldu\u011fu merak edildi. Peki, Erhan Baytimur kimdir? Neden vefat etti, hastal\u0131\u011f\u0131 neydi? \u0130\u015fte detaylar\u2026<\/p>\n","protected":false},"author":26,"featured_media":140315,"comment_status":"closed","ping_status":"closed","sticky":false,"template":"","format":"standard","meta":{"rank_math_lock_modified_date":false,"footnotes":""},"categories":[491],"tags":[12505,12509,12507,12508],"class_list":["post-140314","post","type-post","status-publish","format-standard","has-post-thumbnail","hentry","category-biyografi","tag-erhan-baytimur","tag-erhan-baytimur-kimdir","tag-erhan-baytimur-neden-oldu","tag-erhan-baytimur-vefat"],"_links":{"self":[{"href":"https:\/\/www.tgrthaber.com\/mavikadin\/wp-json\/wp\/v2\/posts\/140314"}],"collection":[{"href":"https:\/\/www.tgrthaber.com\/mavikadin\/wp-json\/wp\/v2\/posts"}],"about":[{"href":"https:\/\/www.tgrthaber.com\/mavikadin\/wp-json\/wp\/v2\/types\/post"}],"author":[{"embeddable":true,"href":"https:\/\/www.tgrthaber.com\/mavikadin\/wp-json\/wp\/v2\/users\/26"}],"replies":[{"embeddable":true,"href":"https:\/\/www.tgrthaber.com\/mavikadin\/wp-json\/wp\/v2\/comments?post=140314"}],"version-history":[{"count":4,"href":"https:\/\/www.tgrthaber.com\/mavikadin\/wp-json\/wp\/v2\/posts\/140314\/revisions"}],"predecessor-version":[{"id":140324,"href":"https:\/\/www.tgrthaber.com\/mavikadin\/wp-json\/wp\/v2\/posts\/140314\/revisions\/140324"}],"wp:featuredmedia":[{"embeddable":true,"href":"https:\/\/www.tgrthaber.com\/mavikadin\/wp-json\/wp\/v2\/media\/140315"}],"wp:attachment":[{"href":"https:\/\/www.tgrthaber.com\/mavikadin\/wp-json\/wp\/v2\/media?parent=140314"}],"wp:term":[{"taxonomy":"category","embeddable":true,"href":"https:\/\/www.tgrthaber.com\/mavikadin\/wp-json\/wp\/v2\/categories?post=140314"},{"taxonomy":"post_tag","embeddable":true,"href":"https:\/\/www.tgrthaber.com\/mavikadin\/wp-json\/wp\/v2\/tags?post=140314"}],"curies":[{"name":"wp","href":"https:\/\/api.w.org\/{rel}","templated":true}]}}