{"id":140370,"date":"2025-03-01T14:45:10","date_gmt":"2025-03-01T11:45:10","guid":{"rendered":"https:\/\/www.tgrthaber.com\/mavikadin\/?p=140370"},"modified":"2025-04-23T11:46:38","modified_gmt":"2025-04-23T08:46:38","slug":"zeynep-sonmez-kimdir-zeynep-sonmez-kac-yasinda-nereli","status":"publish","type":"post","link":"https:\/\/www.tgrthaber.com\/mavikadin\/zeynep-sonmez-kimdir-zeynep-sonmez-kac-yasinda-nereli\/","title":{"rendered":"Zeynep S\u00f6nmez kimdir? Zeynep S\u00f6nmez ka\u00e7 ya\u015f\u0131nda, nereli?"},"content":{"rendered":"<p>Zeynep S\u00f6nmez, Meksika\u2019da d\u00fczenlenen Merida A\u00e7\u0131k Kad\u0131nlar Tenis Turnuvas\u0131\u2019nda \u00e7eyrek finalde elendi. Ba\u015far\u0131l\u0131 tenis sporcusu Zeynep S\u00f6nmez\u2019in ise kim oldu\u011fu merak edildi. Peki, Zeynep S\u00f6nmez kimdir? Zeynep S\u00f6nmez ka\u00e7 ya\u015f\u0131nda, nereli? Zeynep S\u00f6nmez hakk\u0131nda merak edilenleri sizin i\u00e7in ara\u015ft\u0131rd\u0131k. \u0130\u015fte Zeynep S\u00f6nmez hakk\u0131nda bilinmeyenler\u2026<\/p>\n<h3>ZEYNEP S\u00d6NMEZ K\u0130MD\u0130R?<\/h3>\n<p>Zeynep S\u00f6nmez, 30 Nisan 2002 tarihinde \u0130stanbul\u2019da d\u00fcnyaya geldi. T\u00fcrk profesyonel tenis oyuncusu olan S\u00f6nmez, Kad\u0131nlar Tenis Birli\u011fi (WTA) taraf\u0131ndan 23 Aral\u0131k 2024\u2019teki kad\u0131nlar s\u0131ralamas\u0131na g\u00f6re 88.&#8217;likle kariyerinin en y\u00fcksek s\u0131ralamas\u0131na eri\u015fti.<\/p>\n<p><img loading=\"lazy\" decoding=\"async\" class=\"alignnone wp-image-140373\" src=\"https:\/\/www.tgrthaber.com\/mavikadin\/wp-content\/uploads\/Zeynep-Sonmez-1024x576.jpg\" alt=\"Zeynep S\u00f6nmez kimdir? \" width=\"1208\" height=\"680\" title=\"\" srcset=\"https:\/\/www.tgrthaber.com\/mavikadin\/wp-content\/uploads\/Zeynep-Sonmez-1024x576.jpg 1024w, https:\/\/www.tgrthaber.com\/mavikadin\/wp-content\/uploads\/Zeynep-Sonmez-300x169.jpg 300w, https:\/\/www.tgrthaber.com\/mavikadin\/wp-content\/uploads\/Zeynep-Sonmez-768x432.jpg 768w, https:\/\/www.tgrthaber.com\/mavikadin\/wp-content\/uploads\/Zeynep-Sonmez-1536x864.jpg 1536w, https:\/\/www.tgrthaber.com\/mavikadin\/wp-content\/uploads\/Zeynep-Sonmez.jpg 1600w\" sizes=\"(max-width: 1208px) 100vw, 1208px\" \/><\/p>\n<hr \/>\n<p>ITF Kad\u0131nlar Turunda d\u00f6rt tekler \u015fampiyonlu\u011fu kazanan Zeynep S\u00f6nmez, 4 Kas\u0131m 2024&#8217;te ABD&#8217;li rakibi Ann Li&#8217;yi 6-2 ve 6-1 ile ma\u011flup etti. WTA Merida A\u00e7\u0131k\u2019ta kariyerinin ilk WTA \u015fampiyonlu\u011funu kazanan S\u00f6nmez,\u00a0WTA s\u0131ralamas\u0131nda bu \u015fampiyonlukla birlikte ilk 100&#8217;e girdi.<\/p>\n<h3>ZEYNEP S\u00d6NMEZ KAR\u0130YER\u0130NDE NASIL \u0130LERLED\u0130?<\/h3>\n<p>Kariyerine erken ya\u015flarda ba\u015flayan Zeynep S\u00f6nmez, 2022 Billie Jean King Kupas\u0131\u2019na T\u00fcrkiye ad\u0131na kat\u0131ld\u0131 ve\u00a0galibiyet\/ma\u011flubiyet say\u0131s\u0131n\u0131 3-1 olarak yazd\u0131. S\u00f6nmez, 2023 Rosmalen \u00c7im Kort \u015eampiyonas\u0131 elemelerinde WTA&#8217;da ilk kez T\u00fcrkiye&#8217;yi temsil etti. Ba\u015far\u0131l\u0131 performanslar\u0131yla WTA s\u0131ralamas\u0131nda 91. s\u0131raya y\u00fckselen S\u00f6nmez, kariyerinde \u00f6nemli bir rekora imza att\u0131. S\u00f6nmez, 23 Aral\u0131k 2024 tarihinde ise WTA tek kad\u0131nlar s\u0131ralamas\u0131nda 88. s\u0131raya ula\u015farak kariyerinin en y\u00fcksek derecesini elde etti.<\/p>\n<p><img loading=\"lazy\" decoding=\"async\" class=\"alignnone wp-image-140374\" src=\"https:\/\/www.tgrthaber.com\/mavikadin\/wp-content\/uploads\/Zeynep-Sonmez-6-1024x576.jpg\" alt=\"Zeynep S\u00f6nmez kimdir? \" width=\"1208\" height=\"680\" title=\"\" srcset=\"https:\/\/www.tgrthaber.com\/mavikadin\/wp-content\/uploads\/Zeynep-Sonmez-6-1024x576.jpg 1024w, https:\/\/www.tgrthaber.com\/mavikadin\/wp-content\/uploads\/Zeynep-Sonmez-6-300x169.jpg 300w, https:\/\/www.tgrthaber.com\/mavikadin\/wp-content\/uploads\/Zeynep-Sonmez-6-768x432.jpg 768w, https:\/\/www.tgrthaber.com\/mavikadin\/wp-content\/uploads\/Zeynep-Sonmez-6-1536x864.jpg 1536w, https:\/\/www.tgrthaber.com\/mavikadin\/wp-content\/uploads\/Zeynep-Sonmez-6.jpg 1600w\" sizes=\"(max-width: 1208px) 100vw, 1208px\" \/><\/p>\n<hr \/>\n<p>Zeynep S\u00f6nmez, 2024 Avustralya A\u00e7\u0131k-Tek Kad\u0131nlar turnuvas\u0131na kat\u0131larak final turuna y\u00fckseldi. S\u00f6nmez, final turunda kar\u015f\u0131la\u015ft\u0131\u011f\u0131 \u0130svi\u00e7reli Lulu Sun\u2019a 2-1 yenilerek turnuvadan elendi. S\u00f6nmez, 2024 Roland Garros-Tek Kad\u0131nlar turnuvas\u0131na kat\u0131larak final turuna y\u00fckseldi. S\u00f6nmez, final turunda H\u0131rvat raket Jana Fett\u2019i 2-0 yenerek kariyerinde ilk Grand Slam ana tablosuna kalma ba\u015far\u0131s\u0131n\u0131 elde etti. S\u00f6nmez, 2024 Wimbledon-Tek Kad\u0131nlar turnuvas\u0131na kat\u0131larak final turuna y\u00fckseldi. S\u00f6nmez, final turunda Ukraynal\u0131 raket Daria Snigur\u2019a 2-1 yenilerek turnuvaya veda etti.<\/p>\n<p><img loading=\"lazy\" decoding=\"async\" class=\"alignnone wp-image-140376\" src=\"https:\/\/www.tgrthaber.com\/mavikadin\/wp-content\/uploads\/Zeynep-Sonmez-3-1024x576.jpg\" alt=\"Zeynep S\u00f6nmez kimdir? \" width=\"1208\" height=\"680\" title=\"\" srcset=\"https:\/\/www.tgrthaber.com\/mavikadin\/wp-content\/uploads\/Zeynep-Sonmez-3-1024x576.jpg 1024w, https:\/\/www.tgrthaber.com\/mavikadin\/wp-content\/uploads\/Zeynep-Sonmez-3-300x169.jpg 300w, https:\/\/www.tgrthaber.com\/mavikadin\/wp-content\/uploads\/Zeynep-Sonmez-3-768x432.jpg 768w, https:\/\/www.tgrthaber.com\/mavikadin\/wp-content\/uploads\/Zeynep-Sonmez-3-1536x864.jpg 1536w, https:\/\/www.tgrthaber.com\/mavikadin\/wp-content\/uploads\/Zeynep-Sonmez-3.jpg 1600w\" sizes=\"(max-width: 1208px) 100vw, 1208px\" \/><\/p>\n<hr \/>\n<h3>ZEYNEP S\u00d6NMEZ KA\u00c7 YA\u015eINDA, NEREL\u0130?<\/h3>\n<p>\u015eimdilerde 23 ya\u015f\u0131nda olan Zeynep S\u00f6nmez, aslen Artvin, Arhavilidir. Kariyerinde olduk\u00e7a ba\u015far\u0131l\u0131 i\u015flere imza atan S\u00f6nmez, 2024 y\u0131l\u0131nda kat\u0131ld\u0131\u011f\u0131 Brisbane International turnuvas\u0131 eleme a\u015famas\u0131 ilk turunda Rus tenis\u00e7i\u00a0Ekanterina Makarova\u2019y\u0131 6-1 ve 6-0\u2019l\u0131k setlerle ma\u011flup ederek ikinci tura y\u00fckseldi. \u0130kinci turda Rus Polina Kudermetovaya ile rakip olan S\u00f6nmez, bu turda 6-3 ve 6-2 setlerle rakibine 2-0 yenilerek turnuvadan elendi.<\/p>\n<p><img loading=\"lazy\" decoding=\"async\" class=\"alignnone wp-image-140375\" src=\"https:\/\/www.tgrthaber.com\/mavikadin\/wp-content\/uploads\/Zeynep-Sonmez-1-1024x576.jpg\" alt=\"Zeynep S\u00f6nmez kimdir? \" width=\"1208\" height=\"680\" title=\"\" srcset=\"https:\/\/www.tgrthaber.com\/mavikadin\/wp-content\/uploads\/Zeynep-Sonmez-1-1024x576.jpg 1024w, https:\/\/www.tgrthaber.com\/mavikadin\/wp-content\/uploads\/Zeynep-Sonmez-1-300x169.jpg 300w, https:\/\/www.tgrthaber.com\/mavikadin\/wp-content\/uploads\/Zeynep-Sonmez-1-768x432.jpg 768w, https:\/\/www.tgrthaber.com\/mavikadin\/wp-content\/uploads\/Zeynep-Sonmez-1-1536x864.jpg 1536w, https:\/\/www.tgrthaber.com\/mavikadin\/wp-content\/uploads\/Zeynep-Sonmez-1.jpg 1600w\" sizes=\"(max-width: 1208px) 100vw, 1208px\" \/><\/p>\n<hr \/>\n<p>Zeynep S\u00f6nmez, 2025 y\u0131l\u0131n\u0131n ilk Grand Slam turnuvas\u0131 olan\u00a0Avustralya A\u00e7\u0131k\u2019\u0131n ilk turuna ana tablodan ba\u015flad\u0131. S\u00f6nmez, Avustralyal\u0131 Talia Gibson\u2019a ilk seti 6-3 kazan\u0131rken\u00a0ikinci seti tir-break ile 6-7 ve final setinde 6-1 kaybederek elendi. S\u00f6nmez, son olarak Meksika\u2019da d\u00fczenlenen Merida A\u00e7\u0131k Kad\u0131nlar Tenis Turnuvas\u0131\u2019nda \u00e7eyrek finalde kaybederek turnuvadan elendi.<\/p>\n<h3>ZEYNEP S\u00d6NMEZ TAR\u0130HTE B\u0130R \u0130LK\u0130 BA\u015eARDI!<\/h3>\n<p>Milli tenis\u00e7imiz Zeynep S\u00f6nmez, 2025 WTA 1000 Madrid A\u00e7\u0131k elemeleri finalinde Amerikal\u0131 Varvara Lepchenko ile m\u00fccadele etti. Kar\u015f\u0131la\u015fmaya iyi ba\u015flayan S\u00f6nmez, rakibini 6-2, 6-2&#8217;lik setlerle ma\u011flup ederek turnuvada ana tabloya y\u00fckselmeyi ba\u015fard\u0131.<\/p>\n<p><img loading=\"lazy\" decoding=\"async\" class=\"alignnone wp-image-166495\" src=\"https:\/\/www.tgrthaber.com\/mavikadin\/wp-content\/uploads\/Zeynep-Sonmez-2-1024x576.jpg\" alt=\"Zeynep-S\u00f6nmez\" width=\"1208\" height=\"680\" title=\"\" srcset=\"https:\/\/www.tgrthaber.com\/mavikadin\/wp-content\/uploads\/Zeynep-Sonmez-2-1024x576.jpg 1024w, https:\/\/www.tgrthaber.com\/mavikadin\/wp-content\/uploads\/Zeynep-Sonmez-2-300x169.jpg 300w, https:\/\/www.tgrthaber.com\/mavikadin\/wp-content\/uploads\/Zeynep-Sonmez-2-768x432.jpg 768w, https:\/\/www.tgrthaber.com\/mavikadin\/wp-content\/uploads\/Zeynep-Sonmez-2-1536x864.jpg 1536w, https:\/\/www.tgrthaber.com\/mavikadin\/wp-content\/uploads\/Zeynep-Sonmez-2.jpg 1600w\" sizes=\"(max-width: 1208px) 100vw, 1208px\" \/><\/p>\n<hr \/>\n<p>22 ya\u015f\u0131ndaki gen\u00e7 sporcu Zeynep S\u00f6nmez, g\u00f6sterdi\u011fi ba\u015far\u0131yla Madrid A\u00e7\u0131k&#8217;ta ana tablo m\u00fccadelesi verecek ilk sporcu olma hakk\u0131 elde etti. S\u00f6nmez, elemelerin ilk turunda ev sahibi \u0130spanya&#8217;dan Leyre Romero Gormaz&#8217;\u0131 7-6, 6-3&#8217;l\u00fck setlerle ge\u00e7mi\u015fti. Ana tabloya y\u00fckselen milli tenis\u00e7i S\u00f6nmez\u2019in rakibi ise, elemelerin tamamlanmas\u0131n\u0131n ard\u0131ndan yap\u0131lacak kura \u00e7ekimiyle belirlenecek.<\/p>\n","protected":false},"excerpt":{"rendered":"<p>Ba\u015far\u0131l\u0131 tenis oyuncusu Zeynep S\u00f6nmez\u2019in kim oldu\u011fu merak ediliyor. Peki, Zeynep S\u00f6nmez kimdir? Zeynep S\u00f6nmez ka\u00e7 ya\u015f\u0131nda, nereli? \u0130\u015fte detaylar\u2026 <\/p>\n","protected":false},"author":26,"featured_media":140372,"comment_status":"closed","ping_status":"closed","sticky":false,"template":"","format":"standard","meta":{"rank_math_lock_modified_date":false,"footnotes":""},"categories":[491],"tags":[12515,12516,12514],"class_list":["post-140370","post","type-post","status-publish","format-standard","has-post-thumbnail","hentry","category-biyografi","tag-tenis","tag-tenis-oyuncusu","tag-zeynep-sonmez"],"_links":{"self":[{"href":"https:\/\/www.tgrthaber.com\/mavikadin\/wp-json\/wp\/v2\/posts\/140370"}],"collection":[{"href":"https:\/\/www.tgrthaber.com\/mavikadin\/wp-json\/wp\/v2\/posts"}],"about":[{"href":"https:\/\/www.tgrthaber.com\/mavikadin\/wp-json\/wp\/v2\/types\/post"}],"author":[{"embeddable":true,"href":"https:\/\/www.tgrthaber.com\/mavikadin\/wp-json\/wp\/v2\/users\/26"}],"replies":[{"embeddable":true,"href":"https:\/\/www.tgrthaber.com\/mavikadin\/wp-json\/wp\/v2\/comments?post=140370"}],"version-history":[{"count":4,"href":"https:\/\/www.tgrthaber.com\/mavikadin\/wp-json\/wp\/v2\/posts\/140370\/revisions"}],"predecessor-version":[{"id":166496,"href":"https:\/\/www.tgrthaber.com\/mavikadin\/wp-json\/wp\/v2\/posts\/140370\/revisions\/166496"}],"wp:featuredmedia":[{"embeddable":true,"href":"https:\/\/www.tgrthaber.com\/mavikadin\/wp-json\/wp\/v2\/media\/140372"}],"wp:attachment":[{"href":"https:\/\/www.tgrthaber.com\/mavikadin\/wp-json\/wp\/v2\/media?parent=140370"}],"wp:term":[{"taxonomy":"category","embeddable":true,"href":"https:\/\/www.tgrthaber.com\/mavikadin\/wp-json\/wp\/v2\/categories?post=140370"},{"taxonomy":"post_tag","embeddable":true,"href":"https:\/\/www.tgrthaber.com\/mavikadin\/wp-json\/wp\/v2\/tags?post=140370"}],"curies":[{"name":"wp","href":"https:\/\/api.w.org\/{rel}","templated":true}]}}