{"id":140394,"date":"2025-03-01T15:16:15","date_gmt":"2025-03-01T12:16:15","guid":{"rendered":"https:\/\/www.tgrthaber.com\/mavikadin\/?p=140394"},"modified":"2025-03-01T15:16:15","modified_gmt":"2025-03-01T12:16:15","slug":"yesilay-haftasi-turkiyenin-yesilayi-105-yasinda-mesajiyla-kutlaniyor","status":"publish","type":"post","link":"https:\/\/www.tgrthaber.com\/mavikadin\/yesilay-haftasi-turkiyenin-yesilayi-105-yasinda-mesajiyla-kutlaniyor\/","title":{"rendered":"Ye\u015filay Haftas\u0131, &#8220;T\u00fcrkiye\u2019nin Ye\u015filay\u0131 105 ya\u015f\u0131nda!&#8221; mesaj\u0131yla kutlan\u0131yor"},"content":{"rendered":"<p>\u0130stanbul Rami K\u00fct\u00fcphanesi\u2019nde d\u00fczenlenen Ye\u015filay Haftas\u0131 lansman toplant\u0131s\u0131nda konu\u015fan Ye\u015filay Genel Ba\u015fkan\u0131 Mehmet Din\u00e7, \u201cBa\u011f\u0131ml\u0131l\u0131\u011f\u0131n ortaya \u00e7\u0131kmadan engellenmesi d\u00fcsturuyla gelece\u011fimiz i\u00e7in el ele verelim. Tek bir insan\u0131m\u0131z\u0131n dahi ba\u011f\u0131ml\u0131l\u0131\u011f\u0131n pen\u00e7esine d\u00fc\u015fmemesi i\u00e7in hepinizi, 105 y\u0131ll\u0131k bu b\u00fcy\u00fck mirasa sahip \u00e7\u0131kmaya davet ediyorum.\u201d dedi.<\/p>\n<p>Ba\u011f\u0131ml\u0131l\u0131klarla m\u00fccadele alan\u0131nda 105 y\u0131ld\u0131r 120 \u015fube, 97 \u00fclke Ye\u015filay\u2019\u0131 ve 130 binin \u00fczerinde g\u00f6n\u00fcll\u00fcs\u00fcyle \u00e7al\u0131\u015fmalar\u0131n\u0131 s\u00fcrd\u00fcren Ye\u015filay, toplumun ba\u011f\u0131ml\u0131l\u0131klarla m\u00fccadele kapasitesinin geli\u015ftirilmesine y\u00f6nelik \u00e7al\u0131\u015fmalar\u0131n\u0131 her alanda kararl\u0131l\u0131kla devam ettiriyor. Bu y\u0131l 1-7 Mart aras\u0131nda \u201cT\u00fcrkiye\u2019nin Ye\u015filay\u0131 105 Ya\u015f\u0131nda\u201d slogan\u0131yla kutlanan Ye\u015filay Haftas\u0131\u2019nda, bag\u0306\u0131ml\u0131l\u0131kla m\u00fccadelede fark\u0131ndal\u0131k yaratmak amac\u0131yla yurt genelinde birc\u0327ok etkinlik d\u00fczenleniyor. 5 Mart 1920\u2019de, is\u0327gal alt\u0131ndaki \u0130stanbul\u2019da, ba\u011f\u0131ml\u0131l\u0131klar yoluyla toplumu zay\u0131flatmaya \u00e7al\u0131\u015fan g\u00fc\u00e7lere kar\u015f\u0131 direni\u015f ruhuyla kurulan Ye\u015filay, bug\u00fcn T\u00fcrkiye\u2019nin d\u00f6rt bir yan\u0131nda ve d\u00fcnyada bag\u0306\u0131ml\u0131l\u0131kla m\u00fccadelede o\u0308ncu\u0308 rol\u00fcn\u00fc \u00fcstleniyor.<\/p>\n<div style=\"width: 640px;\" class=\"wp-video\"><!--[if lt IE 9]><script>document.createElement('video');<\/script><![endif]-->\n<video class=\"wp-video-shortcode\" id=\"video-140394-1\" width=\"640\" height=\"360\" preload=\"metadata\" controls=\"controls\"><source type=\"video\/mp4\" src=\"https:\/\/www.tgrthaber.com\/mavikadin\/wp-content\/uploads\/Yesilay_Haftasi_Baskan_Mesaji_Yatay_.mp4?_=1\" \/><a href=\"https:\/\/www.tgrthaber.com\/mavikadin\/wp-content\/uploads\/Yesilay_Haftasi_Baskan_Mesaji_Yatay_.mp4\">https:\/\/www.tgrthaber.com\/mavikadin\/wp-content\/uploads\/Yesilay_Haftasi_Baskan_Mesaji_Yatay_.mp4<\/a><\/video><\/div>\n<hr \/>\n<h3>YE\u015e\u0130LAY BA\u015eKANI MEHMET D\u0130N\u00c7: \u201cBA\u011eIMLILIK ORTAYA \u00c7IKMADAN ENGELLENMEL\u0130\u201d<\/h3>\n<p>\u0130stanbul Rami K\u00fct\u00fcphanesi\u2019nde d\u00fczenlenen Ye\u015filay Haftas\u0131 lansman toplant\u0131s\u0131nda a\u00e7\u0131l\u0131\u015f konu\u015fmas\u0131n\u0131 yapan Ye\u015filay Genel Ba\u015fkan\u0131 Mehmet Din\u00e7, ba\u011f\u0131ml\u0131l\u0131klarla m\u00fccadeleyi \u201cbir nesil ve gelecek davas\u0131\u201d olarak g\u00f6rd\u00fcklerini vurgulayarak, \u015funlar\u0131 s\u00f6yledi: \u201cGen\u00e7lerimizin gelece\u011fine kasteden, onlar\u0131 zifiri bir karanl\u0131\u011fa mahk\u00fbm etmek isteyenlere kar\u015f\u0131 \u0130\u00e7i\u015fleri Bakanl\u0131\u011f\u0131m\u0131z\u0131n i\u015f birli\u011fiyle Ba\u011f\u0131ms\u0131zl\u0131k Seferberli\u011fimizi ilan ettik. Ba\u011f\u0131ms\u0131zl\u0131k Seferberli\u011fimiz, \u00e7ocuklar\u0131m\u0131z\u0131n ba\u011f\u0131ml\u0131l\u0131k end\u00fcstrisinin tuzaklar\u0131na d\u00fc\u015fmemesi i\u00e7in var g\u00fcc\u00fcm\u00fczle \u00e7al\u0131\u015fmak demektir. Ba\u011f\u0131ml\u0131l\u0131klarla m\u00fccadele ederek insan onurunu toplumun t\u00fcm fertleri ad\u0131na koruma gayretinde oldu\u011funu bir kez daha hat\u0131rlatmak isterim. Bu duygu ve d\u00fc\u015f\u00fcncelerle, 105. y\u0131l\u0131m\u0131zda ve Ye\u015filay Haftas\u0131 vesilesiyle, \u2018Ba\u011f\u0131ms\u0131z gelecek i\u00e7in T\u00fcrkiye\u2019nin Ye\u015filay\u2019\u0131nda bulu\u015fal\u0131m.\u2019 diyorum. Ba\u011f\u0131ml\u0131l\u0131\u011f\u0131n ortaya \u00e7\u0131kmadan engellenmesi d\u00fcsturuyla gelece\u011fimiz i\u00e7in el ele verelim. Tek bir insan\u0131m\u0131z\u0131n dahi ba\u011f\u0131ml\u0131l\u0131\u011f\u0131n pen\u00e7esine d\u00fc\u015fmemesi i\u00e7in hepinizi, 105 y\u0131ll\u0131k bu b\u00fcy\u00fck mirasa sahip \u00e7\u0131kmaya davet ediyorum.\u201d<\/p>\n<p><img loading=\"lazy\" decoding=\"async\" class=\"alignnone size-full wp-image-140398\" src=\"https:\/\/www.tgrthaber.com\/mavikadin\/wp-content\/uploads\/Yesilay-4.jpg\" alt=\"\" width=\"1208\" height=\"680\" title=\"\" srcset=\"https:\/\/www.tgrthaber.com\/mavikadin\/wp-content\/uploads\/Yesilay-4.jpg 1208w, https:\/\/www.tgrthaber.com\/mavikadin\/wp-content\/uploads\/Yesilay-4-300x169.jpg 300w, https:\/\/www.tgrthaber.com\/mavikadin\/wp-content\/uploads\/Yesilay-4-1024x576.jpg 1024w, https:\/\/www.tgrthaber.com\/mavikadin\/wp-content\/uploads\/Yesilay-4-768x432.jpg 768w\" sizes=\"(max-width: 1208px) 100vw, 1208px\" \/><\/p>\n<hr \/>\n<h3>\u0130STANBUL\u2019UN SEMBOL MEK\u00c2NLARI \u201cYE\u015e\u0130LE\u201d BOYANACAK<\/h3>\n<p>Ye\u015filay Haftas\u0131 etkinlikleri kapsam\u0131nda Rami K\u00fct\u00fcphanesi\u2019nde hafta boyunca s\u00fcrecek \u201cYe\u015fil Sahne S\u00f6yle\u015fileri\u201dnde, bag\u0306\u0131ml\u0131l\u0131kla mu\u0308cadele konular\u0131na deg\u0306inilecek ve u\u0308nlu\u0308 isimler de sahne alacak. Ayr\u0131ca yine Rami K\u00fct\u00fcphanesi\u2019nde minik ziyaret\u00e7ilere e\u011fitmenler e\u015fli\u011finde origami, ah\u015fap oyuncak boyama, ta\u015f boyama gibi \u00e7e\u015fitli at\u00f6lyeler de d\u00fczenlenecek.<\/p>\n<p>Ye\u015filay\u2019\u0131n 105. ya\u015f\u0131nda, 9.\u2019su ger\u00e7ekle\u015fen \u201cUluslararas\u0131 Ye\u015filay Karikat\u00fcr Yar\u0131\u015fmas\u0131\u201dn\u0131n \u00f6d\u00fcll\u00fc eserleri ise ilk kez Ye\u015filay Haftas\u0131 kapsam\u0131nda Rami K\u00fct\u00fcphanesi\u2019nde ziyaret\u00e7ilerin be\u011fenisine sunulacak. Ba\u011f\u0131ml\u0131l\u0131\u011fa kar\u015f\u0131 sanat\u0131 \u00f6ne \u00e7\u0131karan Ye\u015filay Karikat\u00fcr Sergisi, bu y\u0131l Marmaray istasyonlar\u0131 ve Rami K\u00fct\u00fcphanesi ba\u015fta olmak \u00fczere \u00e7e\u015fitli illerde sanatseverlerle bulu\u015facak.<br \/>\n1-3-5 Mart tarihlerinde 16.30-18.30 saatleri aras\u0131nda Marmaray \u00dcsk\u00fcdar, Yenikap\u0131, Sirkeci ve Ca\u011falo\u011flu istasyonlar\u0131nda Ye\u015filay Haftas\u0131\u2019na \u00f6zel m\u00fczik dinletileri yap\u0131lacak.<\/p>\n<p>Etkinlikler kapsam\u0131nda 1-7 Mart tarihleri aras\u0131nda S\u00fcper Lig ve TFF 1. Lig de oynanacak ma\u00e7larda t\u00fcm misafir tak\u0131mlar sahaya \u201cHepimiz \u0130\u00e7in Ba\u011f\u0131ms\u0131z Gelecek\u201d yaz\u0131l\u0131 Ye\u015filay pankart\u0131yla \u00e7\u0131kacak.<br \/>\nYe\u015filay\u2019\u0131n do\u011fum g\u00fcn\u00fc olan 5 Mart tarihinde ise Galata Kulesi, Fatih Sultan Mehmet ve Yavuz Sultan Selim K\u00f6pr\u00fcleri, \u00c7aml\u0131ca Kulesi, Dolmabah\u00e7e Saat Kulesi, Sepet\u00e7iler Kasr\u0131 gibi \u0130stanbul\u2019un sembol mek\u00e2nlar\u0131nda ye\u015fil \u0131\u015f\u0131kl\u0131 lazer taramas\u0131 yap\u0131lacak.<\/p>\n<p><img loading=\"lazy\" decoding=\"async\" class=\"alignnone size-full wp-image-140399\" src=\"https:\/\/www.tgrthaber.com\/mavikadin\/wp-content\/uploads\/Yesilay-2.jpg\" alt=\"\" width=\"1208\" height=\"680\" title=\"\" srcset=\"https:\/\/www.tgrthaber.com\/mavikadin\/wp-content\/uploads\/Yesilay-2.jpg 1208w, https:\/\/www.tgrthaber.com\/mavikadin\/wp-content\/uploads\/Yesilay-2-300x169.jpg 300w, https:\/\/www.tgrthaber.com\/mavikadin\/wp-content\/uploads\/Yesilay-2-1024x576.jpg 1024w, https:\/\/www.tgrthaber.com\/mavikadin\/wp-content\/uploads\/Yesilay-2-768x432.jpg 768w\" sizes=\"(max-width: 1208px) 100vw, 1208px\" \/><\/p>\n<hr \/>\n<h3>GEN\u00c7LER SOSYAL MEDYADA FARKINDALIK \u0130\u00c7\u0130N YARI\u015eIYOR!<\/h3>\n<p>Ye\u015filay, gen\u00e7lerin sosyal medyada bilin\u00e7li ve etkili i\u00e7erikler \u00fcretmesini te\u015fvik etmek amac\u0131yla &#8220;Gen\u00e7 Ye\u015filayc\u0131lar \u00d6d\u00fcll\u00fc Reels Yar\u0131\u015fmas\u0131&#8221;n\u0131 ba\u015flat\u0131yor. &#8220;Sosyal Medyay\u0131 En \u0130yi Gen\u00e7 Ye\u015filayc\u0131 Kullan\u0131r; S\u0131n\u0131rlar\u0131n\u0131 \u00c7izer ve Fark\u0131ndal\u0131k Yarat\u0131r&#8221; mottosuyla d\u00fczenlenen yar\u0131\u015fmada, gen\u00e7ler ba\u011f\u0131ml\u0131l\u0131klarla m\u00fccadeleye y\u00f6nelik fark\u0131ndal\u0131k olu\u015fturan k\u0131sa videolar haz\u0131rlayarak yar\u0131\u015fmaya kat\u0131labilecek. Toplam 70.000 TL&#8217;ye varan \u00f6d\u00fcl\u00fcn da\u011f\u0131t\u0131laca\u011f\u0131 yar\u0131\u015fmaya son ba\u015fvuru tarihi 4 Mart olarak belirlenirken, kazananlar 7 Mart\u2019ta a\u00e7\u0131klanacak. Yar\u0131\u015fmaya kat\u0131lmak isteyenler, haz\u0131rlad\u0131klar\u0131 videolar\u0131 #Gen\u00e7Ye\u015filay, #T\u00fcrkiye\u2019ninYe\u015filay\u0131105Ya\u015f\u0131nda ve #Ba\u011f\u0131ms\u0131zl\u0131kSeferberli\u011fi etiketleriyle payla\u015farak @gencyesilayci hesab\u0131n\u0131 etiketleyip DM yoluyla iletebilecek.<\/p>\n<h3>YE\u015e\u0130LAY\u2019IN 105. YILI AVRASYA T\u00dcNEL\u0130\u2019NDE DUYULACAK<\/h3>\n<p>Ye\u015filay\u2019\u0131n 105. y\u0131l\u0131 kapsam\u0131nda Avrasya T\u00fcneli\u2019nde \u00f6zel bir sesli mesaj \u00e7al\u0131\u015fmas\u0131 ger\u00e7ekle\u015ftirilecek. Ye\u015filay\u2019\u0131n 105. y\u0131l\u0131na \u00f6zel olarak haz\u0131rlanan radyo spotlar\u0131 yay\u0131nlanarak, ba\u011f\u0131ms\u0131z ve sa\u011fl\u0131kl\u0131 bir gelecek i\u00e7in fark\u0131ndal\u0131k mesajlar\u0131 iletecek. Bu kapsamda, Ye\u015filay\u2019\u0131n ba\u011f\u0131ms\u0131zl\u0131k seferberli\u011fi vizyonunu ve k\u00f6kl\u00fc ge\u00e7mi\u015fini vurgulayan mesajlar payla\u015f\u0131lacak.<\/p>\n<p>Ayr\u0131ca trafik \u0131\u015f\u0131klar\u0131nda Ye\u015filay hilali ve \u00f6zel sesli mesajlarla ger\u00e7ekle\u015ftirilecek sinyalizasyon \u00e7al\u0131\u015fmas\u0131yla, s\u00fcr\u00fcc\u00fcler ve yayalar ba\u011f\u0131ms\u0131z ve sa\u011fl\u0131kl\u0131 bir ya\u015fam i\u00e7in te\u015fvik edilecek.<\/p>\n<p>\u00d6te yandan, 1-7 Mart haftas\u0131na \u00f6zel tasarlanan Ye\u015filay Gazetesi, saha etkinliklerinde da\u011f\u0131t\u0131lacak.<br \/>\nT\u00fcrkiye Genelinde Fark\u0131ndal\u0131k Etkinlikleri<\/p>\n<p>Ye\u015filay Haftas\u0131 kapsam\u0131nda, Ye\u015filay Dan\u0131\u015fmanl\u0131k Merkezleri (YEDAM), Ye\u015filay Rehabilitasyon Merkezleri (REHAB), \u00fcniversite kul\u00fcpleri, \u015fubeleri, el\u00e7ileri ve g\u00f6n\u00fcll\u00fcleri i\u015f birli\u011fiyle T\u00fcrkiye genelinde geni\u015f \u00e7apl\u0131 bir fark\u0131ndal\u0131k kampanyas\u0131 ba\u015flat\u0131lacak. Bu kapsamda, sergiler, s\u00f6yle\u015filer ve \u00e7e\u015fitli etkinlikler d\u00fczenlenerek, sa\u011fl\u0131kl\u0131 ya\u015fam ve zararl\u0131 al\u0131\u015fkanl\u0131klara kar\u015f\u0131 bilin\u00e7lendirme faaliyetleri ger\u00e7ekle\u015ftirilecek. T\u00fcrkiye\u2019de ve d\u00fcnyada 7\u2019den 70\u2019e her kesime hitap eden bu etkinlikler, Ye\u015filay&#8217;\u0131n ba\u011f\u0131ml\u0131l\u0131klarla m\u00fccadele, \u00f6nleme ve sa\u011fl\u0131kl\u0131 ya\u015fama te\u015fvik etme misyonunu peki\u015ftirecek.<\/p>\n<p><strong>Ye\u015filay Hakk\u0131nda<\/strong><\/p>\n<p>1920 y\u0131l\u0131nda faaliyetlerine ba\u015flayan, d\u00fcnyan\u0131n \u00f6nde gelen sivil toplum kurulu\u015flar\u0131ndan biri olan Ye\u015filay; insan onurunu ve sayg\u0131nl\u0131\u011f\u0131n\u0131 temel al\u0131r. T\u00fcm toplumu ayr\u0131m g\u00f6zetmeden zararl\u0131 al\u0131\u015fkanl\u0131klardan korumak i\u00e7in \u00e7al\u0131\u015f\u0131r. Mill\u00ee ve ahlaki de\u011ferleri \u00f6nceler. Ulusal ve uluslararas\u0131 d\u00fczeyde \u00f6nleyici ve rehabilite edici halk sa\u011fl\u0131\u011f\u0131 ile savunuculuk \u00e7al\u0131\u015fmalar\u0131 y\u00fcr\u00fct\u00fcr. Alkol ba\u011f\u0131ml\u0131l\u0131\u011f\u0131yla m\u00fccadele hedefiyle kurulmu\u015f; kurulu\u015fundan g\u00fcn\u00fcm\u00fcze ba\u011f\u0131ml\u0131l\u0131k t\u00fcrleri art\u0131k\u00e7a Ye\u015filay\u2019\u0131n t\u00fcz\u00fc\u011f\u00fcne yeni \u00e7al\u0131\u015fma alanlar\u0131 eklenmi\u015ftir. Alkolden sonra; t\u00fct\u00fcn, madde, kumar ve teknoloji ba\u011f\u0131ml\u0131l\u0131\u011f\u0131 m\u00fccadele alanlar\u0131na d\u00e2hil olmu\u015ftur.<br \/>\nT\u00fcrkiye genelinde 120 Ye\u015filay \u015fubesi, d\u00fcnya genelinde 97 \u00dclke Ye\u015filay\u2019\u0131 bulunmaktad\u0131r. 2015 y\u0131l\u0131nda kurulan Ye\u015filay Dan\u0131\u015fmanl\u0131k Merkezleriyle (YEDAM) ba\u011f\u0131ml\u0131 bireylere ve yak\u0131nlar\u0131na \u00fccretsiz ayaktan psikososyal destek hizmeti verilmektedir. T\u00fcrkiye\u2019nin 81 ili ve KKTC\u2019de olmak \u00fczere toplam 107 YEDAM bulunmaktad\u0131r. YEDAM\u2019a 115 Dan\u0131\u015fma Hatt\u0131 \u00fczerinden ula\u015f\u0131labilmektedir.<br \/>\nT\u00fcrkiye\u2019ye \u00f6zg\u00fc bir ba\u011f\u0131ml\u0131l\u0131k rehabilitasyon sistemi olan her biri 40\u2019ar yatakl\u0131 Ye\u015filay Rehabilitasyon Merkezleriyle Bursa ile Diyarbak\u0131r\u2019da alkol ve madde ba\u011f\u0131ml\u0131s\u0131 bireylere yatarak hizmet verilmektedir.<br \/>\nToplumu ba\u011f\u0131ml\u0131l\u0131klardan korumak ve bilin\u00e7lendirmek i\u00e7in yapt\u0131\u011f\u0131 \u00e7al\u0131\u015fmalar\u0131ndan dolay\u0131 Ye\u015filay, 1934 y\u0131l\u0131ndan bu yana \u201cKamuya Yararl\u0131 Cemiyetler\u201d aras\u0131nda yer almaktad\u0131r. \u201cBirle\u015fmi\u015f Milletler Ekonomik ve Sosyal Konseyi (ECOSOC) \u00d6zel Dan\u0131\u015fmanl\u0131k Stat\u00fcs\u00fc\u201dne ve \u201cAvrupa Kalite Y\u00f6netimi Vakf\u0131 (EFQM) T\u00fcrkiye M\u00fckemmellik \u00d6d\u00fcl\u00fc\u201dne sahiptir.<\/p>\n","protected":false},"excerpt":{"rendered":"<p>Bu y\u0131l 1-7 Mart tarihleri aras\u0131nda d\u00fczenlenecek Ye\u015filay Haftas\u0131 etkinlikleri, ba\u011f\u0131ml\u0131l\u0131klarla m\u00fccadelede fark\u0131ndal\u0131k yaratmak amac\u0131yla 120 Ye\u015filay \u015eubesi, 97 \u00fclke Ye\u015filay\u2019\u0131 ve 130 binin \u00fczerinde g\u00f6n\u00fcll\u00fcyle kutlan\u0131yor.<\/p>\n","protected":false},"author":5,"featured_media":140402,"comment_status":"closed","ping_status":"closed","sticky":false,"template":"","format":"standard","meta":{"rank_math_lock_modified_date":false,"footnotes":""},"categories":[78],"tags":[12519,12518],"class_list":["post-140394","post","type-post","status-publish","format-standard","has-post-thumbnail","hentry","category-yasam","tag-yesilay","tag-yesilay-haftasi"],"_links":{"self":[{"href":"https:\/\/www.tgrthaber.com\/mavikadin\/wp-json\/wp\/v2\/posts\/140394"}],"collection":[{"href":"https:\/\/www.tgrthaber.com\/mavikadin\/wp-json\/wp\/v2\/posts"}],"about":[{"href":"https:\/\/www.tgrthaber.com\/mavikadin\/wp-json\/wp\/v2\/types\/post"}],"author":[{"embeddable":true,"href":"https:\/\/www.tgrthaber.com\/mavikadin\/wp-json\/wp\/v2\/users\/5"}],"replies":[{"embeddable":true,"href":"https:\/\/www.tgrthaber.com\/mavikadin\/wp-json\/wp\/v2\/comments?post=140394"}],"version-history":[{"count":2,"href":"https:\/\/www.tgrthaber.com\/mavikadin\/wp-json\/wp\/v2\/posts\/140394\/revisions"}],"predecessor-version":[{"id":140404,"href":"https:\/\/www.tgrthaber.com\/mavikadin\/wp-json\/wp\/v2\/posts\/140394\/revisions\/140404"}],"wp:featuredmedia":[{"embeddable":true,"href":"https:\/\/www.tgrthaber.com\/mavikadin\/wp-json\/wp\/v2\/media\/140402"}],"wp:attachment":[{"href":"https:\/\/www.tgrthaber.com\/mavikadin\/wp-json\/wp\/v2\/media?parent=140394"}],"wp:term":[{"taxonomy":"category","embeddable":true,"href":"https:\/\/www.tgrthaber.com\/mavikadin\/wp-json\/wp\/v2\/categories?post=140394"},{"taxonomy":"post_tag","embeddable":true,"href":"https:\/\/www.tgrthaber.com\/mavikadin\/wp-json\/wp\/v2\/tags?post=140394"}],"curies":[{"name":"wp","href":"https:\/\/api.w.org\/{rel}","templated":true}]}}