{"id":140419,"date":"2025-03-01T16:40:22","date_gmt":"2025-03-01T13:40:22","guid":{"rendered":"https:\/\/www.tgrthaber.com\/mavikadin\/?p=140419"},"modified":"2025-03-01T16:43:48","modified_gmt":"2025-03-01T13:43:48","slug":"kral-sakir-hangi-kanalda-yayinlaniyor-kral-sakir-ne-anlatiyor-seslendirmelerini-kim-yapiyor","status":"publish","type":"post","link":"https:\/\/www.tgrthaber.com\/mavikadin\/kral-sakir-hangi-kanalda-yayinlaniyor-kral-sakir-ne-anlatiyor-seslendirmelerini-kim-yapiyor\/","title":{"rendered":"Kral \u015eakir hangi kanalda yay\u0131nlan\u0131yor? Kral \u015eakir ne anlat\u0131yor, seslendirmelerini kim yap\u0131yor?"},"content":{"rendered":"<p>\u00d6zellikle \u00e7ocuklar\u0131n b\u00fcy\u00fck bir ilgiyle takip etti\u011fi Kral \u015eakir \u00e7izgi dizisi, en be\u011fenilen \u00e7izgi diziler aras\u0131nda yer al\u0131yor. Kral \u015eakir \u00e7izgi dizisinin hangi kanalda yay\u0131nland\u0131\u011f\u0131 merak ediliyor? Peki, Kral \u015eakir ne anlat\u0131yor? Kral \u015eakir\u2019in seslendirmelerini kim yap\u0131yor? Kral \u015eakir \u00e7izgi dizisi hakk\u0131nda merak edilenleri sizin i\u00e7in ara\u015ft\u0131rd\u0131k. \u0130\u015fte Kral \u015eakir hakk\u0131nda merak edilenler\u2026<\/p>\n<h3>KRAL \u015eAK\u0130R HANG\u0130 KANALDA YAYINLANIYOR?<\/h3>\n<p>\u00c7ocuklar\u0131 ekran ba\u015f\u0131na kitleyen Kral \u015eakir, Cartoon Network T\u00fcrkiye i\u00e7in Grafi2000 taraf\u0131ndan yap\u0131lm\u0131\u015f bir T\u00fcrk \u00e7izgi dizisidir. 23 Nisan 2016\u2019da \u00f6n g\u00f6sterimi yap\u0131lan Kral \u015eakir, 16 May\u0131s 2016 tarihinde yay\u0131nlanmaya ba\u015flad\u0131. Ekranlar\u0131n sevilen \u00e7izgi dizisi Kral \u015eakir, 11 May\u0131s 2018 tarihinde ilk sinema filmi olan \u201cKral \u015eakir: Oyun Zaman\u0131\u201d olarak g\u00f6sterime girdi.<\/p>\n<p><img loading=\"lazy\" decoding=\"async\" class=\"alignnone wp-image-140424\" src=\"https:\/\/www.tgrthaber.com\/mavikadin\/wp-content\/uploads\/Kral-Sakir-4-1024x576.jpg\" alt=\"Kral \u015eakir hangi kanalda yay\u0131nlan\u0131yor? \" width=\"1208\" height=\"680\" title=\"\" srcset=\"https:\/\/www.tgrthaber.com\/mavikadin\/wp-content\/uploads\/Kral-Sakir-4-1024x576.jpg 1024w, https:\/\/www.tgrthaber.com\/mavikadin\/wp-content\/uploads\/Kral-Sakir-4-300x169.jpg 300w, https:\/\/www.tgrthaber.com\/mavikadin\/wp-content\/uploads\/Kral-Sakir-4-768x432.jpg 768w, https:\/\/www.tgrthaber.com\/mavikadin\/wp-content\/uploads\/Kral-Sakir-4-1536x864.jpg 1536w, https:\/\/www.tgrthaber.com\/mavikadin\/wp-content\/uploads\/Kral-Sakir-4.jpg 1600w\" sizes=\"(max-width: 1208px) 100vw, 1208px\" \/><\/p>\n<hr \/>\n<p>Kral \u015eakir \u00e7izgi dizisi hem konusu hem de ilgi \u00e7ekici karakterleriyle b\u00fcy\u00fckten k\u00fc\u00e7\u00fc\u011fe herkesi ekran ba\u015f\u0131na kilitliyor. \u00d6zellikle de \u00e7ocuklar\u0131n b\u00fcy\u00fck bir ilgiyle takip etti\u011fi Kral \u015eakir, Cartoon Network T\u00fcrkiye ekranlar\u0131nda izleyici kar\u015f\u0131s\u0131na \u00e7\u0131k\u0131yor. G\u00fcn\u00fcn farkl\u0131 saatlerinde \u00fc\u00e7 kez ekranlara gelen Kral \u015eakir, en sevilen \u00e7izgi diziler aras\u0131nda yer al\u0131yor. Kral \u015eakir\u2019in yeni b\u00f6l\u00fcmleri Cartoon Network T\u00fcrkiye ekranlar\u0131n\u0131n yan\u0131 s\u0131ra Kral \u015eakir YouTube kanal\u0131nda da izleyici kar\u015f\u0131s\u0131na \u00e7\u0131k\u0131yor.<\/p>\n<h3>KRAL \u015eAK\u0130R NE ANLATIYOR?<\/h3>\n<p>Kral \u015eakir \u00e7izgi dizisi, bir aslan ailesinin yavrusu olan \u015eakir\u2019in ailesi ve arkada\u015flar\u0131yla olan maceralar\u0131n\u0131 konu al\u0131yor. \u015eakir, ailesiyle birlikte b\u00fcy\u00fck bir \u015fehirde ya\u015famaktad\u0131r. \u015eakir\u2019in \u00e7evresinde e\u011flenceli, komik ve fantastik olaylar geli\u015fir. \u015eakir&#8217;in babas\u0131 Remzi aslan, annesi Kadriye ve k\u0131z karde\u015fi Canan kedidir. Ayn\u0131 zamanda \u015eakir\u2019in Peyami ad\u0131nda bir kaplumba\u011fa dedesi de vard\u0131r. \u015eakir\u2019in arkada\u015flar\u0131ndan biri de Necati ad\u0131ndaki fildir.<\/p>\n<p><img loading=\"lazy\" decoding=\"async\" class=\"alignnone wp-image-140425\" src=\"https:\/\/www.tgrthaber.com\/mavikadin\/wp-content\/uploads\/Kral-Sakir-2-1024x576.jpg\" alt=\"Kral \u015eakir ne anlat\u0131yor\" width=\"1208\" height=\"680\" title=\"\" srcset=\"https:\/\/www.tgrthaber.com\/mavikadin\/wp-content\/uploads\/Kral-Sakir-2-1024x576.jpg 1024w, https:\/\/www.tgrthaber.com\/mavikadin\/wp-content\/uploads\/Kral-Sakir-2-300x169.jpg 300w, https:\/\/www.tgrthaber.com\/mavikadin\/wp-content\/uploads\/Kral-Sakir-2-768x432.jpg 768w, https:\/\/www.tgrthaber.com\/mavikadin\/wp-content\/uploads\/Kral-Sakir-2-1536x864.jpg 1536w, https:\/\/www.tgrthaber.com\/mavikadin\/wp-content\/uploads\/Kral-Sakir-2.jpg 1600w\" sizes=\"(max-width: 1208px) 100vw, 1208px\" \/><\/p>\n<hr \/>\n<p>\u00c7o\u011fu zaman yemek yiyip oyun oynayan Kral \u015eakir, daha \u00e7ok arkada\u015f\u0131 Necati ile vakit ge\u00e7irir. Dizide genellikle g\u00fcnl\u00fck hayattan esinlenen olaylar, e\u011flenceli bir \u015fekilde i\u015flenirken, ayn\u0131 zamanda dostluk, aile ba\u011flar\u0131 ve \u00e7evre bilinci gibi konulara da de\u011finilir. Bilim kurgu ve macera temalar\u0131n\u0131n \u00f6n planda oldu\u011fu \u00e7izgi dizide hem e\u011flenceli hem de \u00f6\u011fretici konular i\u015flenir. \u00c7ocuklar taraf\u0131ndan \u00e7ok sevilen Kral \u015eakir dizisinde yer alan di\u011fer karakterlerden baz\u0131lar\u0131 da \u015funlard\u0131r; Tanju (k\u00f6pek), K\u00fcr\u015fat (akbaba), Cem\u015fit (akbaban\u0131n o\u011flu) ve Mirket ad\u0131nda bilimle u\u011fra\u015fan bir hayvan.<\/p>\n<p><img loading=\"lazy\" decoding=\"async\" class=\"alignnone wp-image-140426\" src=\"https:\/\/www.tgrthaber.com\/mavikadin\/wp-content\/uploads\/Kral-Sakir-1-1024x576.jpg\" alt=\"Kral \u015eakir ne anlat\u0131yor\" width=\"1208\" height=\"680\" title=\"\" srcset=\"https:\/\/www.tgrthaber.com\/mavikadin\/wp-content\/uploads\/Kral-Sakir-1-1024x576.jpg 1024w, https:\/\/www.tgrthaber.com\/mavikadin\/wp-content\/uploads\/Kral-Sakir-1-300x169.jpg 300w, https:\/\/www.tgrthaber.com\/mavikadin\/wp-content\/uploads\/Kral-Sakir-1-768x432.jpg 768w, https:\/\/www.tgrthaber.com\/mavikadin\/wp-content\/uploads\/Kral-Sakir-1-1536x864.jpg 1536w, https:\/\/www.tgrthaber.com\/mavikadin\/wp-content\/uploads\/Kral-Sakir-1.jpg 1600w\" sizes=\"(max-width: 1208px) 100vw, 1208px\" \/><\/p>\n<hr \/>\n<h3>KRAL \u015eAK\u0130R\u2019\u0130N SESLEND\u0130RMELER\u0130N\u0130 K\u0130M YAPIYOR?<\/h3>\n<p>Birbirinden ba\u015far\u0131l\u0131 seslendirme sanat\u00e7\u0131lar\u0131n\u0131n yer ald\u0131\u011f\u0131 Kral \u015eakir \u00e7izgi dizisinde karakterleri seslendiren baz\u0131 oyuncular \u015funlard\u0131r;<\/p>\n<p>Kral \u015eakir \u2013 Mustafa Oral<\/p>\n<p>Remzi (\u015eakir\u2019in babas\u0131) \u2013 Atilla \u015eendil<\/p>\n<p>Fil Necati \u2013 Levent \u00dcnsal (2016-2020) Emre Turanl\u0131 (2020-g\u00fcn\u00fcm\u00fcz)<\/p>\n<p>Kadriye (\u015eakir\u2019in annesi) \u2013 Sema Kahriman<\/p>\n<p>Canan (\u015eakir\u2019in k\u0131z karde\u015fi) \u2013 Didem Atl\u0131han<\/p>\n<p>Mirket \u2013 Onur Akg\u00fclgil<\/p>\n<p>Peyami Dede \u2013 Sedat Y\u0131lmaz<\/p>\n<p>Akbaba K\u00fcr\u015fat \u2013 Bar\u0131\u015f \u00d6zgen\u00e7<\/p>\n","protected":false},"excerpt":{"rendered":"<p>\u00c7ocuklar\u0131n b\u00fcy\u00fck bir ilgiyle takip etti\u011fi Kral \u015eakir \u00e7izgi dizisinin hangi kanalda yay\u0131nland\u0131\u011f\u0131 merak ediliyor? Peki, Kral \u015eakir ne anlat\u0131yor? Seslendirmelerini kim yap\u0131yor? \u0130\u015fte detaylar\u2026 <\/p>\n","protected":false},"author":26,"featured_media":140421,"comment_status":"closed","ping_status":"closed","sticky":false,"template":"","format":"standard","meta":{"rank_math_lock_modified_date":false,"footnotes":""},"categories":[101],"tags":[12525,12526,12523,12524],"class_list":["post-140419","post","type-post","status-publish","format-standard","has-post-thumbnail","hentry","category-kesfet","tag-cizgi-dizi","tag-cizgi-film","tag-kral-sakir","tag-kral-sakir-cizgi-dizisi"],"_links":{"self":[{"href":"https:\/\/www.tgrthaber.com\/mavikadin\/wp-json\/wp\/v2\/posts\/140419"}],"collection":[{"href":"https:\/\/www.tgrthaber.com\/mavikadin\/wp-json\/wp\/v2\/posts"}],"about":[{"href":"https:\/\/www.tgrthaber.com\/mavikadin\/wp-json\/wp\/v2\/types\/post"}],"author":[{"embeddable":true,"href":"https:\/\/www.tgrthaber.com\/mavikadin\/wp-json\/wp\/v2\/users\/26"}],"replies":[{"embeddable":true,"href":"https:\/\/www.tgrthaber.com\/mavikadin\/wp-json\/wp\/v2\/comments?post=140419"}],"version-history":[{"count":3,"href":"https:\/\/www.tgrthaber.com\/mavikadin\/wp-json\/wp\/v2\/posts\/140419\/revisions"}],"predecessor-version":[{"id":140427,"href":"https:\/\/www.tgrthaber.com\/mavikadin\/wp-json\/wp\/v2\/posts\/140419\/revisions\/140427"}],"wp:featuredmedia":[{"embeddable":true,"href":"https:\/\/www.tgrthaber.com\/mavikadin\/wp-json\/wp\/v2\/media\/140421"}],"wp:attachment":[{"href":"https:\/\/www.tgrthaber.com\/mavikadin\/wp-json\/wp\/v2\/media?parent=140419"}],"wp:term":[{"taxonomy":"category","embeddable":true,"href":"https:\/\/www.tgrthaber.com\/mavikadin\/wp-json\/wp\/v2\/categories?post=140419"},{"taxonomy":"post_tag","embeddable":true,"href":"https:\/\/www.tgrthaber.com\/mavikadin\/wp-json\/wp\/v2\/tags?post=140419"}],"curies":[{"name":"wp","href":"https:\/\/api.w.org\/{rel}","templated":true}]}}