{"id":140420,"date":"2025-03-01T16:46:06","date_gmt":"2025-03-01T13:46:06","guid":{"rendered":"https:\/\/www.tgrthaber.com\/mavikadin\/?p=140420"},"modified":"2025-03-01T16:46:06","modified_gmt":"2025-03-01T13:46:06","slug":"evde-yumurtali-ramazan-pidesi-nasil-yapilir-ici-yumusacik-uzeri-citir-citir","status":"publish","type":"post","link":"https:\/\/www.tgrthaber.com\/mavikadin\/evde-yumurtali-ramazan-pidesi-nasil-yapilir-ici-yumusacik-uzeri-citir-citir\/","title":{"rendered":"Evde yumurtal\u0131 Ramazan pidesi nas\u0131l yap\u0131l\u0131r? \u0130\u00e7i yumu\u015fac\u0131k \u00fczeri \u00e7\u0131t\u0131r \u00e7\u0131t\u0131r"},"content":{"rendered":"<p>Ramazan ay\u0131n\u0131n gelmesiyle beraber evde Ramazan pidesi yapmak isteyenlerin say\u0131s\u0131 da art\u0131\u015f g\u00f6steriyor. Mis gibi kokusu ve yumu\u015fac\u0131k dokusuyla sofralar\u0131n vazge\u00e7ilmezi Ramazan pidesini evde de kolayl\u0131kla haz\u0131rlayabilirsiniz.<\/p>\n<h3>EVDE YUMURTALI RAMAZAN P\u0130DES\u0130 NASIL YAPILIR?<\/h3>\n<p>Herkesin bay\u0131larak yedi\u011fi Ramazan pidesini evde denemek isteyenler i\u00e7in harika bir tarifimiz var. Evde Ramazan pidesi yapmak i\u00e7in malzemeler \u00e7ok basit. Daha \u00f6nce yapmayanlar bile rahatl\u0131kla yapabilirler.<\/p>\n<p><img loading=\"lazy\" decoding=\"async\" class=\"alignnone size-full wp-image-140429\" src=\"https:\/\/www.tgrthaber.com\/mavikadin\/wp-content\/uploads\/pide-1.jpg\" alt=\"\" width=\"1208\" height=\"680\" title=\"\" srcset=\"https:\/\/www.tgrthaber.com\/mavikadin\/wp-content\/uploads\/pide-1.jpg 1208w, https:\/\/www.tgrthaber.com\/mavikadin\/wp-content\/uploads\/pide-1-300x169.jpg 300w, https:\/\/www.tgrthaber.com\/mavikadin\/wp-content\/uploads\/pide-1-1024x576.jpg 1024w, https:\/\/www.tgrthaber.com\/mavikadin\/wp-content\/uploads\/pide-1-768x432.jpg 768w\" sizes=\"(max-width: 1208px) 100vw, 1208px\" \/><\/p>\n<hr \/>\n<p><strong>Yumurtal\u0131 Ramazan Pidesi Tarifi \u0130\u00e7in Malzemeler<\/strong><\/p>\n<p><strong>Hamuru i\u00e7in;<\/strong><br \/>\n1 \u00e7ay barda\u011f\u0131 \u0131l\u0131k s\u00fct<br \/>\n1 \u00e7ay barda\u011f\u0131 \u0131l\u0131k su<br \/>\n1 tatl\u0131 ka\u015f\u0131\u011f\u0131 kuru maya<br \/>\n1 silme tatl\u0131 ka\u015f\u0131\u011f\u0131 toz \u015feker<br \/>\n1 silme tatl\u0131 ka\u015f\u0131\u011f\u0131 tuz<br \/>\n1 yumurta beyaz\u0131<br \/>\n5 \u00e7ay barda\u011f\u0131 un<\/p>\n<p><strong>Sos malzemeleri;<\/strong><\/p>\n<p>1 yumurta sar\u0131s\u0131<br \/>\n1 yemek ka\u015f\u0131\u011f\u0131 yo\u011furt<br \/>\n1 tatl\u0131 ka\u015f\u0131\u011f\u0131 tereya\u011f\u0131<\/p>\n<p><strong>S\u00fcsleme malzemeleri;<\/strong><\/p>\n<p>\u00c7\u00f6rek otu<br \/>\nSusam<\/p>\n<p><img loading=\"lazy\" decoding=\"async\" class=\"alignnone size-full wp-image-140430\" src=\"https:\/\/www.tgrthaber.com\/mavikadin\/wp-content\/uploads\/pide-4.jpg\" alt=\"\" width=\"1208\" height=\"680\" title=\"\" srcset=\"https:\/\/www.tgrthaber.com\/mavikadin\/wp-content\/uploads\/pide-4.jpg 1208w, https:\/\/www.tgrthaber.com\/mavikadin\/wp-content\/uploads\/pide-4-300x169.jpg 300w, https:\/\/www.tgrthaber.com\/mavikadin\/wp-content\/uploads\/pide-4-1024x576.jpg 1024w, https:\/\/www.tgrthaber.com\/mavikadin\/wp-content\/uploads\/pide-4-768x432.jpg 768w\" sizes=\"(max-width: 1208px) 100vw, 1208px\" \/><\/p>\n<hr \/>\n<h3>YUMURTALI RAMAZAN P\u0130DES\u0130 HAZIRLANI\u015eI<\/h3>\n<p>Ramazan pidesini haz\u0131rlamak i\u00e7in \u00f6ncelikle derin bir kap i\u00e7ine \u0131l\u0131k s\u00fct ve su d\u00f6k\u00fcl\u00fcr. Ard\u0131ndan maya ve toz \u015feker eklenir. Daha sonda maya olmas\u0131 i\u00e7in yakla\u015f\u0131k 15 dakika beklemeniz gerekiyor.<\/p>\n<p>Tuz ve unu ekleyip yo\u011furma i\u015flemine ge\u00e7ebilirsiniz. Un miktar\u0131n\u0131 bardak b\u00fcy\u00fckl\u00fc\u011f\u00fcne ba\u011fl\u0131 olacak \u015fekilde kontroll\u00fc eklemekte fayda var.<\/p>\n<p><img loading=\"lazy\" decoding=\"async\" class=\"alignnone size-full wp-image-140431\" src=\"https:\/\/www.tgrthaber.com\/mavikadin\/wp-content\/uploads\/pide-3.jpg\" alt=\"\" width=\"1208\" height=\"680\" title=\"\" srcset=\"https:\/\/www.tgrthaber.com\/mavikadin\/wp-content\/uploads\/pide-3.jpg 1208w, https:\/\/www.tgrthaber.com\/mavikadin\/wp-content\/uploads\/pide-3-300x169.jpg 300w, https:\/\/www.tgrthaber.com\/mavikadin\/wp-content\/uploads\/pide-3-1024x576.jpg 1024w, https:\/\/www.tgrthaber.com\/mavikadin\/wp-content\/uploads\/pide-3-768x432.jpg 768w\" sizes=\"(max-width: 1208px) 100vw, 1208px\" \/><\/p>\n<hr \/>\n<p>Hamur biraz ele yap\u0131\u015facak k\u0131vamda yumu\u015fak olmal\u0131. Daha sonra 40-45 dakika \u00fczerini \u00f6rt\u00fcp mayalanmas\u0131n\u0131 beklemelisiniz.<\/p>\n<p>Daha sonra hamuru tepsiye al\u0131p daire \u015feklini verin. 10-15 dk. tepside mayalanmas\u0131 i\u00e7in bekletelim.<\/p>\n<p>Yo\u011furt ve tereya\u011f\u0131n\u0131 ve yumurta sar\u0131s\u0131n\u0131 kar\u0131\u015ft\u0131ral\u0131m. Pideye parmak u\u00e7lar\u0131n\u0131zla bast\u0131rarak \u015fekil verebilirsiniz.<\/p>\n<p>Daha sonra sosunu s\u00fcr\u00fcn. \u00dczerine de susam ve \u00e7\u00f6rek otunu serpelim.<\/p>\n<p>F\u0131r\u0131nda 180\u00b0-200\u00b0 de \u00fczeri k\u0131zarana kadar 25 dakikaya kadar kontroll\u00fc \u015fekilde pi\u015firmeye b\u0131rak\u0131n.<br \/>\nDeneyenlere afiyet olsun.<\/p>\n<p><img loading=\"lazy\" decoding=\"async\" class=\"alignnone size-full wp-image-140432\" src=\"https:\/\/www.tgrthaber.com\/mavikadin\/wp-content\/uploads\/pide-2.jpg\" alt=\"\" width=\"1208\" height=\"680\" title=\"\" srcset=\"https:\/\/www.tgrthaber.com\/mavikadin\/wp-content\/uploads\/pide-2.jpg 1208w, https:\/\/www.tgrthaber.com\/mavikadin\/wp-content\/uploads\/pide-2-300x169.jpg 300w, https:\/\/www.tgrthaber.com\/mavikadin\/wp-content\/uploads\/pide-2-1024x576.jpg 1024w, https:\/\/www.tgrthaber.com\/mavikadin\/wp-content\/uploads\/pide-2-768x432.jpg 768w\" sizes=\"(max-width: 1208px) 100vw, 1208px\" \/><\/p>\n<hr \/>\n<h3>RAMAZAN P\u0130DES\u0130 BUZLUKTA SAKLANIR MI?<\/h3>\n<p>Ramazan pidelerinin ziyan olmas\u0131n\u0131 \u00f6nlemek i\u00e7in buzlukta saklayabilirsiniz.<\/p>\n<p>Pidenizi buzdolab\u0131 po\u015fetinin i\u00e7erisine koyun ve derin dondurucuda kullanaca\u011f\u0131n\u0131z zamana kadar saklay\u0131n. Bu sayede pideniz tazeli\u011fini koruyacakt\u0131r.<\/p>\n","protected":false},"excerpt":{"rendered":"<p>&#8216;Evde yumurtal\u0131 Ramazan pidesi nas\u0131l yap\u0131l\u0131r?&#8217; ara\u015ft\u0131r\u0131l\u0131yor. Ramazan ay\u0131n\u0131n gelmesiyle beraber haz\u0131r pide almak istemeyenler i\u00e7in evde kolayl\u0131kla yap\u0131lacak pide tarifi tam size g\u00f6re.<\/p>\n","protected":false},"author":5,"featured_media":140428,"comment_status":"closed","ping_status":"closed","sticky":false,"template":"","format":"standard","meta":{"rank_math_lock_modified_date":false,"footnotes":""},"categories":[191],"tags":[12527,11518],"class_list":["post-140420","post","type-post","status-publish","format-standard","has-post-thumbnail","hentry","category-yemek-tarifleri","tag-pide-tarifi","tag-ramazan-pidesi"],"_links":{"self":[{"href":"https:\/\/www.tgrthaber.com\/mavikadin\/wp-json\/wp\/v2\/posts\/140420"}],"collection":[{"href":"https:\/\/www.tgrthaber.com\/mavikadin\/wp-json\/wp\/v2\/posts"}],"about":[{"href":"https:\/\/www.tgrthaber.com\/mavikadin\/wp-json\/wp\/v2\/types\/post"}],"author":[{"embeddable":true,"href":"https:\/\/www.tgrthaber.com\/mavikadin\/wp-json\/wp\/v2\/users\/5"}],"replies":[{"embeddable":true,"href":"https:\/\/www.tgrthaber.com\/mavikadin\/wp-json\/wp\/v2\/comments?post=140420"}],"version-history":[{"count":2,"href":"https:\/\/www.tgrthaber.com\/mavikadin\/wp-json\/wp\/v2\/posts\/140420\/revisions"}],"predecessor-version":[{"id":140434,"href":"https:\/\/www.tgrthaber.com\/mavikadin\/wp-json\/wp\/v2\/posts\/140420\/revisions\/140434"}],"wp:featuredmedia":[{"embeddable":true,"href":"https:\/\/www.tgrthaber.com\/mavikadin\/wp-json\/wp\/v2\/media\/140428"}],"wp:attachment":[{"href":"https:\/\/www.tgrthaber.com\/mavikadin\/wp-json\/wp\/v2\/media?parent=140420"}],"wp:term":[{"taxonomy":"category","embeddable":true,"href":"https:\/\/www.tgrthaber.com\/mavikadin\/wp-json\/wp\/v2\/categories?post=140420"},{"taxonomy":"post_tag","embeddable":true,"href":"https:\/\/www.tgrthaber.com\/mavikadin\/wp-json\/wp\/v2\/tags?post=140420"}],"curies":[{"name":"wp","href":"https:\/\/api.w.org\/{rel}","templated":true}]}}