{"id":140436,"date":"2025-03-01T17:30:52","date_gmt":"2025-03-01T14:30:52","guid":{"rendered":"https:\/\/www.tgrthaber.com\/mavikadin\/?p=140436"},"modified":"2025-03-01T17:38:26","modified_gmt":"2025-03-01T14:38:26","slug":"kizilcik-serbeti-91-bolum-fragmani-gundem-oldu-nursema-ve-firaz-ilhami-simdi-ne-yapacak","status":"publish","type":"post","link":"https:\/\/www.tgrthaber.com\/mavikadin\/kizilcik-serbeti-91-bolum-fragmani-gundem-oldu-nursema-ve-firaz-ilhami-simdi-ne-yapacak\/","title":{"rendered":"K\u0131z\u0131lc\u0131k \u015eerbeti 91. b\u00f6l\u00fcm fragman\u0131 g\u00fcndem oldu! Nursema ve Firaz \u0130lhami \u015fimdi ne yapacak?"},"content":{"rendered":"<p>\u0130lgiyle takip edilen K\u0131z\u0131lc\u0131k \u015eerbeti dizisinin 91. b\u00f6l\u00fcm\u00fc yay\u0131nland\u0131. Yeni b\u00f6l\u00fcm fragman\u0131nda Nursema ve Firaz\u2019\u0131n birbirlerine olan a\u015fk\u0131 dikkat \u00e7ekti. Nursema ve Firaz \u0130lhami&#8217;nin beklenmedik m\u00fcdahalesiyle b\u00fcy\u00fck bir s\u0131navdan ge\u00e7ecek.<\/p>\n<h3>KIZILCIK \u015eERBET\u0130 91. B\u00d6L\u00dcM FRAGMANI YAYINLANDI!<\/h3>\n<p>Show TV\u2019nin sevilen dizisi K\u0131z\u0131lc\u0131k \u015eerbeti, her hafta Cuma ak\u015famlar\u0131 izleyiciyi ekran ba\u015f\u0131na kilitlemeyi ba\u015far\u0131yor.<\/p>\n<div style=\"width: 640px;\" class=\"wp-video\"><!--[if lt IE 9]><script>document.createElement('video');<\/script><![endif]-->\n<video class=\"wp-video-shortcode\" id=\"video-140436-1\" width=\"640\" height=\"640\" preload=\"metadata\" controls=\"controls\"><source type=\"video\/mp4\" src=\"https:\/\/www.tgrthaber.com\/mavikadin\/wp-content\/uploads\/Brown-Minimalist-and-Elegant-Coffee-Shop-Promotion-Square-Video-6.mp4?_=1\" \/><a href=\"https:\/\/www.tgrthaber.com\/mavikadin\/wp-content\/uploads\/Brown-Minimalist-and-Elegant-Coffee-Shop-Promotion-Square-Video-6.mp4\">https:\/\/www.tgrthaber.com\/mavikadin\/wp-content\/uploads\/Brown-Minimalist-and-Elegant-Coffee-Shop-Promotion-Square-Video-6.mp4<\/a><\/video><\/div>\n<hr \/>\n<p>Reytinglerdeki ba\u015far\u0131s\u0131 g\u00fc\u00e7 ge\u00e7tik\u00e7e artan K\u0131z\u0131lc\u0131k \u015eerbeti&#8217;nin 91. b\u00f6l\u00fcm fragman\u0131 \u015fimdiden g\u00fcndem oldu.<\/p>\n<p>Ba\u015frollerinde Ceren Karako\u00e7, Bar\u0131\u015f K\u0131l\u0131\u00e7 ve Evrim Alasya gibi ba\u015far\u0131l\u0131 oyuncular\u0131n yer ald\u0131\u011f\u0131 K\u0131z\u0131lc\u0131k \u015eerbeti&#8217;nde yeni b\u00f6l\u00fcm ilk fragman\u0131yla heyecan uyand\u0131rd\u0131.<\/p>\n<p><img loading=\"lazy\" decoding=\"async\" class=\"alignnone size-full wp-image-140444\" src=\"https:\/\/www.tgrthaber.com\/mavikadin\/wp-content\/uploads\/Kizilcik-Serbeti-4-6.jpg\" alt=\"\" width=\"1208\" height=\"680\" title=\"\" srcset=\"https:\/\/www.tgrthaber.com\/mavikadin\/wp-content\/uploads\/Kizilcik-Serbeti-4-6.jpg 1208w, https:\/\/www.tgrthaber.com\/mavikadin\/wp-content\/uploads\/Kizilcik-Serbeti-4-6-300x169.jpg 300w, https:\/\/www.tgrthaber.com\/mavikadin\/wp-content\/uploads\/Kizilcik-Serbeti-4-6-1024x576.jpg 1024w, https:\/\/www.tgrthaber.com\/mavikadin\/wp-content\/uploads\/Kizilcik-Serbeti-4-6-768x432.jpg 768w\" sizes=\"(max-width: 1208px) 100vw, 1208px\" \/><\/p>\n<hr \/>\n<p>Fragmanda dikkat \u00e7eken sahnelerden biri Nursema\u2019n\u0131n Firaz\u2019a olan duygular\u0131n\u0131 ilk defa a\u00e7\u0131k \u015fekilde anlatmas\u0131 oluyor. Bu itiraf sonras\u0131nda geli\u015fen olaylar ise dizide nefeslerin tutulmas\u0131na neden olacak.<\/p>\n<p>Ancak Firaz ve Nursema\u2019n\u0131n aras\u0131ndaki bu a\u015fk\u0131n b\u00fcy\u00fck bir s\u0131navdan ge\u00e7mesi gerekecek.<\/p>\n<h3>\u0130LHAMI\u2019NIN PLANI NE?<\/h3>\n<p>\u0130lhami Nursema ile ni\u015fan yapmaya karar vermek \u00fczereyken i\u00e7inde tuttu\u011fu duygular\u0131 art\u0131k bast\u0131ramaz ve Firaz&#8217;a a\u00e7\u0131l\u0131r.<\/p>\n<p><img loading=\"lazy\" decoding=\"async\" class=\"alignnone size-full wp-image-140445\" src=\"https:\/\/www.tgrthaber.com\/mavikadin\/wp-content\/uploads\/Kizilcik-Serbeti-3-6.jpg\" alt=\"\" width=\"1208\" height=\"680\" title=\"\" srcset=\"https:\/\/www.tgrthaber.com\/mavikadin\/wp-content\/uploads\/Kizilcik-Serbeti-3-6.jpg 1208w, https:\/\/www.tgrthaber.com\/mavikadin\/wp-content\/uploads\/Kizilcik-Serbeti-3-6-300x169.jpg 300w, https:\/\/www.tgrthaber.com\/mavikadin\/wp-content\/uploads\/Kizilcik-Serbeti-3-6-1024x576.jpg 1024w, https:\/\/www.tgrthaber.com\/mavikadin\/wp-content\/uploads\/Kizilcik-Serbeti-3-6-768x432.jpg 768w\" sizes=\"(max-width: 1208px) 100vw, 1208px\" \/><\/p>\n<hr \/>\n<p>Bu s\u0131rada devreye \u0130lhami girer ve olaylar bu noktadan sonra kopar. Ailelerin de durumu \u00f6\u011frenmesinin ard\u0131ndan Nursema i\u00e7in art\u0131k hi\u00e7bir \u015fey eskisi gibi olmaz. \u0130lhami\u2019nin evlilik planlar\u0131 ikili aras\u0131ndaki a\u015fk\u0131 engellemeye yetecek mi merak ediliyor.<\/p>\n<h3>&#8220;KILINA ZARAR GEL\u0130RSE, BEN BU \u015eEHR\u0130 YAKARIM&#8221;<\/h3>\n<p>Nursema\u2019n\u0131n zor durumda kal\u0131\u015f\u0131na \u00e7ok \u00fcz\u00fclen Firaz, \u201cE\u011fer k\u0131l\u0131na zarar gelirse, ben bu \u015fehri yakar\u0131m\u201d diyerek a\u015fk\u0131na sahip \u00e7\u0131k\u0131yor ve annesi Asudeyi de kar\u015f\u0131s\u0131na alarak, \u201cBen bu saatten sonra, hem kendimin, hem sevgimin hem de sevdi\u011fim kad\u0131n\u0131n arkas\u0131nda duraca\u011f\u0131m.. Bunu akl\u0131na yaz\u201d diyor. Bu arada Nursema ile Firaz\u2019\u0131 konu\u015furken g\u00f6ren imam \u0130lhami, Abdullah Bey\u2019in yan\u0131na giderek, \u201cNursema ile \u00e7\u0131kt\u0131\u011f\u0131m\u0131z yolu tamamlamak isterim, bir an \u00f6nce nikah\u0131m\u0131z\u0131 k\u0131yal\u0131m\u201d diyor.<\/p>\n<p><img loading=\"lazy\" decoding=\"async\" class=\"alignnone wp-image-140446\" src=\"https:\/\/www.tgrthaber.com\/mavikadin\/wp-content\/uploads\/kizilcik-serbeti-91-bolum-tanitimi-6.jpg\" alt=\"\" width=\"1208\" height=\"685\" title=\"\" srcset=\"https:\/\/www.tgrthaber.com\/mavikadin\/wp-content\/uploads\/kizilcik-serbeti-91-bolum-tanitimi-6.jpg 1033w, https:\/\/www.tgrthaber.com\/mavikadin\/wp-content\/uploads\/kizilcik-serbeti-91-bolum-tanitimi-6-300x170.jpg 300w, https:\/\/www.tgrthaber.com\/mavikadin\/wp-content\/uploads\/kizilcik-serbeti-91-bolum-tanitimi-6-1024x581.jpg 1024w, https:\/\/www.tgrthaber.com\/mavikadin\/wp-content\/uploads\/kizilcik-serbeti-91-bolum-tanitimi-6-768x436.jpg 768w\" sizes=\"(max-width: 1208px) 100vw, 1208px\" \/><\/p>\n<hr \/>\n<p>Di\u011fer yandan k\u0131z\u0131 Do\u011fa\u2019n\u0131n abart\u0131l\u0131 de\u011fi\u015fimine tepki veren K\u0131v\u0131lc\u0131m, \u201cB\u00f6yle g\u00f6rg\u00fcs\u00fcz tav\u0131rlar, herkese bir \u00fcstten bakmalar\u201d s\u00f6zlerini Do\u011fa\u2019n\u0131n y\u00fcz\u00fcne s\u00f6ylemekten \u00e7ekinmiyor. Ama Do\u011fa bu yeni hayat\u0131n\u0131 \u00e7ok sevmi\u015fe benziyor.<\/p>\n<h3>KIZILCIK \u015eERBET\u0130 91. B\u00d6L\u00dcM NE ZAMAN?<\/h3>\n<p>K\u0131z\u0131lc\u0131k \u015eertbeti&#8217;nin 91. b\u00f6l\u00fcm\u00fc 7 Mart 2025 Cuma ak\u015fam\u0131 saat 20.00&#8217;de Show ekranlar\u0131na gelecek.<\/p>\n","protected":false},"excerpt":{"rendered":"<p>K\u0131z\u0131lc\u0131k \u015eerbeti 91. b\u00f6l\u00fcm fragman\u0131 g\u00fcndem oldu. Cuma g\u00fcnlerinin vazge\u00e7ilmez dizisi K\u0131z\u0131lc\u0131k \u015eerbeti&#8217;nde yeni b\u00f6l\u00fcm \u015fimdiden merak edildi.<\/p>\n","protected":false},"author":5,"featured_media":140447,"comment_status":"closed","ping_status":"closed","sticky":false,"template":"","format":"standard","meta":{"rank_math_lock_modified_date":false,"footnotes":""},"categories":[602],"tags":[2628,157],"class_list":["post-140436","post","type-post","status-publish","format-standard","has-post-thumbnail","hentry","category-diziler","tag-dizi-haberleri","tag-kizilcik-serbeti"],"_links":{"self":[{"href":"https:\/\/www.tgrthaber.com\/mavikadin\/wp-json\/wp\/v2\/posts\/140436"}],"collection":[{"href":"https:\/\/www.tgrthaber.com\/mavikadin\/wp-json\/wp\/v2\/posts"}],"about":[{"href":"https:\/\/www.tgrthaber.com\/mavikadin\/wp-json\/wp\/v2\/types\/post"}],"author":[{"embeddable":true,"href":"https:\/\/www.tgrthaber.com\/mavikadin\/wp-json\/wp\/v2\/users\/5"}],"replies":[{"embeddable":true,"href":"https:\/\/www.tgrthaber.com\/mavikadin\/wp-json\/wp\/v2\/comments?post=140436"}],"version-history":[{"count":4,"href":"https:\/\/www.tgrthaber.com\/mavikadin\/wp-json\/wp\/v2\/posts\/140436\/revisions"}],"predecessor-version":[{"id":140453,"href":"https:\/\/www.tgrthaber.com\/mavikadin\/wp-json\/wp\/v2\/posts\/140436\/revisions\/140453"}],"wp:featuredmedia":[{"embeddable":true,"href":"https:\/\/www.tgrthaber.com\/mavikadin\/wp-json\/wp\/v2\/media\/140447"}],"wp:attachment":[{"href":"https:\/\/www.tgrthaber.com\/mavikadin\/wp-json\/wp\/v2\/media?parent=140436"}],"wp:term":[{"taxonomy":"category","embeddable":true,"href":"https:\/\/www.tgrthaber.com\/mavikadin\/wp-json\/wp\/v2\/categories?post=140436"},{"taxonomy":"post_tag","embeddable":true,"href":"https:\/\/www.tgrthaber.com\/mavikadin\/wp-json\/wp\/v2\/tags?post=140436"}],"curies":[{"name":"wp","href":"https:\/\/api.w.org\/{rel}","templated":true}]}}