{"id":140455,"date":"2025-03-01T18:06:57","date_gmt":"2025-03-01T15:06:57","guid":{"rendered":"https:\/\/www.tgrthaber.com\/mavikadin\/?p=140455"},"modified":"2025-03-01T18:06:57","modified_gmt":"2025-03-01T15:06:57","slug":"vefa-sultan-dizisi-tabii-de-var-mi","status":"publish","type":"post","link":"https:\/\/www.tgrthaber.com\/mavikadin\/vefa-sultan-dizisi-tabii-de-var-mi\/","title":{"rendered":"Vefa Sultan dizisi Tabii de var m\u0131?"},"content":{"rendered":"<p class=\"p1\">Ramazan ay\u0131na \u00f6zel olarak haz\u0131rlanan Vefa Sultan dizisi, Osmanl\u0131\u2019n\u0131n kurulu\u015f d\u00f6nemine \u0131\u015f\u0131k tutacak. TRT 1 ekranlar\u0131nda yay\u0131nlanacak olan yap\u0131m, \u0130stanbul\u2019un manevi sultanlar\u0131ndan Muslihuddin Mustafa\u2019n\u0131n hayat\u0131n\u0131 konu al\u0131yor. Osmanl\u0131\u2019n\u0131n manevi miras\u0131n\u0131 izleyiciyle bulu\u015fturacak dizi, 1 Mart 2025 Cumartesi g\u00fcn\u00fc saat 23:55\u2019te ilk b\u00f6l\u00fcm\u00fcyle ekrana gelecek. TRT1\u2019in merakla beklenen dizisi Tabii platformunda var m\u0131? Vefa Sultan hangi platformlardan izlenebilir? Vefa Sultan hikayesi ger\u00e7ek mi? \u0130\u015fte dizi hakk\u0131nda t\u00fcm merak edilen sorular\u0131n cevaplar\u0131\u2026<\/p>\n<h3 class=\"p1\"><b>VEFA SULTAN D\u0130Z\u0130S\u0130 NE ZAMAN BA\u015eLIYOR?<\/b><b><\/b><\/h3>\n<p class=\"p1\">TRT 1 ekranlar\u0131nda Ramazan ay\u0131na \u00f6zel olarak yay\u0131nlanacak Vefa Sultan, 1 Mart 2025\u2019te izleyiciyle bulu\u015fmaya haz\u0131rlan\u0131yor. Dizi, Osmanl\u0131\u2019n\u0131n sosyal ve k\u00fclt\u00fcrel yap\u0131s\u0131n\u0131 ekrana ta\u015f\u0131yacak. \u0130smail Ege \u015ea\u015fmaz, Muslihuddin Mustafa karakterini oynarken, ona Alper T\u00fcredi, Mert Karabulut, \u00d6mer Turan, Derda Yasir Yenal ve Merve \u00dc\u00e7er gibi deneyimli oyuncular e\u015flik edecek. Ramazan ay\u0131 boyunca her ak\u015fam saat 23:55\u2019te TRT 1 ekranlar\u0131nda yay\u0131nlanacak olan dizi, Osmanl\u0131\u2019n\u0131n manevi atmosferini izleyicilere sunacak.<\/p>\n<p><img loading=\"lazy\" decoding=\"async\" class=\"alignnone wp-image-140467 \" src=\"https:\/\/www.tgrthaber.com\/mavikadin\/wp-content\/uploads\/Ekran-Resmi-2025-03-01-17.58.55.png\" alt=\"\" width=\"994\" height=\"582\" title=\"\" srcset=\"https:\/\/www.tgrthaber.com\/mavikadin\/wp-content\/uploads\/Ekran-Resmi-2025-03-01-17.58.55.png 946w, https:\/\/www.tgrthaber.com\/mavikadin\/wp-content\/uploads\/Ekran-Resmi-2025-03-01-17.58.55-300x176.png 300w, https:\/\/www.tgrthaber.com\/mavikadin\/wp-content\/uploads\/Ekran-Resmi-2025-03-01-17.58.55-768x450.png 768w\" sizes=\"(max-width: 994px) 100vw, 994px\" \/><\/p>\n<hr \/>\n<h3 class=\"p1\"><b>VEFA SULTAN D\u0130Z\u0130S\u0130 TAB\u0130\u0130 PLATFORMUNDA VAR MI?\u00a0<\/b><\/h3>\n<p class=\"p1\">Vefa Sultan dizisi \u015fu an i\u00e7in Tabii platformunda bulunmuyor. Yap\u0131m, TRT 1 ekranlar\u0131ndan \u00fccretsiz olarak izlenebilecek. Diziye ait b\u00f6l\u00fcmler, TRT \u0130zle ve TRT 1\u2019in resmi internet sitesi \u00fczerinden de takip edilebilecek.<\/p>\n<h3 class=\"p1\"><b>VEFA SULTAN D\u0130Z\u0130S\u0130 GER\u00c7EK M\u0130?\u00a0<\/b><b><\/b><\/h3>\n<p class=\"p1\">Dizi, Osmanl\u0131 d\u00f6neminin \u00f6nemli isimlerinden biri olan Muslihuddin Mustafa\u2019n\u0131n (Vefa Sultan) ya\u015fam\u0131n\u0131 temel al\u0131yor. Tarihsel bir \u00e7er\u00e7evede haz\u0131rlanan yap\u0131m, Osmanl\u0131\u2019n\u0131n manevi mimarlar\u0131ndan biri olarak bilinen Vefa Sultan\u2019\u0131n ilme ve bilime katk\u0131lar\u0131n\u0131 ekrana ta\u015f\u0131yor.<\/p>\n<p><img loading=\"lazy\" decoding=\"async\" class=\"alignnone wp-image-140468 size-full\" src=\"https:\/\/www.tgrthaber.com\/mavikadin\/wp-content\/uploads\/Ekran-Resmi-2025-03-01-17.59.00.png\" alt=\"\" width=\"982\" height=\"564\" title=\"\" srcset=\"https:\/\/www.tgrthaber.com\/mavikadin\/wp-content\/uploads\/Ekran-Resmi-2025-03-01-17.59.00.png 982w, https:\/\/www.tgrthaber.com\/mavikadin\/wp-content\/uploads\/Ekran-Resmi-2025-03-01-17.59.00-300x172.png 300w, https:\/\/www.tgrthaber.com\/mavikadin\/wp-content\/uploads\/Ekran-Resmi-2025-03-01-17.59.00-768x441.png 768w\" sizes=\"(max-width: 982px) 100vw, 982px\" \/><\/p>\n<h3 class=\"p1\"><b>VEFA SULTAN D\u0130Z\u0130S\u0130 HANG\u0130 PLATFORMLARDAN \u0130ZLEN\u0130R?\u00a0<\/b><\/h3>\n<p class=\"p1\">Vefa Sultan dizisi, TRT 1 kanal\u0131nda yay\u0131nlanacak. Ayr\u0131ca TRT \u0130zle, TRT 1\u2019in resmi sitesi ve TRT\u2019nin YouTube kanal\u0131 \u00fczerinden de dizinin b\u00f6l\u00fcmlerine eri\u015fim sa\u011flanabilecek. Ka\u00e7\u0131r\u0131lan b\u00f6l\u00fcmler online platformlar \u00fczerinden yeniden izlenebilecek. Osmanl\u0131\u2019n\u0131n ruhani miras\u0131n\u0131 ekranlara yans\u0131tacak bu \u00f6zel dizi, Ramazan ay\u0131 boyunca izleyicilere tarihi ve derinlikli bir deneyim sunmaya haz\u0131rlan\u0131yor.<\/p>\n<p class=\"p1\">\n","protected":false},"excerpt":{"rendered":"<p>Ramazan ay\u0131na \u00f6zel olarak haz\u0131rlanan Vefa Sultan dizisi, Osmanl\u0131\u2019n\u0131n kurulu\u015f s\u00fcrecini ekrana ta\u015f\u0131yacak. TRT 1\u2019de yay\u0131nlanacak olan yap\u0131m, \u0130stanbul\u2019un \u00f6nemli manevi \u015fahsiyetlerinden Muslihuddin Mustafa\u2019n\u0131n hayat\u0131n\u0131 konu ediniyor.TRT 1\u2019in merakla beklenen dizisi Tabii platformunda var m\u0131? \u0130\u015fte detaylar\u2026 <\/p>\n","protected":false},"author":16,"featured_media":140469,"comment_status":"closed","ping_status":"closed","sticky":false,"template":"","format":"standard","meta":{"rank_math_lock_modified_date":false,"footnotes":""},"categories":[602],"tags":[12531,12532,12533],"class_list":["post-140455","post","type-post","status-publish","format-standard","has-post-thumbnail","hentry","category-diziler","tag-vefa-sultan-hangi-kanal","tag-vefa-sultan-ne-zaman-basliyor","tag-vefa-sultan-tabii"],"_links":{"self":[{"href":"https:\/\/www.tgrthaber.com\/mavikadin\/wp-json\/wp\/v2\/posts\/140455"}],"collection":[{"href":"https:\/\/www.tgrthaber.com\/mavikadin\/wp-json\/wp\/v2\/posts"}],"about":[{"href":"https:\/\/www.tgrthaber.com\/mavikadin\/wp-json\/wp\/v2\/types\/post"}],"author":[{"embeddable":true,"href":"https:\/\/www.tgrthaber.com\/mavikadin\/wp-json\/wp\/v2\/users\/16"}],"replies":[{"embeddable":true,"href":"https:\/\/www.tgrthaber.com\/mavikadin\/wp-json\/wp\/v2\/comments?post=140455"}],"version-history":[{"count":1,"href":"https:\/\/www.tgrthaber.com\/mavikadin\/wp-json\/wp\/v2\/posts\/140455\/revisions"}],"predecessor-version":[{"id":140472,"href":"https:\/\/www.tgrthaber.com\/mavikadin\/wp-json\/wp\/v2\/posts\/140455\/revisions\/140472"}],"wp:featuredmedia":[{"embeddable":true,"href":"https:\/\/www.tgrthaber.com\/mavikadin\/wp-json\/wp\/v2\/media\/140469"}],"wp:attachment":[{"href":"https:\/\/www.tgrthaber.com\/mavikadin\/wp-json\/wp\/v2\/media?parent=140455"}],"wp:term":[{"taxonomy":"category","embeddable":true,"href":"https:\/\/www.tgrthaber.com\/mavikadin\/wp-json\/wp\/v2\/categories?post=140455"},{"taxonomy":"post_tag","embeddable":true,"href":"https:\/\/www.tgrthaber.com\/mavikadin\/wp-json\/wp\/v2\/tags?post=140455"}],"curies":[{"name":"wp","href":"https:\/\/api.w.org\/{rel}","templated":true}]}}