{"id":140500,"date":"2025-03-01T19:39:03","date_gmt":"2025-03-01T16:39:03","guid":{"rendered":"https:\/\/www.tgrthaber.com\/mavikadin\/?p=140500"},"modified":"2025-03-01T19:41:12","modified_gmt":"2025-03-01T16:41:12","slug":"vefa-sultan-dizisinin-muslihuddin-mustafasi-ismail-ege-sasmaz-kimdir-yasi-ve-kariyeri-merak-edildi","status":"publish","type":"post","link":"https:\/\/www.tgrthaber.com\/mavikadin\/vefa-sultan-dizisinin-muslihuddin-mustafasi-ismail-ege-sasmaz-kimdir-yasi-ve-kariyeri-merak-edildi\/","title":{"rendered":"Vefa Sultan\u00a0dizisinin Muslihuddin Mustafa\u2019s\u0131 \u0130smail Ege \u015ea\u015fmaz kimdir? Ya\u015f\u0131 ve kariyeri merak edildi!"},"content":{"rendered":"<p class=\"p1\">Vefa Sultan, Ramazan ay\u0131 boyunca TRT 1 ekranlar\u0131nda izleyiciyle bulu\u015fmaya haz\u0131rlan\u0131yor. Dizi, Konstantiniyye\u2019nin \u0130slam yurdu haline gelme s\u00fcrecinde \u00f6nemli bir fig\u00fcr olan Muslihuddin Mustafa\u2019n\u0131n yani Vefa Sultan&#8217;\u0131n ya\u015fam\u0131n\u0131 konu al\u0131yor. \u0130lim ve irfan yolunda ilerleyen Vefa Sultan, manevi bir yolculu\u011fa \u00e7\u0131karken farkl\u0131 sorular\u0131n pe\u015fine d\u00fc\u015f\u00fcyor. Bu etkileyici yap\u0131mda Muslihuddin Mustafa karakterini oynayacak olan \u0130smail Ege \u015ea\u015fmaz da izleyiciler taraf\u0131ndan merak ediliyor. Peki, \u0130smail Ege \u015ea\u015fmaz kimdir, ka\u00e7 ya\u015f\u0131nda? \u0130\u015fte kariyeri ve biyografisine dair t\u00fcm merak edilenler&#8230;<\/p>\n<h3>VEFA SULTAN D\u0130Z\u0130S\u0130N\u0130N MUSL\u0130HUDD\u0130N MUSTAFA&#8217;SI \u0130SMA\u0130L EGE \u015eA\u015eMAZ K\u0130MD\u0130R?<\/h3>\n<p class=\"p2\">25 Kas\u0131m 1993 do\u011fumlu olan \u0130smail Ege \u015ea\u015fmaz, Manisa\u2019da d\u00fcnyaya geldi. K\u00fc\u00e7\u00fck ya\u015flardan itibaren sanata ilgi duyan \u015ea\u015fmaz, ilk oyunculuk deneyimini Manisa Belediyesi Liseleraras\u0131 Tiyatro Yar\u0131\u015fmas\u0131\u2019nda \u201cAcil Servis\u201d adl\u0131 oyunla ya\u015fad\u0131. Lise e\u011fitimini Polinas Anadolu ve End\u00fcstri Meslek Lisesi\u2019nde tamamlad\u0131ktan sonra profesyonel oyunculuk kariyerine ad\u0131m att\u0131.<\/p>\n<p><img loading=\"lazy\" decoding=\"async\" class=\"alignnone wp-image-140501 \" src=\"https:\/\/www.tgrthaber.com\/mavikadin\/wp-content\/uploads\/Ekran-Resmi-2025-03-01-19.33.21.png\" alt=\"\" width=\"991\" height=\"582\" title=\"\" srcset=\"https:\/\/www.tgrthaber.com\/mavikadin\/wp-content\/uploads\/Ekran-Resmi-2025-03-01-19.33.21.png 950w, https:\/\/www.tgrthaber.com\/mavikadin\/wp-content\/uploads\/Ekran-Resmi-2025-03-01-19.33.21-300x176.png 300w, https:\/\/www.tgrthaber.com\/mavikadin\/wp-content\/uploads\/Ekran-Resmi-2025-03-01-19.33.21-768x451.png 768w\" sizes=\"(max-width: 991px) 100vw, 991px\" \/><\/p>\n<hr \/>\n<p class=\"p2\">Kariyerine 2013 y\u0131l\u0131nda \u201cG\u00fcne\u015fi Beklerken\u201d dizisinde Bar\u0131\u015f karakteriyle ba\u015flayan \u0130smail Ege \u015ea\u015fmaz, bu projeyle geni\u015f bir izleyici kitlesine ula\u015ft\u0131. Ard\u0131ndan 2015 y\u0131l\u0131nda Ser\u00e7e Saray\u0131 dizisinde kamera kar\u015f\u0131s\u0131na ge\u00e7ti ve ayn\u0131 y\u0131l G\u00fcnebakan dizisinde R\u00fczg\u00e2r karakterini oynad\u0131. 2016 y\u0131l\u0131nda FOX\u2019ta yay\u0131nlanan \u201cA\u015fk Yalan\u0131 Sever\u201d dizisinde Serdar karakterini oynayan\u00a0oyuncu, dizinin yay\u0131ndan kald\u0131r\u0131lmas\u0131n\u0131n ard\u0131ndan k\u0131sa bir ara verdi. Bu s\u00fcre\u00e7te \u201cA\u015fk Laftan Anlamaz\u201d dizisinde konuk oyuncu olarak izleyici kar\u015f\u0131s\u0131na \u00e7\u0131kt\u0131.<\/p>\n<p><img loading=\"lazy\" decoding=\"async\" class=\"alignnone wp-image-140502 \" src=\"https:\/\/www.tgrthaber.com\/mavikadin\/wp-content\/uploads\/Ekran-Resmi-2025-03-01-19.33.26.png\" alt=\"\" width=\"993\" height=\"620\" title=\"\" srcset=\"https:\/\/www.tgrthaber.com\/mavikadin\/wp-content\/uploads\/Ekran-Resmi-2025-03-01-19.33.26.png 910w, https:\/\/www.tgrthaber.com\/mavikadin\/wp-content\/uploads\/Ekran-Resmi-2025-03-01-19.33.26-300x187.png 300w, https:\/\/www.tgrthaber.com\/mavikadin\/wp-content\/uploads\/Ekran-Resmi-2025-03-01-19.33.26-768x479.png 768w\" sizes=\"(max-width: 993px) 100vw, 993px\" \/><\/p>\n<hr \/>\n<p class=\"p2\">2018 y\u0131l\u0131nda \u201cMehmet\u00e7ik Kut\u2019\u00fcl Amare\u201d dizisinde Mehmet karakteriyle dikkat \u00e7eken oyuncu, 2020-2021 y\u0131llar\u0131 aras\u0131nda \u201cSen \u00c7al Kap\u0131m\u0131\u201d dizisinde Kaan Karada\u011f rol\u00fcyle ekranda yer ald\u0131. Ayn\u0131 d\u00f6nemde TRT 1\u2019in b\u00fcy\u00fck ilgi g\u00f6ren dizisi \u201cUyan\u0131\u015f: B\u00fcy\u00fck Sel\u00e7uklu\u201dda Faysal karakterini oynayarak tarihi yap\u0131mlarda da ba\u015far\u0131 g\u00f6sterdi. \u00dcnl\u00fc oyuncu son olarak TRT1&#8217;in merakla beklenen dizisi Vefa Sultan&#8217;da ba\u015frol Muslihuddin Mustafa karakterini oynayarak seyirci kar\u015f\u0131s\u0131na \u00e7\u0131kt\u0131.<\/p>\n<p><img loading=\"lazy\" decoding=\"async\" class=\"alignnone wp-image-140503 size-large\" src=\"https:\/\/www.tgrthaber.com\/mavikadin\/wp-content\/uploads\/Ekran-Resmi-2025-03-01-19.33.38-1024x625.png\" alt=\"\" width=\"1024\" height=\"625\" title=\"\" srcset=\"https:\/\/www.tgrthaber.com\/mavikadin\/wp-content\/uploads\/Ekran-Resmi-2025-03-01-19.33.38-1024x625.png 1024w, https:\/\/www.tgrthaber.com\/mavikadin\/wp-content\/uploads\/Ekran-Resmi-2025-03-01-19.33.38-300x183.png 300w, https:\/\/www.tgrthaber.com\/mavikadin\/wp-content\/uploads\/Ekran-Resmi-2025-03-01-19.33.38-768x468.png 768w, https:\/\/www.tgrthaber.com\/mavikadin\/wp-content\/uploads\/Ekran-Resmi-2025-03-01-19.33.38.png 1046w\" sizes=\"(max-width: 1024px) 100vw, 1024px\" \/><\/p>\n<hr \/>\n<h3>VEFA SULTAN D\u0130Z\u0130S\u0130N\u0130N KONUSU NE?<\/h3>\n<p class=\"p1\">TRT 1\u2019in Ramazan ay\u0131na \u00f6zel haz\u0131rlad\u0131\u011f\u0131 \u201cVefa Sultan\u201d dizisi, Osmanl\u0131\u2019n\u0131n manevi \u00f6nderlerinden Muslihuddin Mustafa\u2019n\u0131n gen\u00e7lik y\u0131llar\u0131ndan itibaren ilim ve hakikat aray\u0131\u015f\u0131n\u0131 ekrana ta\u015f\u0131yor. \u0130stanbul\u2019un fethinden sonra Konstantiniyye\u2019nin d\u00f6n\u00fc\u015f\u00fcm\u00fcne odaklanan yap\u0131m, sadece bir \u015fehrin de\u011fil, g\u00f6n\u00fcllerin de fethedili\u015fini anlat\u0131yor. Vefa Sultan\u2019\u0131n halka rehberli\u011fi ve ilmi \u00e7al\u0131\u015fmalar\u0131, dizinin merkezinde yer al\u0131yor.<\/p>\n","protected":false},"excerpt":{"rendered":"<p>Vefa Sultan, Ramazan ay\u0131 boyunca TRT 1 ekranlar\u0131nda izleyicilerle bulu\u015fmaya haz\u0131rlan\u0131yor. Dizi, Konstantiniyye\u2019nin \u0130slam yurdu haline geli\u015f s\u00fcrecinde \u00f6nemli bir isim olan Muslihuddin Mustafa\u2019n\u0131n (Vefa Sultan) hayat\u0131n\u0131 ele al\u0131yor. \u0130smail Ege \u015ea\u015fmaz\u2019\u0131n oynayaca\u011f\u0131 karakter, ilim ve irfan yolunda derin bir manevi yolculu\u011fa \u00e7\u0131k\u0131yor. Peki, \u0130smail Ege \u015ea\u015fmaz kimdir, ka\u00e7 ya\u015f\u0131nda? \u0130\u015fte merak edilenler.. <\/p>\n","protected":false},"author":16,"featured_media":140504,"comment_status":"closed","ping_status":"closed","sticky":false,"template":"","format":"standard","meta":{"rank_math_lock_modified_date":false,"footnotes":""},"categories":[491],"tags":[12545,12544],"class_list":["post-140500","post","type-post","status-publish","format-standard","has-post-thumbnail","hentry","category-biyografi","tag-vefa-sultan-ismail-ege-sasmaz-kimdir","tag-vefa-sultan-muslihuddin-mustafa-ismail-ege-sasmaz-kimdir"],"_links":{"self":[{"href":"https:\/\/www.tgrthaber.com\/mavikadin\/wp-json\/wp\/v2\/posts\/140500"}],"collection":[{"href":"https:\/\/www.tgrthaber.com\/mavikadin\/wp-json\/wp\/v2\/posts"}],"about":[{"href":"https:\/\/www.tgrthaber.com\/mavikadin\/wp-json\/wp\/v2\/types\/post"}],"author":[{"embeddable":true,"href":"https:\/\/www.tgrthaber.com\/mavikadin\/wp-json\/wp\/v2\/users\/16"}],"replies":[{"embeddable":true,"href":"https:\/\/www.tgrthaber.com\/mavikadin\/wp-json\/wp\/v2\/comments?post=140500"}],"version-history":[{"count":3,"href":"https:\/\/www.tgrthaber.com\/mavikadin\/wp-json\/wp\/v2\/posts\/140500\/revisions"}],"predecessor-version":[{"id":140507,"href":"https:\/\/www.tgrthaber.com\/mavikadin\/wp-json\/wp\/v2\/posts\/140500\/revisions\/140507"}],"wp:featuredmedia":[{"embeddable":true,"href":"https:\/\/www.tgrthaber.com\/mavikadin\/wp-json\/wp\/v2\/media\/140504"}],"wp:attachment":[{"href":"https:\/\/www.tgrthaber.com\/mavikadin\/wp-json\/wp\/v2\/media?parent=140500"}],"wp:term":[{"taxonomy":"category","embeddable":true,"href":"https:\/\/www.tgrthaber.com\/mavikadin\/wp-json\/wp\/v2\/categories?post=140500"},{"taxonomy":"post_tag","embeddable":true,"href":"https:\/\/www.tgrthaber.com\/mavikadin\/wp-json\/wp\/v2\/tags?post=140500"}],"curies":[{"name":"wp","href":"https:\/\/api.w.org\/{rel}","templated":true}]}}