{"id":140514,"date":"2025-03-01T20:37:19","date_gmt":"2025-03-01T17:37:19","guid":{"rendered":"https:\/\/www.tgrthaber.com\/mavikadin\/?p=140514"},"modified":"2025-03-01T20:37:19","modified_gmt":"2025-03-01T17:37:19","slug":"vefa-sultan-dizisi-konusu-ne-vefa-sultan-dizisi-karakterleri-gercek-mi","status":"publish","type":"post","link":"https:\/\/www.tgrthaber.com\/mavikadin\/vefa-sultan-dizisi-konusu-ne-vefa-sultan-dizisi-karakterleri-gercek-mi\/","title":{"rendered":"Vefa Sultan dizisi konusu ne? Vefa Sultan dizisi karakterleri ger\u00e7ek mi?"},"content":{"rendered":"<p class=\"p1\">28 \u015eubat 2025 itibar\u0131yla TRT 1 ekranlar\u0131nda yay\u0131nlanmaya haz\u0131rlanan Vefa Sultan dizisi, Ramazan ay\u0131 boyunca izleyicilerle bulu\u015facak. Osmanl\u0131\u2019n\u0131n y\u00fckselme d\u00f6nemine \u0131\u015f\u0131k tutan yap\u0131m, tasavvuf ve ilim d\u00fcnyas\u0131nda \u00f6nemli bir yere sahip olan Muslihuddin Mustafa\u2019n\u0131n hayat\u0131n\u0131 konu al\u0131yor. Peki Vefa Sultan dizisinin konusu ve karakterleri ger\u00e7ek mi? \u0130\u015fte detaylar..<\/p>\n<h3 class=\"p1\"><b>VEFA SULTAN D\u0130Z\u0130S\u0130N\u0130N KONUSU NE?<\/b><b><\/b><\/h3>\n<p class=\"p1\">Dizi, \u0130stanbul\u2019un fethi sonras\u0131 Osmanl\u0131\u2019n\u0131n manevi atmosferinin \u015fekillenmesini ve bu s\u00fcre\u00e7te Vefa Sultan\u2019\u0131n ilim ve hikmet yolundaki etkisini ele al\u0131yor. Muslihuddin Mustafa\u2019n\u0131n gen\u00e7lik y\u0131llar\u0131ndan itibaren ilim yolundaki m\u00fccadelesi, topluma rehberli\u011fi ve manevi d\u00fcnyadaki yolculu\u011fu detayl\u0131 bir \u015fekilde i\u015fleniyor. Tarihi atmosferi g\u00fc\u00e7l\u00fc bir anlat\u0131mla ekrana ta\u015f\u0131yan dizi, ayn\u0131 zamanda Osmanl\u0131 toplum yap\u0131s\u0131n\u0131 ve d\u00f6nemin ilim d\u00fcnyas\u0131n\u0131 aktar\u0131yor.<\/p>\n<p><img loading=\"lazy\" decoding=\"async\" class=\"alignnone wp-image-140515 \" src=\"https:\/\/www.tgrthaber.com\/mavikadin\/wp-content\/uploads\/Ekran-Resmi-2025-03-01-19.37.17.png\" alt=\"\" width=\"992\" height=\"562\" title=\"\" srcset=\"https:\/\/www.tgrthaber.com\/mavikadin\/wp-content\/uploads\/Ekran-Resmi-2025-03-01-19.37.17.png 964w, https:\/\/www.tgrthaber.com\/mavikadin\/wp-content\/uploads\/Ekran-Resmi-2025-03-01-19.37.17-300x170.png 300w, https:\/\/www.tgrthaber.com\/mavikadin\/wp-content\/uploads\/Ekran-Resmi-2025-03-01-19.37.17-768x435.png 768w\" sizes=\"(max-width: 992px) 100vw, 992px\" \/><\/p>\n<hr \/>\n<h3 class=\"p1\"><b>VEFA SULTAN VE D\u0130Z\u0130N\u0130N KARAKTERLER\u0130 GER\u00c7EK M\u0130?\u00a0<\/b><\/h3>\n<p class=\"p1\">Dizinin ana karakteri Muslihuddin Mustafa, yani Vefa Sultan, tarihsel bir ki\u015filik olup Osmanl\u0131\u2019n\u0131n \u00f6nemli tasavvuf \u00f6nderlerinden biridir. Ger\u00e7ek ya\u015fam \u00f6yk\u00fcs\u00fcnden esinlenilen bu karakter, Osmanl\u0131\u2019n\u0131n ilim d\u00fcnyas\u0131nda b\u0131rakt\u0131\u011f\u0131 etkilerle tan\u0131nmaktad\u0131r. Dizi, tarihi olaylar\u0131 ve d\u00f6nemin atmosferini yans\u0131tmakla birlikte, baz\u0131 karakterler ve yan hikayeler dramatik anlat\u0131m\u0131 desteklemek i\u00e7in kurgusal olarak eklenmi\u015f olabilir. TRT 1 ekranlar\u0131nda izleyiciyle bulu\u015facak olan Vefa Sultan, Osmanl\u0131\u2019n\u0131n manevi miras\u0131n\u0131 ve tasavvuf k\u00fclt\u00fcr\u00fcn\u00fc ekrana ta\u015f\u0131yan \u00f6nemli yap\u0131mlardan biri olacak.<\/p>\n<p><img loading=\"lazy\" decoding=\"async\" class=\"alignnone wp-image-140516 \" src=\"https:\/\/www.tgrthaber.com\/mavikadin\/wp-content\/uploads\/Ekran-Resmi-2025-03-01-20.29.56.png\" alt=\"\" width=\"991\" height=\"601\" title=\"\" srcset=\"https:\/\/www.tgrthaber.com\/mavikadin\/wp-content\/uploads\/Ekran-Resmi-2025-03-01-20.29.56.png 918w, https:\/\/www.tgrthaber.com\/mavikadin\/wp-content\/uploads\/Ekran-Resmi-2025-03-01-20.29.56-300x182.png 300w, https:\/\/www.tgrthaber.com\/mavikadin\/wp-content\/uploads\/Ekran-Resmi-2025-03-01-20.29.56-768x465.png 768w\" sizes=\"(max-width: 991px) 100vw, 991px\" \/><\/p>\n<hr \/>\n<h3>VEFA SULTAN D\u0130Z\u0130S\u0130N\u0130N OYUNCU KADROSUNDA K\u0130MLER VAR?<\/h3>\n<p class=\"p1\">Vefa Sultan dizisinde ba\u015frol\u00fc, Osmanl\u0131\u2019n\u0131n \u00f6nemli ilim insanlar\u0131ndan Muslihuddin Mustafa karakteriyle \u0130smail Ege \u015ea\u015fmaz \u00fcstleniyor. Ba\u015far\u0131l\u0131 oyuncuya, Mert Karabulut, Derda Yasir Yenal, Dursun Ali Erzincanl\u0131, Alper T\u00fcredi, Suat Sungur, Merve \u00dc\u00e7er, \u00d6mer Turan ve Levent S\u00fcl\u00fcn gibi deneyimli isimler e\u015flik ediyor. \u00c7ekimleri \u0130stanbul\u2019un tarihi mekanlar\u0131nda ger\u00e7ekle\u015ftirilen dizi, g\u00f6rsel a\u00e7\u0131dan g\u00fc\u00e7l\u00fc bir atmosfer sunmay\u0131 hedefliyor.<\/p>\n<p><img loading=\"lazy\" decoding=\"async\" class=\"alignnone wp-image-140517 \" src=\"https:\/\/www.tgrthaber.com\/mavikadin\/wp-content\/uploads\/Ekran-Resmi-2025-03-01-20.30.16.png\" alt=\"\" width=\"992\" height=\"685\" title=\"\" srcset=\"https:\/\/www.tgrthaber.com\/mavikadin\/wp-content\/uploads\/Ekran-Resmi-2025-03-01-20.30.16.png 970w, https:\/\/www.tgrthaber.com\/mavikadin\/wp-content\/uploads\/Ekran-Resmi-2025-03-01-20.30.16-300x207.png 300w, https:\/\/www.tgrthaber.com\/mavikadin\/wp-content\/uploads\/Ekran-Resmi-2025-03-01-20.30.16-768x530.png 768w\" sizes=\"(max-width: 992px) 100vw, 992px\" \/><\/p>\n<hr \/>\n<p class=\"p1\">Osmanl\u0131\u2019n\u0131n ilim, irfan ve manevi miras\u0131n\u0131 ekrana ta\u015f\u0131yan yap\u0131m, izleyicilere e\u015fsiz bir tarihi yolculuk vadediyor. 1 Mart 2025\u2019ten itibaren Ramazan ay\u0131 boyunca her ak\u015fam saat 23:55\u2019te TRT 1 ekranlar\u0131nda izleyiciyle bulu\u015facak olan Vefa Sultan, yaln\u0131zca tarihi bir anlat\u0131 sunmakla kalmay\u0131p, modern d\u00fcnyada manevi de\u011ferler \u00fczerine d\u00fc\u015f\u00fcnme f\u0131rsat\u0131 da sa\u011flayacak.<\/p>\n","protected":false},"excerpt":{"rendered":"<p>28 \u015eubat 2025 itibar\u0131yla TRT 1\u2019de yay\u0131nlanmaya haz\u0131rlanan Vefa Sultan dizisi, Ramazan ay\u0131 boyunca izleyicilerle bulu\u015facak. Osmanl\u0131\u2019n\u0131n y\u00fckselme d\u00f6nemine odaklanan yap\u0131m, tasavvuf ve ilim d\u00fcnyas\u0131nda \u00f6nemli bir isim olan Muslihuddin Mustafa\u2019n\u0131n hayat\u0131n\u0131 ele al\u0131yor. Peki, Vefa Sultan dizisinin konusu ve karakterleri ger\u00e7ek mi? \u0130\u015fte detaylar\u2026<\/p>\n","protected":false},"author":16,"featured_media":140518,"comment_status":"closed","ping_status":"closed","sticky":false,"template":"","format":"standard","meta":{"rank_math_lock_modified_date":false,"footnotes":""},"categories":[602],"tags":[12549,5392,5393],"class_list":["post-140514","post","type-post","status-publish","format-standard","has-post-thumbnail","hentry","category-diziler","tag-vefa-sultan-dizi-karakterleri-gercek-mi","tag-vefa-sultan-dizisi-konusu","tag-vefa-sultan-dizisi-oyuncu-kadrosu"],"_links":{"self":[{"href":"https:\/\/www.tgrthaber.com\/mavikadin\/wp-json\/wp\/v2\/posts\/140514"}],"collection":[{"href":"https:\/\/www.tgrthaber.com\/mavikadin\/wp-json\/wp\/v2\/posts"}],"about":[{"href":"https:\/\/www.tgrthaber.com\/mavikadin\/wp-json\/wp\/v2\/types\/post"}],"author":[{"embeddable":true,"href":"https:\/\/www.tgrthaber.com\/mavikadin\/wp-json\/wp\/v2\/users\/16"}],"replies":[{"embeddable":true,"href":"https:\/\/www.tgrthaber.com\/mavikadin\/wp-json\/wp\/v2\/comments?post=140514"}],"version-history":[{"count":1,"href":"https:\/\/www.tgrthaber.com\/mavikadin\/wp-json\/wp\/v2\/posts\/140514\/revisions"}],"predecessor-version":[{"id":140519,"href":"https:\/\/www.tgrthaber.com\/mavikadin\/wp-json\/wp\/v2\/posts\/140514\/revisions\/140519"}],"wp:featuredmedia":[{"embeddable":true,"href":"https:\/\/www.tgrthaber.com\/mavikadin\/wp-json\/wp\/v2\/media\/140518"}],"wp:attachment":[{"href":"https:\/\/www.tgrthaber.com\/mavikadin\/wp-json\/wp\/v2\/media?parent=140514"}],"wp:term":[{"taxonomy":"category","embeddable":true,"href":"https:\/\/www.tgrthaber.com\/mavikadin\/wp-json\/wp\/v2\/categories?post=140514"},{"taxonomy":"post_tag","embeddable":true,"href":"https:\/\/www.tgrthaber.com\/mavikadin\/wp-json\/wp\/v2\/tags?post=140514"}],"curies":[{"name":"wp","href":"https:\/\/api.w.org\/{rel}","templated":true}]}}