{"id":140520,"date":"2025-03-01T21:18:04","date_gmt":"2025-03-01T18:18:04","guid":{"rendered":"https:\/\/www.tgrthaber.com\/mavikadin\/?p=140520"},"modified":"2025-03-01T21:18:04","modified_gmt":"2025-03-01T18:18:04","slug":"hande-ercelden-ayrilik-iddialarina-net-cevap-milano-donusu-konustu","status":"publish","type":"post","link":"https:\/\/www.tgrthaber.com\/mavikadin\/hande-ercelden-ayrilik-iddialarina-net-cevap-milano-donusu-konustu\/","title":{"rendered":"Hande Er\u00e7el\u2019den ayr\u0131l\u0131k iddialar\u0131na net cevap! Milano d\u00f6n\u00fc\u015f\u00fc konu\u015ftu"},"content":{"rendered":"<p class=\"p1\">Son d\u00f6nemin pop\u00fcler isimlerinden Hande Er\u00e7el, hem oyunculuk kariyeri hem de \u00f6zel hayat\u0131yla s\u0131k\u00e7a g\u00fcndeme geliyor. Ba\u015frol\u00fcnde yer ald\u0131\u011f\u0131 \u201cR\u00fczg\u00e2ra B\u0131rak\u201d filmi b\u00fcy\u00fck ilgi g\u00f6r\u00fcrken, \u00fcnl\u00fc oyuncu uluslararas\u0131 davetlerde de ad\u0131ndan s\u00f6z ettiriyor. Milano d\u00f6n\u00fc\u015f\u00fc bas\u0131n mensuplar\u0131na a\u00e7\u0131klama yapan Er\u00e7el, Hakan Sabanc\u0131 ile ayr\u0131l\u0131k iddialar\u0131na da cevap verdi.<\/p>\n<h3 class=\"p1\"><b>HANDE ER\u00c7EL M\u0130LANO MODA HAFTASI&#8217;NDA G\u00d6Z KAMA\u015eTIRDI\u00a0<\/b><\/h3>\n<p class=\"p1\">Hande Er\u00e7el, Milano Moda Haftas\u0131 kapsam\u0131nda d\u00fczenlenen Versace defilesine kat\u0131larak sosyal medyada b\u00fcy\u00fck yank\u0131 uyand\u0131rd\u0131. Ge\u00e7ti\u011fimiz hafta \u0130spanya Marie Claire dergisine \u00f6zel bir \u00e7ekim ger\u00e7ekle\u015ftiren \u00fcnl\u00fc oyuncu, bu hafta da Milano\u2019da Versace\u2019nin defilesini izledi. Defile sonras\u0131, markan\u0131n \u00f6nemli ismi Donatella Versace ile bir araya gelerek objektiflere poz verdi.<\/p>\n<div style=\"width: 640px;\" class=\"wp-video\"><!--[if lt IE 9]><script>document.createElement('video');<\/script><![endif]-->\n<video class=\"wp-video-shortcode\" id=\"video-140520-1\" width=\"640\" height=\"1138\" preload=\"metadata\" controls=\"controls\"><source type=\"video\/mp4\" src=\"https:\/\/www.tgrthaber.com\/mavikadin\/wp-content\/uploads\/handeeer.mp4?_=1\" \/><a href=\"https:\/\/www.tgrthaber.com\/mavikadin\/wp-content\/uploads\/handeeer.mp4\">https:\/\/www.tgrthaber.com\/mavikadin\/wp-content\/uploads\/handeeer.mp4<\/a><\/video><\/div>\n<h3 class=\"p1\"><b>HAKAN SABANCI&#8217;YLA AYRILIK \u0130DD\u0130ALARINA CEVAP VERD\u0130\u00a0<\/b><\/h3>\n<p class=\"p1\">Bug\u00fcn \u0130stanbul\u2019a d\u00f6nen Hande Er\u00e7el, havaliman\u0131nda bas\u0131n mensuplar\u0131n\u0131n sorular\u0131yla kar\u015f\u0131la\u015ft\u0131. Son d\u00f6nemde s\u0131k\u00e7a g\u00fcndeme gelen Hakan Sabanc\u0131 ile ayr\u0131l\u0131k iddialar\u0131 \u00fczerine konu\u015fan \u00fcnl\u00fc oyuncu, \u201cOnlar bo\u015f bo\u015f \u015feyler\u2026 Her \u015fey yolunda\u201d diyerek s\u00f6ylentileri yalanlad\u0131.<\/p>\n<h3 class=\"p1\"><b>EVL\u0130L\u0130K SORUSUNA VERD\u0130\u011e\u0130 CEVAP D\u0130KKAT \u00c7EKT\u0130\u00a0<\/b><b><\/b><\/h3>\n<p class=\"p1\">Muhabirlerin \u201cUfukta evlilik var m\u0131?\u201d sorusuna ise Er\u00e7el, \u201cOnu s\u00f6ylemiyorum. O benim \u00f6zelim\u201d diyerek net bir cevap vermekten ka\u00e7\u0131nd\u0131. Milano\u2019da moda d\u00fcnyas\u0131n\u0131n en prestijli isimleriyle bir araya gelen ve kariyerinde y\u00fckseli\u015fine devam eden Hande Er\u00e7el, \u00f6zel hayat\u0131 hakk\u0131nda fazla konu\u015fmasa da kariyerindeki ba\u015far\u0131lar\u0131yla ad\u0131ndan s\u00f6z ettirmeye devam edecek gibi g\u00f6r\u00fcn\u00fcyor.<\/p>\n<p><img loading=\"lazy\" decoding=\"async\" class=\"alignnone wp-image-140522 \" src=\"https:\/\/www.tgrthaber.com\/mavikadin\/wp-content\/uploads\/Ekran-Resmi-2025-03-01-20.57.41.png\" alt=\"\" width=\"992\" height=\"619\" title=\"\" srcset=\"https:\/\/www.tgrthaber.com\/mavikadin\/wp-content\/uploads\/Ekran-Resmi-2025-03-01-20.57.41.png 894w, https:\/\/www.tgrthaber.com\/mavikadin\/wp-content\/uploads\/Ekran-Resmi-2025-03-01-20.57.41-300x187.png 300w, https:\/\/www.tgrthaber.com\/mavikadin\/wp-content\/uploads\/Ekran-Resmi-2025-03-01-20.57.41-768x479.png 768w\" sizes=\"(max-width: 992px) 100vw, 992px\" \/><\/p>\n<hr \/>\n<h3>HANDE ER\u00c7EL K\u0130MD\u0130R?<\/h3>\n<p class=\"p1\">Hande Er\u00e7el, 24 Kas\u0131m 1993\u2019te Bal\u0131kesir\u2019in Band\u0131rma il\u00e7esinde do\u011fdu. Oyunculuk ve modellik kariyeriyle dikkat \u00e7eken Er\u00e7el, e\u011fitim hayat\u0131na Mimar Sinan G\u00fczel Sanatlar Fak\u00fcltesi T\u00fcrk Sanatlar\u0131 B\u00f6l\u00fcm\u00fc\u2019nde devam etmektedir.Hande Er\u00e7el, ekran maceras\u0131na 2014 y\u0131l\u0131nda Show TV\u2019de yay\u0131nlanan \u201c\u00c7\u0131lg\u0131n Dershane \u00dcniversitede\u201d dizisiyle ba\u015flad\u0131. Ancak dizi k\u0131sa s\u00fcrede final yapt\u0131. Ayn\u0131 y\u0131l, \u201cHayat A\u011fac\u0131\u201d adl\u0131 yap\u0131mda Selin Karahanl\u0131 karakterini oynayarak dikkat \u00e7ekti. Bu projede Fikret Ku\u015fkan, Onur Saylak, \u0130dil F\u0131rat ve \u00d6zge \u00d6zberk gibi deneyimli isimlerle birlikte rol ald\u0131.<\/p>\n<p><img loading=\"lazy\" decoding=\"async\" class=\"alignnone wp-image-140524 \" src=\"https:\/\/www.tgrthaber.com\/mavikadin\/wp-content\/uploads\/Ekran-Resmi-2025-03-01-20.58.36.png\" alt=\"\" width=\"1003\" height=\"578\" title=\"\" srcset=\"https:\/\/www.tgrthaber.com\/mavikadin\/wp-content\/uploads\/Ekran-Resmi-2025-03-01-20.58.36.png 954w, https:\/\/www.tgrthaber.com\/mavikadin\/wp-content\/uploads\/Ekran-Resmi-2025-03-01-20.58.36-300x173.png 300w, https:\/\/www.tgrthaber.com\/mavikadin\/wp-content\/uploads\/Ekran-Resmi-2025-03-01-20.58.36-768x443.png 768w\" sizes=\"(max-width: 1003px) 100vw, 1003px\" \/><\/p>\n<hr \/>\n<p class=\"p1\">Oyunculu\u011fa ad\u0131m atmadan \u00f6nce modellik yapan Er\u00e7el, 2015 y\u0131l\u0131nda Azerbaycan\u2019da d\u00fczenlenen \u201cMiss Cilivaliton of the World\u201d g\u00fczellik yar\u0131\u015fmas\u0131na kat\u0131ld\u0131 ve ikincilik elde etti. Bu ba\u015far\u0131s\u0131, ona televizyon d\u00fcnyas\u0131nda daha fazla kap\u0131 a\u00e7t\u0131. Hande Er\u00e7el\u2019in kariyerindeki d\u00f6n\u00fcm noktas\u0131, 2015 y\u0131l\u0131nda Kanal D ekranlar\u0131nda yay\u0131nlanan \u201cG\u00fcne\u015fin K\u0131zlar\u0131\u201d dizisi oldu. Selin Y\u0131lmaz karakteriyle b\u00fcy\u00fck bir \u00e7\u0131k\u0131\u015f yakalayan Er\u00e7el, k\u0131sa s\u00fcrede geni\u015f bir hayran kitlesine ula\u015ft\u0131. Bu yap\u0131mda Emre K\u0131nay, Evrim Alasya, Tolga Sar\u0131ta\u015f, Berk Atan ve Burcu \u00d6zberk gibi isimlerle birlikte rol ald\u0131.<\/p>\n","protected":false},"excerpt":{"rendered":"<p>Son d\u00f6nemin en \u00e7ok konu\u015fulan isimlerinden biri olan Hande Er\u00e7el, hem kariyeri hem de \u00f6zel hayat\u0131yla g\u00fcndemden d\u00fc\u015fm\u00fcyor. Ba\u015frol\u00fcnde yer ald\u0131\u011f\u0131 \u201cR\u00fczg\u00e2ra B\u0131rak\u201d filmi izlenme rekorlar\u0131 k\u0131rarken, \u00fcnl\u00fc oyuncu d\u00fcnya \u00e7ap\u0131ndaki etkinliklerde de boy g\u00f6stermeye devam ediyor. Milano d\u00f6n\u00fc\u015f\u00fc konu\u015fan Er\u00e7el, hakk\u0131nda \u00e7\u0131kan Hakan Sabanc\u0131 ile ayr\u0131ld\u0131\u011f\u0131 iddialar\u0131na da cevap verdi.\u00a0<\/p>\n","protected":false},"author":16,"featured_media":140525,"comment_status":"closed","ping_status":"closed","sticky":false,"template":"","format":"standard","meta":{"rank_math_lock_modified_date":false,"footnotes":""},"categories":[76],"tags":[12551,12550],"class_list":["post-140520","post","type-post","status-publish","format-standard","has-post-thumbnail","hentry","category-magazin","tag-hande-ercel-hakan-sabanci","tag-hande-ercel-hakan-sabanci-ayrildi-mi"],"_links":{"self":[{"href":"https:\/\/www.tgrthaber.com\/mavikadin\/wp-json\/wp\/v2\/posts\/140520"}],"collection":[{"href":"https:\/\/www.tgrthaber.com\/mavikadin\/wp-json\/wp\/v2\/posts"}],"about":[{"href":"https:\/\/www.tgrthaber.com\/mavikadin\/wp-json\/wp\/v2\/types\/post"}],"author":[{"embeddable":true,"href":"https:\/\/www.tgrthaber.com\/mavikadin\/wp-json\/wp\/v2\/users\/16"}],"replies":[{"embeddable":true,"href":"https:\/\/www.tgrthaber.com\/mavikadin\/wp-json\/wp\/v2\/comments?post=140520"}],"version-history":[{"count":1,"href":"https:\/\/www.tgrthaber.com\/mavikadin\/wp-json\/wp\/v2\/posts\/140520\/revisions"}],"predecessor-version":[{"id":140526,"href":"https:\/\/www.tgrthaber.com\/mavikadin\/wp-json\/wp\/v2\/posts\/140520\/revisions\/140526"}],"wp:featuredmedia":[{"embeddable":true,"href":"https:\/\/www.tgrthaber.com\/mavikadin\/wp-json\/wp\/v2\/media\/140525"}],"wp:attachment":[{"href":"https:\/\/www.tgrthaber.com\/mavikadin\/wp-json\/wp\/v2\/media?parent=140520"}],"wp:term":[{"taxonomy":"category","embeddable":true,"href":"https:\/\/www.tgrthaber.com\/mavikadin\/wp-json\/wp\/v2\/categories?post=140520"},{"taxonomy":"post_tag","embeddable":true,"href":"https:\/\/www.tgrthaber.com\/mavikadin\/wp-json\/wp\/v2\/tags?post=140520"}],"curies":[{"name":"wp","href":"https:\/\/api.w.org\/{rel}","templated":true}]}}