{"id":140545,"date":"2025-03-01T23:07:24","date_gmt":"2025-03-01T20:07:24","guid":{"rendered":"https:\/\/www.tgrthaber.com\/mavikadin\/?p=140545"},"modified":"2025-03-01T23:57:24","modified_gmt":"2025-03-01T20:57:24","slug":"serdar-tuncer-ramazan-programi-2025-var-mi-hangi-kanalda","status":"publish","type":"post","link":"https:\/\/www.tgrthaber.com\/mavikadin\/serdar-tuncer-ramazan-programi-2025-var-mi-hangi-kanalda\/","title":{"rendered":"Serdar Tuncer Ramazan program\u0131 2025 var m\u0131, hangi kanalda?"},"content":{"rendered":"<p class=\"p1\">Kendine has anlat\u0131m\u0131 ve etkileyici sohbetleriyle tan\u0131nan Serdar Tuncer, uzun bir aradan sonra televizyon ekranlar\u0131na d\u00f6n\u00fcyor. Ramazan ay\u0131n\u0131n manevi atmosferini izleyicilere hissettirecek olan \u00fcnl\u00fc isim, 2025 Ramazan ay\u0131nda TVNET ekranlar\u0131nda \u201cBir Ba\u015fka Ramazan\u201d adl\u0131 programla izleyicilerle bulu\u015facak. Peki, Serdar Tuncer hangi saatlerde yay\u0131nda olacak? \u0130\u015fte detaylar\u2026<\/p>\n<h3>SERDAR TUNCER 2025 RAMAZANDA HANG\u0130 KANALDA?<\/h3>\n<p class=\"p1\">Son y\u0131llarda Ramazan programlar\u0131n\u0131 dijital platformlarda s\u00fcrd\u00fcren ve kendi YouTube kanal\u0131 \u201cMymecra\u201d \u00fczerinden yay\u0131nlar\u0131na devam eden Serdar Tuncer, 2025 Ramazan ay\u0131nda televizyona geri d\u00f6n\u00fcyor. TVNET ekranlar\u0131nda \u201cBir Ba\u015fka Ramazan\u201d adl\u0131 programla izleyicilerin kar\u015f\u0131s\u0131na \u00e7\u0131kacak olan Tuncer, Ramazan ay\u0131 boyunca hem iftar hem de sahur vakitlerinde izleyicilere manevi sohbetler sunacak.<\/p>\n<p><img loading=\"lazy\" decoding=\"async\" class=\"alignnone wp-image-140553 size-large\" src=\"https:\/\/www.tgrthaber.com\/mavikadin\/wp-content\/uploads\/Ekran-Resmi-2025-03-01-23.05.27-1024x565.png\" alt=\"\" width=\"1024\" height=\"565\" title=\"\" srcset=\"https:\/\/www.tgrthaber.com\/mavikadin\/wp-content\/uploads\/Ekran-Resmi-2025-03-01-23.05.27-1024x565.png 1024w, https:\/\/www.tgrthaber.com\/mavikadin\/wp-content\/uploads\/Ekran-Resmi-2025-03-01-23.05.27-300x165.png 300w, https:\/\/www.tgrthaber.com\/mavikadin\/wp-content\/uploads\/Ekran-Resmi-2025-03-01-23.05.27-768x423.png 768w, https:\/\/www.tgrthaber.com\/mavikadin\/wp-content\/uploads\/Ekran-Resmi-2025-03-01-23.05.27.png 1052w\" sizes=\"(max-width: 1024px) 100vw, 1024px\" \/><\/p>\n<hr \/>\n<h3>SERDAR TUNCER HANG\u0130 SAATLERDE YAYINDA OLACAK?<\/h3>\n<p class=\"p1\">Serdar Tuncer, her g\u00fcn \u0130stanbul iftar saatinden bir saat \u00f6nce ve imsak vaktinden bir saat \u00f6nce canl\u0131 yay\u0131na \u00e7\u0131kacak. \u0130ftar program\u0131 saat 18.00\u2019de, sahur program\u0131 ise 04.30\u2019da ba\u015flayacak. Programda Ramazan\u2019\u0131n manevi atmosferi, tarihi olaylar, anlaml\u0131 hikayeler ve \u00f6zel konular ele al\u0131nacak. Ayr\u0131ca s\u00fcrpriz konuklar, Tuncer\u2019in etkileyici sohbetlerine e\u015flik edecek.<\/p>\n<p><img loading=\"lazy\" decoding=\"async\" class=\"alignnone wp-image-140548 \" src=\"https:\/\/www.tgrthaber.com\/mavikadin\/wp-content\/uploads\/Ekran-Resmi-2025-03-01-22.59.35.png\" alt=\"\" width=\"989\" height=\"700\" title=\"\" srcset=\"https:\/\/www.tgrthaber.com\/mavikadin\/wp-content\/uploads\/Ekran-Resmi-2025-03-01-22.59.35.png 966w, https:\/\/www.tgrthaber.com\/mavikadin\/wp-content\/uploads\/Ekran-Resmi-2025-03-01-22.59.35-300x212.png 300w, https:\/\/www.tgrthaber.com\/mavikadin\/wp-content\/uploads\/Ekran-Resmi-2025-03-01-22.59.35-768x544.png 768w\" sizes=\"(max-width: 989px) 100vw, 989px\" \/><\/p>\n<hr \/>\n<h3>TVNET EKRANLARINDA RAMAZAN CO\u015eKUSU<\/h3>\n<p class=\"p1\">Daha \u00f6nce \u00e7e\u015fitli kanallarda ger\u00e7ekle\u015ftirdi\u011fi Ramazan programlar\u0131yla b\u00fcy\u00fck be\u011feni toplayan Serdar Tuncer, 2025 Ramazan ay\u0131nda TVNET ekranlar\u0131nda izleyicileriyle bulu\u015facak. \u201cBir Ba\u015fka Ramazan\u201d adl\u0131 program, her g\u00fcn iki saat boyunca yay\u0131nlanarak izleyicilere unutulmaz anlar ya\u015fatacak. Ramazan ay\u0131n\u0131n manevi atmosferini derinden hissetmek isteyenler i\u00e7in ka\u00e7\u0131r\u0131lmayacak bir program olacak. Serdar Tuncer, hikayeleri, sohbetleri ve konuklar\u0131yla Ramazan gecelerine anlam katmaya haz\u0131rlan\u0131yor.<\/p>\n<p><img loading=\"lazy\" decoding=\"async\" class=\"alignnone wp-image-140549 \" src=\"https:\/\/www.tgrthaber.com\/mavikadin\/wp-content\/uploads\/Ekran-Resmi-2025-03-01-23.01.13.png\" alt=\"\" width=\"993\" height=\"650\" title=\"\" srcset=\"https:\/\/www.tgrthaber.com\/mavikadin\/wp-content\/uploads\/Ekran-Resmi-2025-03-01-23.01.13.png 962w, https:\/\/www.tgrthaber.com\/mavikadin\/wp-content\/uploads\/Ekran-Resmi-2025-03-01-23.01.13-300x196.png 300w, https:\/\/www.tgrthaber.com\/mavikadin\/wp-content\/uploads\/Ekran-Resmi-2025-03-01-23.01.13-768x503.png 768w\" sizes=\"(max-width: 993px) 100vw, 993px\" \/><\/p>\n<hr \/>\n<h3>SERDAR TUNCER K\u0130MD\u0130R?<\/h3>\n<p class=\"p1\">16 A\u011fustos 1978\u2019de Ankara\u2019da do\u011fan Serdar Tuncer, edebiyat ve medya alan\u0131ndaki \u00e7al\u0131\u015fmalar\u0131yla tan\u0131nan isimlerden biridir. Radyoculuk kariyerine hen\u00fcz 16 ya\u015f\u0131ndayken \u201cBe\u015f \u00c7ay\u0131\u201d program\u0131yla ad\u0131m atan Tuncer, ilerleyen y\u0131llarda televizyon programlar\u0131yla da dikkat \u00e7ekti.Lise y\u0131llar\u0131nda radyo programlar\u0131 haz\u0131rlamaya ba\u015flayan Serdar Tuncer, \u00fcniversite d\u00f6neminde ise televizyona y\u00f6neldi. \u0130lk televizyon deneyimini 1996 y\u0131l\u0131nda ya\u015fad\u0131 ve ard\u0131ndan Kanal A\u2019da \u201c\u00dc\u00e7 Nokta\u201d program\u0131yla geni\u015f kitlelere ula\u015ft\u0131. Daha sonra \u201cGecede 1 G\u00fcn\u201d ve \u201cY\u0131ld\u0131zdan Mahyalar\u201d gibi programlarla medya kariyerini s\u00fcrd\u00fcrd\u00fc.<\/p>\n<p><img loading=\"lazy\" decoding=\"async\" class=\"alignnone wp-image-140550 \" src=\"https:\/\/www.tgrthaber.com\/mavikadin\/wp-content\/uploads\/Ekran-Resmi-2025-03-01-23.02.12.png\" alt=\"\" width=\"996\" height=\"564\" title=\"\" srcset=\"https:\/\/www.tgrthaber.com\/mavikadin\/wp-content\/uploads\/Ekran-Resmi-2025-03-01-23.02.12.png 978w, https:\/\/www.tgrthaber.com\/mavikadin\/wp-content\/uploads\/Ekran-Resmi-2025-03-01-23.02.12-300x170.png 300w, https:\/\/www.tgrthaber.com\/mavikadin\/wp-content\/uploads\/Ekran-Resmi-2025-03-01-23.02.12-768x435.png 768w\" sizes=\"(max-width: 996px) 100vw, 996px\" \/><\/p>\n<p>&nbsp;<\/p>\n<hr \/>\n<p>Serdar Tuncer, 1997 y\u0131l\u0131nda \u201cSen \u0130stanbul Kokard\u0131n\u201d adl\u0131 ilk \u015fiir kitab\u0131n\u0131 yay\u0131mlad\u0131. 2003 y\u0131l\u0131nda \u201cAynalar\u201d, 2005 y\u0131l\u0131nda ise \u201cSat\u0131r Aras\u0131 Hikayeler\u201d isimli kitaplar\u0131n\u0131 okuyucularla bulu\u015fturdu. Medya kariyerinde Ramazan ay\u0131na \u00f6zel yapt\u0131\u011f\u0131 programlarla da b\u00fcy\u00fck ilgi g\u00f6ren Serdar Tuncer, TRT 1\u2019de d\u00f6rt y\u0131l boyunca Topkap\u0131 Saray\u0131\u2019ndan yay\u0131nlanan \u201c\u0130ftar Sevinci\u201d program\u0131n\u0131 sundu. 2013 y\u0131l\u0131nda Kanal D\u2019de \u201cSahurdan Kalplere\u201d program\u0131nda izleyicilerle bulu\u015ftu. Daha sonra CNN T\u00fcrk ekranlar\u0131nda her Pazar yay\u0131nlanan \u201cBa\u015fka \u015eeyler\u201d program\u0131n\u0131 haz\u0131rlay\u0131p sundu. Serdar Tuncer, sadece televizyon ve radyoda de\u011fil, konferanslar, \u015fiir dinletileri ve edebi etkinliklerle de izleyicileriyle bulu\u015fmaya devam ediyor.<\/p>\n","protected":false},"excerpt":{"rendered":"<p>Kendine \u00f6zg\u00fc anlat\u0131m\u0131 ve samimi sohbetleriyle bilinen Serdar Tuncer, uzun bir aran\u0131n ard\u0131ndan yeniden televizyon ekranlar\u0131nda olacak. Ramazan ay\u0131n\u0131n manevi ruhunu izleyicilere en g\u00fczel \u015fekilde aktaracak olan \u00fcnl\u00fc isim, 2025 Ramazan ay\u0131nda TVNET\u2019te \u201cBir Ba\u015fka Ramazan\u201d program\u0131yla izleyicilerle bulu\u015facak. Peki, program\u0131n yay\u0131n saatleri nedir? \u0130\u015fte ayr\u0131nt\u0131lar\u2026<\/p>\n","protected":false},"author":16,"featured_media":140552,"comment_status":"closed","ping_status":"closed","sticky":false,"template":"","format":"standard","meta":{"rank_math_lock_modified_date":false,"footnotes":""},"categories":[101],"tags":[12561,12560],"class_list":["post-140545","post","type-post","status-publish","format-standard","has-post-thumbnail","hentry","category-kesfet","tag-serdar-tuncer-ramazan-programi-2025-hangi-kanalda","tag-serdar-tuncer-ramazan-programi-2025-var-mi"],"_links":{"self":[{"href":"https:\/\/www.tgrthaber.com\/mavikadin\/wp-json\/wp\/v2\/posts\/140545"}],"collection":[{"href":"https:\/\/www.tgrthaber.com\/mavikadin\/wp-json\/wp\/v2\/posts"}],"about":[{"href":"https:\/\/www.tgrthaber.com\/mavikadin\/wp-json\/wp\/v2\/types\/post"}],"author":[{"embeddable":true,"href":"https:\/\/www.tgrthaber.com\/mavikadin\/wp-json\/wp\/v2\/users\/16"}],"replies":[{"embeddable":true,"href":"https:\/\/www.tgrthaber.com\/mavikadin\/wp-json\/wp\/v2\/comments?post=140545"}],"version-history":[{"count":3,"href":"https:\/\/www.tgrthaber.com\/mavikadin\/wp-json\/wp\/v2\/posts\/140545\/revisions"}],"predecessor-version":[{"id":140574,"href":"https:\/\/www.tgrthaber.com\/mavikadin\/wp-json\/wp\/v2\/posts\/140545\/revisions\/140574"}],"wp:featuredmedia":[{"embeddable":true,"href":"https:\/\/www.tgrthaber.com\/mavikadin\/wp-json\/wp\/v2\/media\/140552"}],"wp:attachment":[{"href":"https:\/\/www.tgrthaber.com\/mavikadin\/wp-json\/wp\/v2\/media?parent=140545"}],"wp:term":[{"taxonomy":"category","embeddable":true,"href":"https:\/\/www.tgrthaber.com\/mavikadin\/wp-json\/wp\/v2\/categories?post=140545"},{"taxonomy":"post_tag","embeddable":true,"href":"https:\/\/www.tgrthaber.com\/mavikadin\/wp-json\/wp\/v2\/tags?post=140545"}],"curies":[{"name":"wp","href":"https:\/\/api.w.org\/{rel}","templated":true}]}}