{"id":140558,"date":"2025-03-01T23:31:01","date_gmt":"2025-03-01T20:31:01","guid":{"rendered":"https:\/\/www.tgrthaber.com\/mavikadin\/?p=140558"},"modified":"2025-03-01T23:31:01","modified_gmt":"2025-03-01T20:31:01","slug":"caroline-koc-kimdir-kiminle-evli-nerede-yasiyor","status":"publish","type":"post","link":"https:\/\/www.tgrthaber.com\/mavikadin\/caroline-koc-kimdir-kiminle-evli-nerede-yasiyor\/","title":{"rendered":"Caroline Ko\u00e7 kimdir, kiminle evli? Nerede ya\u015f\u0131yor?"},"content":{"rendered":"<p class=\"p1\">T\u00fcrkiye\u2019nin en \u00f6nemli i\u015f insanlar\u0131ndan biri olan Caroline Ko\u00e7, hem kariyeri hem de sosyal sorumluluk projeleriyle dikkat \u00e7ekiyor. \u0130zmir\u2019de k\u00f6kl\u00fc bir ailenin \u00fcyesi olarak d\u00fcnyaya gelen Caroline Ko\u00e7, gen\u00e7 ya\u015fta i\u015f hayat\u0131na at\u0131larak kendi markalar\u0131n\u0131 olu\u015fturdu. \u0130\u015fte Caroline Ko\u00e7\u2019un hayat\u0131, kariyeri ve projeleri hakk\u0131nda t\u00fcm detaylar\u2026<\/p>\n<h3 class=\"p1\"><b>CAROL\u0130NE KO\u00c7 K\u0130MD\u0130R?<\/b><b><\/b><\/h3>\n<p class=\"p1\">1969 y\u0131l\u0131nda \u0130zmir\u2019de do\u011fan Caroline Ko\u00e7, Giraud ailesinin bir \u00fcyesidir. Babas\u0131 Herv\u00e9 Giraud, annesi ise Marianne Giraud\u2019dur. Aile k\u00f6keni Fransa\u2019ya dayanan Giraud ailesi, uzun y\u0131llard\u0131r T\u00fcrkiye\u2019de faaliyet g\u00f6steren \u00f6nemli i\u015f insanlar\u0131ndan biridir. \u0130zmir Y\u00fcn Mensucat\u2019\u0131n sahibi olan aile, ticaret ve sanayi alan\u0131nda etkili isimlerden biridir.<\/p>\n<p><img loading=\"lazy\" decoding=\"async\" class=\"alignnone wp-image-140559 \" src=\"https:\/\/www.tgrthaber.com\/mavikadin\/wp-content\/uploads\/Ekran-Resmi-2025-03-01-23.24.01.png\" alt=\"\" width=\"991\" height=\"596\" title=\"\" srcset=\"https:\/\/www.tgrthaber.com\/mavikadin\/wp-content\/uploads\/Ekran-Resmi-2025-03-01-23.24.01.png 918w, https:\/\/www.tgrthaber.com\/mavikadin\/wp-content\/uploads\/Ekran-Resmi-2025-03-01-23.24.01-300x180.png 300w, https:\/\/www.tgrthaber.com\/mavikadin\/wp-content\/uploads\/Ekran-Resmi-2025-03-01-23.24.01-768x462.png 768w\" sizes=\"(max-width: 991px) 100vw, 991px\" \/><\/p>\n<hr \/>\n<h3>CAROL\u0130NE KO\u00c7 EVL\u0130 M\u0130?<\/h3>\n<p class=\"p1\">K\u00fc\u00e7\u00fck ya\u015flardan itibaren modaya ilgi duyan Caroline Ko\u00e7, bir d\u00f6nem veteriner olmak istese de e\u011fitim hayat\u0131nda farkl\u0131 bir y\u00f6n \u00e7izdi. Boston\u2019da i\u015fletme e\u011fitimi ald\u0131 ve mezuniyetinin ard\u0131ndan 21 ya\u015f\u0131nda Mustafa Ko\u00e7 ile tan\u0131\u015farak evlendi.<\/p>\n<p><img loading=\"lazy\" decoding=\"async\" class=\"alignnone wp-image-140562 \" src=\"https:\/\/www.tgrthaber.com\/mavikadin\/wp-content\/uploads\/Ekran-Resmi-2025-03-01-23.24.19.png\" alt=\"\" width=\"987\" height=\"1319\" title=\"\" srcset=\"https:\/\/www.tgrthaber.com\/mavikadin\/wp-content\/uploads\/Ekran-Resmi-2025-03-01-23.24.19.png 720w, https:\/\/www.tgrthaber.com\/mavikadin\/wp-content\/uploads\/Ekran-Resmi-2025-03-01-23.24.19-225x300.png 225w\" sizes=\"(max-width: 987px) 100vw, 987px\" \/><\/p>\n<hr \/>\n<p class=\"p1\">Evlili\u011finin ard\u0131ndan kay\u0131npederi Rahmi Ko\u00e7\u2019un deste\u011fiyle i\u015f d\u00fcnyas\u0131na ad\u0131m atan Caroline Ko\u00e7, \u0130ngiliz tarz\u0131 erkek giyim markas\u0131 olan Edwards\u2019\u0131n kurulu\u015f s\u00fcrecinde aktif rol ald\u0131. Ma\u011fazac\u0131l\u0131k konusunda edindi\u011fi tecr\u00fcbelerle sekt\u00f6rde fark olu\u015fturdu. \u0130lerleyen y\u0131llarda \u00e7ocuk geli\u015fimi alan\u0131na y\u00f6nelerek 1998 y\u0131l\u0131nda \u0130lkad\u0131m \u00c7ocuk E\u011fitim ve Oyun Merkezi\u2019ni kurdu. \u00c7ocuklar i\u00e7in kapal\u0131 oyun alanlar\u0131 olu\u015fturma fikrini hayata ge\u00e7irerek Play Barn projesini geli\u015ftirdi. 2008 y\u0131l\u0131nda ise l\u00fcks ev tekstili markas\u0131 olan Haremlique Istanbul\u2019u, ard\u0131ndan 2009\u2019da Selamlique Istanbul\u2019u kurarak i\u015f d\u00fcnyas\u0131ndaki etkisini daha da art\u0131rd\u0131. Bu markalar, hem T\u00fcrkiye\u2019de hem de uluslararas\u0131 pazarda b\u00fcy\u00fck ilgi g\u00f6rd\u00fc.<\/p>\n<p><img loading=\"lazy\" decoding=\"async\" class=\"alignnone wp-image-140560 \" src=\"https:\/\/www.tgrthaber.com\/mavikadin\/wp-content\/uploads\/Ekran-Resmi-2025-03-01-23.24.06.png\" alt=\"\" width=\"989\" height=\"603\" title=\"\" srcset=\"https:\/\/www.tgrthaber.com\/mavikadin\/wp-content\/uploads\/Ekran-Resmi-2025-03-01-23.24.06.png 930w, https:\/\/www.tgrthaber.com\/mavikadin\/wp-content\/uploads\/Ekran-Resmi-2025-03-01-23.24.06-300x183.png 300w, https:\/\/www.tgrthaber.com\/mavikadin\/wp-content\/uploads\/Ekran-Resmi-2025-03-01-23.24.06-768x469.png 768w\" sizes=\"(max-width: 989px) 100vw, 989px\" \/><\/p>\n<hr \/>\n<h3 class=\"p1\">SOSYAL SORUMLULUK VE \u00d6D\u00dcLLER\u0130 NELER?<\/h3>\n<p class=\"p1\">\u0130\u015f d\u00fcnyas\u0131ndaki ba\u015far\u0131s\u0131n\u0131n yan\u0131 s\u0131ra sosyal sorumluluk projelerine de b\u00fcy\u00fck \u00f6nem veren Caroline Ko\u00e7, e\u011fitim ve kad\u0131n giri\u015fimcili\u011fi alanlar\u0131nda yapt\u0131\u011f\u0131 katk\u0131lar nedeniyle bir\u00e7ok \u00f6d\u00fcle lay\u0131k g\u00f6r\u00fcld\u00fc. Fark olu\u015fturan kad\u0131nlar \u00f6d\u00fcl\u00fc ile ba\u015far\u0131lar\u0131 \u00f6d\u00fcllendirildi. T\u00fcrkiye\u2019nin en \u00f6nemli i\u015f kad\u0131nlar\u0131ndan biri olarak an\u0131lan Caroline Ko\u00e7, giri\u015fimcilik ve hay\u0131rseverlik alan\u0131nda ilham veren isimlerden biri olmaya devam ediyor.<\/p>\n","protected":false},"excerpt":{"rendered":"<p>T\u00fcrkiye\u2019nin \u00f6nde gelen i\u015f insanlar\u0131ndan biri olan Caroline Ko\u00e7, hem ba\u015far\u0131l\u0131 kariyeri hem de sosyal sorumluluk projeleriyle ad\u0131ndan s\u00f6z ettiriyor. \u0130zmir\u2019de k\u00f6kl\u00fc bir ailede d\u00fcnyaya gelen Ko\u00e7, gen\u00e7 ya\u015fta i\u015f d\u00fcnyas\u0131na ad\u0131m atarak kendi markalar\u0131n\u0131 kurdu. Peki, Caroline Ko\u00e7 kimdir? \u0130\u015fte hayat\u0131 ve projeleri\u2026<\/p>\n","protected":false},"author":16,"featured_media":140563,"comment_status":"closed","ping_status":"closed","sticky":false,"template":"","format":"standard","meta":{"rank_math_lock_modified_date":false,"footnotes":""},"categories":[491],"tags":[12563,12562,12564],"class_list":["post-140558","post","type-post","status-publish","format-standard","has-post-thumbnail","hentry","category-biyografi","tag-caroline-koc-evli-mi","tag-caroline-koc-kimdir","tag-caroline-koc-nerede-yasiyor"],"_links":{"self":[{"href":"https:\/\/www.tgrthaber.com\/mavikadin\/wp-json\/wp\/v2\/posts\/140558"}],"collection":[{"href":"https:\/\/www.tgrthaber.com\/mavikadin\/wp-json\/wp\/v2\/posts"}],"about":[{"href":"https:\/\/www.tgrthaber.com\/mavikadin\/wp-json\/wp\/v2\/types\/post"}],"author":[{"embeddable":true,"href":"https:\/\/www.tgrthaber.com\/mavikadin\/wp-json\/wp\/v2\/users\/16"}],"replies":[{"embeddable":true,"href":"https:\/\/www.tgrthaber.com\/mavikadin\/wp-json\/wp\/v2\/comments?post=140558"}],"version-history":[{"count":1,"href":"https:\/\/www.tgrthaber.com\/mavikadin\/wp-json\/wp\/v2\/posts\/140558\/revisions"}],"predecessor-version":[{"id":140564,"href":"https:\/\/www.tgrthaber.com\/mavikadin\/wp-json\/wp\/v2\/posts\/140558\/revisions\/140564"}],"wp:featuredmedia":[{"embeddable":true,"href":"https:\/\/www.tgrthaber.com\/mavikadin\/wp-json\/wp\/v2\/media\/140563"}],"wp:attachment":[{"href":"https:\/\/www.tgrthaber.com\/mavikadin\/wp-json\/wp\/v2\/media?parent=140558"}],"wp:term":[{"taxonomy":"category","embeddable":true,"href":"https:\/\/www.tgrthaber.com\/mavikadin\/wp-json\/wp\/v2\/categories?post=140558"},{"taxonomy":"post_tag","embeddable":true,"href":"https:\/\/www.tgrthaber.com\/mavikadin\/wp-json\/wp\/v2\/tags?post=140558"}],"curies":[{"name":"wp","href":"https:\/\/api.w.org\/{rel}","templated":true}]}}