{"id":140576,"date":"2025-03-02T00:24:19","date_gmt":"2025-03-01T21:24:19","guid":{"rendered":"https:\/\/www.tgrthaber.com\/mavikadin\/?p=140576"},"modified":"2025-03-02T00:24:19","modified_gmt":"2025-03-01T21:24:19","slug":"vefa-sultan-dizisi-seyh-kudsi-alper-turedi-kimdir-hangi-dizi-ve-filmlerde-oynadi","status":"publish","type":"post","link":"https:\/\/www.tgrthaber.com\/mavikadin\/vefa-sultan-dizisi-seyh-kudsi-alper-turedi-kimdir-hangi-dizi-ve-filmlerde-oynadi\/","title":{"rendered":"Vefa Sultan dizisi \u015eeyh Kudsi Alper T\u00fcredi kimdir? Hangi dizi ve filmlerde oynad\u0131?"},"content":{"rendered":"<p class=\"p1\">TRT 1\u2019in Ramazan ay\u0131na \u00f6zel olarak haz\u0131rlad\u0131\u011f\u0131 Vefa Sultan dizisi, Osmanl\u0131\u2019n\u0131n manevi d\u00fcnyas\u0131na \u0131\u015f\u0131k tutan hikayesiyle izleyici kar\u015f\u0131s\u0131na \u00e7\u0131kmaya haz\u0131rlan\u0131yor. Dizide \u015eeyh Kudsi karakterini oynayan Alper T\u00fcredi, performans\u0131yla b\u00fcy\u00fck be\u011feni topluyor. Peki, Alper T\u00fcredi kimdir? Hangi dizi ve filmlerde rol ald\u0131? \u0130\u015fte detaylar\u2026<\/p>\n<h3 class=\"p1\">VEFA SULTAN D\u0130Z\u0130S\u0130 \u015eEYH KUDS\u0130 ALPER T\u00dcRED\u0130 K\u0130MD\u0130R?<\/h3>\n<p class=\"p1\">27 Aral\u0131k 1971\u2019de Bursa\u2019da d\u00fcnyaya gelen Alper T\u00fcredi, oyunculuk kariyerine tiyatro sahnelerinde ad\u0131m att\u0131. Mustafa Kemal K\u00fclt\u00fcr Merkezi\u2019nde oyunculuk e\u011fitimi ald\u0131ktan sonra bir\u00e7ok dizi, sinema filmi ve tiyatro oyununda performans sergiledi. \u00d6zel hayat\u0131nda da sosyal sorumluluk projeleriyle dikkat \u00e7eken T\u00fcredi, k\u00fc\u00e7\u00fck k\u0131z\u0131n\u0131 l\u00f6semi nedeniyle kaybettikten sonra \u201cBir Dile\u011fim Var\u201d adl\u0131 projeyi hayata ge\u00e7irerek l\u00f6semili \u00e7ocuklar\u0131n dileklerini ger\u00e7ekle\u015ftirmek i\u00e7in \u00e7al\u0131\u015fmalara ba\u015flad\u0131. Alper T\u00fcredi, Vefa Sultan dizisiyle izleyici kar\u015f\u0131s\u0131na \u00e7\u0131karken, yeni projelerde de yer almaya devam ediyor. Kariyerine hem tiyatro hem de televizyon yap\u0131mlar\u0131yla y\u00f6n vermeye devam eden deneyimli oyuncu, seyircilerin ilgisini \u00e7ekmeye devam ediyor.<\/p>\n<p><img loading=\"lazy\" decoding=\"async\" class=\"alignnone wp-image-140581 \" src=\"https:\/\/www.tgrthaber.com\/mavikadin\/wp-content\/uploads\/Ekran-Resmi-2025-03-02-00.16.28-905x1024.png\" alt=\"\" width=\"987\" height=\"1117\" title=\"\" srcset=\"https:\/\/www.tgrthaber.com\/mavikadin\/wp-content\/uploads\/Ekran-Resmi-2025-03-02-00.16.28-905x1024.png 905w, https:\/\/www.tgrthaber.com\/mavikadin\/wp-content\/uploads\/Ekran-Resmi-2025-03-02-00.16.28-265x300.png 265w, https:\/\/www.tgrthaber.com\/mavikadin\/wp-content\/uploads\/Ekran-Resmi-2025-03-02-00.16.28-768x869.png 768w, https:\/\/www.tgrthaber.com\/mavikadin\/wp-content\/uploads\/Ekran-Resmi-2025-03-02-00.16.28.png 912w\" sizes=\"(max-width: 987px) 100vw, 987px\" \/><\/p>\n<hr \/>\n<h3>ALPER T\u00dcRED\u0130 HANG\u0130 F\u0130LM VE D\u0130Z\u0130LERDE OYNADI?<\/h3>\n<p class=\"p1\">Zevcat (Cevdet, Sinema Filmi 2023)<\/p>\n<p class=\"p1\">Akif (Fatin Hoca, TV Dizisi 2023)<\/p>\n<p class=\"p1\">Ruhun Duymaz (Firuz, TV Dizisi 2023)<\/p>\n<p class=\"p1\">Ad\u0131m Farah (Hamza, TV Dizisi 2023)<\/p>\n<p class=\"p1\">Yazg\u0131 (Yusuf, TV Dizisi 2022-2023)<\/p>\n<p class=\"p1\">Agarta (Deniz, Video 2022)<\/p>\n<p class=\"p1\">Payitaht Abd\u00fclhamid (Sadrazam Ferit Pa\u015fa, TV Dizisi 2020)<\/p>\n<p class=\"p1\">Merhaba G\u00fczel Vatan\u0131m (Bulgar Binba\u015f\u0131,\u00a0Sinema Filmi 2019)<\/p>\n<p class=\"p1\">Dirili\u015f: Ertu\u011frul (Teokles,\u00a0TV Dizisi\u00a02018)<\/p>\n<p><img loading=\"lazy\" decoding=\"async\" class=\"alignnone wp-image-140582 \" src=\"https:\/\/www.tgrthaber.com\/mavikadin\/wp-content\/uploads\/Ekran-Resmi-2025-03-02-00.17.46.png\" alt=\"\" width=\"985\" height=\"581\" title=\"\" srcset=\"https:\/\/www.tgrthaber.com\/mavikadin\/wp-content\/uploads\/Ekran-Resmi-2025-03-02-00.17.46.png 960w, https:\/\/www.tgrthaber.com\/mavikadin\/wp-content\/uploads\/Ekran-Resmi-2025-03-02-00.17.46-300x177.png 300w, https:\/\/www.tgrthaber.com\/mavikadin\/wp-content\/uploads\/Ekran-Resmi-2025-03-02-00.17.46-768x453.png 768w\" sizes=\"(max-width: 985px) 100vw, 985px\" \/><\/p>\n<hr \/>\n<p class=\"p1\">Zor Y\u0131llar (Sinema Filmi 2017)<\/p>\n<p class=\"p1\">Sevda Ku\u015fun Kanad\u0131nda (Cemal,\u00a0TV Dizisi\u00a02016)<\/p>\n<p class=\"p1\">Son \u00c7\u0131k\u0131\u015f (TV Dizisi\u00a02015)<\/p>\n<p class=\"p1\">E\u015fkiya D\u00fcnyaya H\u00fck\u00fcmdar Olmaz (Suphi,\u00a0TV Dizisi\u00a02015-2017)<\/p>\n<p class=\"p1\">D\u00fc\u011f\u00fcn Dernek (Komiser, Sinema Filmi 2015)<\/p>\n<p class=\"p1\">\u00c7als\u0131n Sazlar (Aleko, Sinema Filmi 2014)<\/p>\n<p class=\"p1\">Kara Para A\u015fk (Ali G\u00fcralp,\u00a0TV Dizisi\u00a02014)<\/p>\n<p class=\"p1\">\u00d6tesiz \u0130nsanlar (Safyan Velizade,\u00a0TV Dizisi\u00a02014)<\/p>\n<p class=\"p1\">Sana Bir S\u0131r Verece\u011fim (Camg\u00f6z,\u00a0TV Dizisi\u00a02013)<\/p>\n<p class=\"p1\">Nizama Adanm\u0131\u015f Ruhlar (M\u00fcste\u015far,\u00a0TV Dizisi\u00a02013)<\/p>\n<p><img loading=\"lazy\" decoding=\"async\" class=\"alignnone wp-image-140583 \" src=\"https:\/\/www.tgrthaber.com\/mavikadin\/wp-content\/uploads\/Ekran-Resmi-2025-03-02-00.19.22.png\" alt=\"\" width=\"988\" height=\"955\" title=\"\" srcset=\"https:\/\/www.tgrthaber.com\/mavikadin\/wp-content\/uploads\/Ekran-Resmi-2025-03-02-00.19.22.png 928w, https:\/\/www.tgrthaber.com\/mavikadin\/wp-content\/uploads\/Ekran-Resmi-2025-03-02-00.19.22-300x290.png 300w, https:\/\/www.tgrthaber.com\/mavikadin\/wp-content\/uploads\/Ekran-Resmi-2025-03-02-00.19.22-768x742.png 768w\" sizes=\"(max-width: 988px) 100vw, 988px\" \/><\/p>\n<hr \/>\n<p class=\"p1\">\u0130ki D\u00fcnya Aras\u0131nda (Taner,\u00a0TV Dizisi\u00a02012-2015)<\/p>\n<p class=\"p1\">Seksenler (Yavuz,\u00a0TV Dizisi\u00a02012-2016)<\/p>\n<p class=\"p1\">Karaday\u0131 (Savc\u0131 Ahmet,\u00a0TV Dizisi\u00a02013-2014)<\/p>\n<p class=\"p1\">Acayip Hikayeler (TV Dizisi\u00a02012)<\/p>\n<p class=\"p1\">Yamak Ahmet (Vasili,\u00a0TV Dizisi\u00a02012)<\/p>\n<p class=\"p1\">Sensiz Olmaz (Yavuz,\u00a0TV Dizisi\u00a02011)<\/p>\n<p class=\"p1\">Muhte\u015fem Y\u00fczy\u0131l (Kont Hobosdansky,\u00a0TV Dizisi\u00a02011)<\/p>\n<p class=\"p1\">Mavi Kelebekler (Bak\u0131r \u0130zzetbegovi\u00e7,\u00a0TV Dizisi\u00a02011)<\/p>\n<p><img loading=\"lazy\" decoding=\"async\" class=\"alignnone wp-image-140584 \" src=\"https:\/\/www.tgrthaber.com\/mavikadin\/wp-content\/uploads\/Ekran-Resmi-2025-03-02-00.20.03.png\" alt=\"\" width=\"990\" height=\"1102\" title=\"\" srcset=\"https:\/\/www.tgrthaber.com\/mavikadin\/wp-content\/uploads\/Ekran-Resmi-2025-03-02-00.20.03.png 882w, https:\/\/www.tgrthaber.com\/mavikadin\/wp-content\/uploads\/Ekran-Resmi-2025-03-02-00.20.03-269x300.png 269w, https:\/\/www.tgrthaber.com\/mavikadin\/wp-content\/uploads\/Ekran-Resmi-2025-03-02-00.20.03-768x855.png 768w\" sizes=\"(max-width: 990px) 100vw, 990px\" \/><\/p>\n<hr \/>\n<p class=\"p1\">Kay\u0131p Aran\u0131yor (\u0130smet,\u00a0TV Dizisi\u00a02011)<\/p>\n<p class=\"p1\">Avrupa Avrupa (Hamit,\u00a0TV Dizisi\u00a02011-2012)<\/p>\n<p class=\"p1\">Ad\u0131n\u0131 Feriha Koydum (Avukat,\u00a0TV Dizisi\u00a02012)<\/p>\n<p class=\"p1\">\u00d6yle Bir Ge\u00e7er Zaman ki (Komiser,\u00a0TV Dizisi\u00a02010)<\/p>\n<p class=\"p1\">\u00c7ocuklar Duymas\u0131n (Y\u00f6netmen,\u00a0TV Dizisi\u00a02010)<\/p>\n<p class=\"p1\">\n","protected":false},"excerpt":{"rendered":"<p>TRT 1\u2019in Ramazan ay\u0131na \u00f6zel haz\u0131rlad\u0131\u011f\u0131 Vefa Sultan dizisi, Osmanl\u0131\u2019n\u0131n manevi miras\u0131n\u0131 ekrana ta\u015f\u0131yor. \u015eeyh Kudsi karakterini oynayan Alper T\u00fcredi, oyunculu\u011fuyla izleyicilerin be\u011fenisini kazand\u0131. Peki, Alper T\u00fcredi kimdir? Hangi dizi ve filmlerde oynad\u0131? \u0130\u015fte t\u00fcm merak edilenler\u2026<\/p>\n","protected":false},"author":16,"featured_media":140585,"comment_status":"closed","ping_status":"closed","sticky":false,"template":"","format":"standard","meta":{"rank_math_lock_modified_date":false,"footnotes":""},"categories":[491],"tags":[12573,12572,12571],"class_list":["post-140576","post","type-post","status-publish","format-standard","has-post-thumbnail","hentry","category-biyografi","tag-alper-turedi-hangi-dizilerde-oynadi","tag-vefa-sultan-alper-turedi-kimdir","tag-vefa-sultan-seyh-kudsi-alper-turedi-kimdir"],"_links":{"self":[{"href":"https:\/\/www.tgrthaber.com\/mavikadin\/wp-json\/wp\/v2\/posts\/140576"}],"collection":[{"href":"https:\/\/www.tgrthaber.com\/mavikadin\/wp-json\/wp\/v2\/posts"}],"about":[{"href":"https:\/\/www.tgrthaber.com\/mavikadin\/wp-json\/wp\/v2\/types\/post"}],"author":[{"embeddable":true,"href":"https:\/\/www.tgrthaber.com\/mavikadin\/wp-json\/wp\/v2\/users\/16"}],"replies":[{"embeddable":true,"href":"https:\/\/www.tgrthaber.com\/mavikadin\/wp-json\/wp\/v2\/comments?post=140576"}],"version-history":[{"count":1,"href":"https:\/\/www.tgrthaber.com\/mavikadin\/wp-json\/wp\/v2\/posts\/140576\/revisions"}],"predecessor-version":[{"id":140586,"href":"https:\/\/www.tgrthaber.com\/mavikadin\/wp-json\/wp\/v2\/posts\/140576\/revisions\/140586"}],"wp:featuredmedia":[{"embeddable":true,"href":"https:\/\/www.tgrthaber.com\/mavikadin\/wp-json\/wp\/v2\/media\/140585"}],"wp:attachment":[{"href":"https:\/\/www.tgrthaber.com\/mavikadin\/wp-json\/wp\/v2\/media?parent=140576"}],"wp:term":[{"taxonomy":"category","embeddable":true,"href":"https:\/\/www.tgrthaber.com\/mavikadin\/wp-json\/wp\/v2\/categories?post=140576"},{"taxonomy":"post_tag","embeddable":true,"href":"https:\/\/www.tgrthaber.com\/mavikadin\/wp-json\/wp\/v2\/tags?post=140576"}],"curies":[{"name":"wp","href":"https:\/\/api.w.org\/{rel}","templated":true}]}}