{"id":140594,"date":"2025-03-02T01:41:45","date_gmt":"2025-03-01T22:41:45","guid":{"rendered":"https:\/\/www.tgrthaber.com\/mavikadin\/?p=140594"},"modified":"2025-03-02T01:41:45","modified_gmt":"2025-03-01T22:41:45","slug":"kizilcik-serbeti-ilhami-diziden-ayriliyor-mu-kizilcik-serbeti-izleyicilerini-soke-eden-haberler","status":"publish","type":"post","link":"https:\/\/www.tgrthaber.com\/mavikadin\/kizilcik-serbeti-ilhami-diziden-ayriliyor-mu-kizilcik-serbeti-izleyicilerini-soke-eden-haberler\/","title":{"rendered":"K\u0131z\u0131lc\u0131k \u015eerbeti \u0130lhami diziden ayr\u0131l\u0131yor mu? K\u0131z\u0131lc\u0131k \u015eerbeti izleyicilerini \u015foke eden haberler"},"content":{"rendered":"<p>K\u0131z\u0131lc\u0131k \u015eerbeti\u2019nin son b\u00f6l\u00fcm\u00fcnde Nursema ve \u0130lhami\u2019nin ni\u015fan t\u00f6reni izleyenleri ekrana kilitledi. Y\u00fcz\u00fckler tak\u0131ld\u0131\u011f\u0131 s\u0131rada Nursema\u2019n\u0131n beklenmeyen itiraf\u0131, geceye bomba gibi d\u00fc\u015ft\u00fc. \u0130lhami ile ni\u015fanlan\u0131rken a\u011fz\u0131ndan \u201c Ben de seni sevece\u011fim Firaz\u201d s\u00f6z\u00fcn\u00fcn \u00e7\u0131kmas\u0131 aileler aras\u0131nda gerilime neden oldu. Peki, K\u0131z\u0131lc\u0131k \u015eerbeti \u0130lhami, Nursema\u2019n\u0131n itiraf\u0131na ne tepki verecek? \u0130lhami K\u0131z\u0131lc\u0131k \u015eerbeti dizisinden ayr\u0131lacak m\u0131?<\/p>\n<h3>NURSEMA\u2019NIN BOMBA \u0130T\u0130RAF<\/h3>\n<p>Nursema\u2019n\u0131n ni\u015fan s\u0131ras\u0131nda \u201cBen de seni hep sevip sayaca\u011f\u0131m Firaz\u201d demesi, hem \u0130lhami\u2019yi hem de ekran ba\u015f\u0131ndaki seyirciyi \u015fa\u015fk\u0131na \u00e7evirdi. Beklenmedik geli\u015fme sosyal medyada saniyeler i\u00e7erisinde viral olurken, yeni b\u00f6l\u00fcmde ya\u015fan\u0131lacak geli\u015fmeler ise \u015fimdiden heyecan\u0131 artt\u0131rd\u0131.<\/p>\n<p><img loading=\"lazy\" decoding=\"async\" class=\"alignnone wp-image-140595\" src=\"https:\/\/www.tgrthaber.com\/mavikadin\/wp-content\/uploads\/kizilcik-serbeti-ilhami-ve-nursema-arasinda-neler-olacak-300x169.jpg\" alt=\"k\u0131z\u0131lc\u0131k \u015ferbeti ilhami ve nursema aras\u0131nda neler olacak\" width=\"1208\" height=\"680\" title=\"\" srcset=\"https:\/\/www.tgrthaber.com\/mavikadin\/wp-content\/uploads\/kizilcik-serbeti-ilhami-ve-nursema-arasinda-neler-olacak-300x169.jpg 300w, https:\/\/www.tgrthaber.com\/mavikadin\/wp-content\/uploads\/kizilcik-serbeti-ilhami-ve-nursema-arasinda-neler-olacak-1024x576.jpg 1024w, https:\/\/www.tgrthaber.com\/mavikadin\/wp-content\/uploads\/kizilcik-serbeti-ilhami-ve-nursema-arasinda-neler-olacak-768x432.jpg 768w, https:\/\/www.tgrthaber.com\/mavikadin\/wp-content\/uploads\/kizilcik-serbeti-ilhami-ve-nursema-arasinda-neler-olacak-1536x864.jpg 1536w, https:\/\/www.tgrthaber.com\/mavikadin\/wp-content\/uploads\/kizilcik-serbeti-ilhami-ve-nursema-arasinda-neler-olacak.jpg 1920w\" sizes=\"(max-width: 1208px) 100vw, 1208px\" \/><\/p>\n<hr \/>\n<h3>\u201cSEVD\u0130\u011e\u0130M KADININ ARKASINDA DURACA\u011eIM\u201d<\/h3>\n<p>K\u0131z\u0131lc\u0131k \u015eerbeti\u2019nin 91.b\u00f6l\u00fcm\u00fcn\u00fcn fragman\u0131nda Firaz\u2019\u0131n Nursema\u2019y\u0131 asla b\u0131rakmayaca\u011f\u0131n\u0131 dile getiriyor. Ailelerin birbirlerine olan d\u00fc\u015fmanl\u0131klar\u0131 ve gerilimleri aras\u0131nda Firaz, annesine kar\u015f\u0131 gelerek, \u201c Sevdi\u011fim kad\u0131n\u0131n arkas\u0131nda duraca\u011f\u0131m\u201d diyerek kar\u015f\u0131 \u00e7\u0131k\u0131yor. \u0130lhami ise Nursema\u2019dan ayr\u0131lmamak i\u00e7in evlilik i\u015flerini h\u0131zland\u0131rmaya \u00e7al\u0131\u015facak. Peki, \u0130lhami, Nursema ile evlenecek mi? Firaz ve Nursema aras\u0131nda neler olacak?<\/p>\n<p><img loading=\"lazy\" decoding=\"async\" class=\"alignnone wp-image-140596\" src=\"https:\/\/www.tgrthaber.com\/mavikadin\/wp-content\/uploads\/kizilcik-serbeti-ilhami-ayriliyor-mu-300x169.jpg\" alt=\"k\u0131z\u0131lc\u0131k \u015ferbeti ilhami ayr\u0131l\u0131yor mu\" width=\"1208\" height=\"680\" title=\"\" srcset=\"https:\/\/www.tgrthaber.com\/mavikadin\/wp-content\/uploads\/kizilcik-serbeti-ilhami-ayriliyor-mu-300x169.jpg 300w, https:\/\/www.tgrthaber.com\/mavikadin\/wp-content\/uploads\/kizilcik-serbeti-ilhami-ayriliyor-mu-1024x576.jpg 1024w, https:\/\/www.tgrthaber.com\/mavikadin\/wp-content\/uploads\/kizilcik-serbeti-ilhami-ayriliyor-mu-768x432.jpg 768w, https:\/\/www.tgrthaber.com\/mavikadin\/wp-content\/uploads\/kizilcik-serbeti-ilhami-ayriliyor-mu-1536x864.jpg 1536w, https:\/\/www.tgrthaber.com\/mavikadin\/wp-content\/uploads\/kizilcik-serbeti-ilhami-ayriliyor-mu.jpg 1920w\" sizes=\"(max-width: 1208px) 100vw, 1208px\" \/><\/p>\n<hr \/>\n<h3>KIZILCIK \u015eERBET\u0130 \u0130LHAM\u0130 D\u0130Z\u0130DEN AYRILACAK MI?<\/h3>\n<p>K\u0131z\u0131lc\u0131k \u015eerbeti\u2019nin 90\u2019\u0131nc\u0131 b\u00f6l\u00fcm\u00fcnde ya\u015fan\u0131lan geli\u015fmelerin ard\u0131ndan izleyenler neler olaca\u011f\u0131n\u0131 merak ederken, kulislerden dizi hakk\u0131nda yeni bir bilgi geldi. K\u0131z\u0131lc\u0131k \u015eerbeti\u2019nden \u0130lhami karakterinin 2 b\u00f6l\u00fcm sonra \u00e7\u0131kar\u0131lmas\u0131 planlan\u0131yor. \u0130lhami rol\u00fcn\u00fc oynayan Fatih G\u00fchan\u2019\u0131n \u201cThe Annesi Ninja\u201d filmi \u00e7ekimleri i\u00e7in mi diziden ayr\u0131l\u0131yor? 14 Mart\u2019ta ba\u015flayacak olan filmin \u00e7ekimlerinden dolay\u0131 dizi ekibi \u0130lhami karakterini diziden \u00e7\u0131karmay\u0131 m\u0131 planl\u0131yor?<\/p>\n","protected":false},"excerpt":{"rendered":"<p>K\u0131z\u0131lc\u0131k \u015eerbeti\u2019nin son b\u00f6l\u00fcm\u00fcnde Nursema\u2019n\u0131n itiraf\u0131 herkesi \u015fa\u015fk\u0131na \u00e7evirmi\u015fti. Nursema\u2019n\u0131n ailesinin ve Firaz\u2019\u0131n gerilim dolu bak\u0131\u015flar\u0131 alt\u0131nda ya\u015fan\u0131lan a\u015fk hikayesinin sonu nas\u0131l bitecek? K\u0131z\u0131lc\u0131k \u015eerbeti Firaz ve Nursema aileleri izin verecek mi? \u0130lhami, Nursema ile evlenebilecek mi? K\u0131z\u0131lc\u0131k \u015eerbeti ilhami ayr\u0131lacak m\u0131?<\/p>\n","protected":false},"author":10,"featured_media":140596,"comment_status":"closed","ping_status":"closed","sticky":false,"template":"","format":"standard","meta":{"rank_math_lock_modified_date":false,"footnotes":""},"categories":[602],"tags":[2628,10390,157,9407],"class_list":["post-140594","post","type-post","status-publish","format-standard","has-post-thumbnail","hentry","category-diziler","tag-dizi-haberleri","tag-dizi-magazin","tag-kizilcik-serbeti","tag-kizilcik-serbeti-ilhami"],"_links":{"self":[{"href":"https:\/\/www.tgrthaber.com\/mavikadin\/wp-json\/wp\/v2\/posts\/140594"}],"collection":[{"href":"https:\/\/www.tgrthaber.com\/mavikadin\/wp-json\/wp\/v2\/posts"}],"about":[{"href":"https:\/\/www.tgrthaber.com\/mavikadin\/wp-json\/wp\/v2\/types\/post"}],"author":[{"embeddable":true,"href":"https:\/\/www.tgrthaber.com\/mavikadin\/wp-json\/wp\/v2\/users\/10"}],"replies":[{"embeddable":true,"href":"https:\/\/www.tgrthaber.com\/mavikadin\/wp-json\/wp\/v2\/comments?post=140594"}],"version-history":[{"count":2,"href":"https:\/\/www.tgrthaber.com\/mavikadin\/wp-json\/wp\/v2\/posts\/140594\/revisions"}],"predecessor-version":[{"id":140598,"href":"https:\/\/www.tgrthaber.com\/mavikadin\/wp-json\/wp\/v2\/posts\/140594\/revisions\/140598"}],"wp:featuredmedia":[{"embeddable":true,"href":"https:\/\/www.tgrthaber.com\/mavikadin\/wp-json\/wp\/v2\/media\/140596"}],"wp:attachment":[{"href":"https:\/\/www.tgrthaber.com\/mavikadin\/wp-json\/wp\/v2\/media?parent=140594"}],"wp:term":[{"taxonomy":"category","embeddable":true,"href":"https:\/\/www.tgrthaber.com\/mavikadin\/wp-json\/wp\/v2\/categories?post=140594"},{"taxonomy":"post_tag","embeddable":true,"href":"https:\/\/www.tgrthaber.com\/mavikadin\/wp-json\/wp\/v2\/tags?post=140594"}],"curies":[{"name":"wp","href":"https:\/\/api.w.org\/{rel}","templated":true}]}}