{"id":140647,"date":"2025-03-02T10:29:26","date_gmt":"2025-03-02T07:29:26","guid":{"rendered":"https:\/\/www.tgrthaber.com\/mavikadin\/?p=140647"},"modified":"2025-03-02T10:29:25","modified_gmt":"2025-03-02T07:29:25","slug":"nihat-hatipoglunun-aylik-kazanci-nedir-kac-cocugu-var","status":"publish","type":"post","link":"https:\/\/www.tgrthaber.com\/mavikadin\/nihat-hatipoglunun-aylik-kazanci-nedir-kac-cocugu-var\/","title":{"rendered":"Nihat Hatipo\u011flu&#8217;nun ayl\u0131k kazanc\u0131 nedir? Ka\u00e7 \u00e7ocu\u011fu var?"},"content":{"rendered":"<p>Prof. Dr. Nihat Hatipo\u011flu, T\u00fcrkiye&#8217;nin en tan\u0131nm\u0131\u015f ilahiyat\u00e7\u0131lar\u0131ndan biridir. Y\u0131llar i\u00e7inde televizyon programlar\u0131, kitaplar\u0131 ve halka a\u00e7\u0131k dersleriyle g\u00fc\u00e7l\u00fc bir \u00fcne kavu\u015fmu\u015ftur. Karma\u015f\u0131k \u0130slami \u00f6\u011fretileri basit ve ilgi \u00e7ekici bir \u015fekilde iletme yetene\u011fi, onu \u00f6zellikle Ramazan ay\u0131nda herkesin bildi\u011fi bir isim haline getirmi\u015ftir.<\/p>\n<p>Hatipo\u011flu&#8217;nun pop\u00fclaritesi artmaya devam ederken, \u00f6zellikle televizyon programlar\u0131ndan elde etti\u011fi kazan\u00e7lar hakk\u0131nda \u00e7ok fazla spek\u00fclasyon olmu\u015ftur. Ayr\u0131ca, bir\u00e7ok ki\u015fi ailesi ve \u00e7ocuklar\u0131 hakk\u0131ndaki ayr\u0131nt\u0131lar da dahil olmak \u00fczere ki\u015fisel hayat\u0131 hakk\u0131nda merak duymaktad\u0131r. \u0130\u015fte Nihat hatipo\u011flu hakk\u0131nda merak edilenler&#8230;<\/p>\n<h3>N\u0130HAT HAT\u0130PO\u011eLU K\u0130MD\u0130R?<\/h3>\n<p>1955&#8217;te Diyarbak\u0131r&#8217;da do\u011fan Nihat Hatipo\u011flu, ilahiyat \u00e7al\u0131\u015fmalar\u0131n\u0131 Ankara \u00dcniversitesi&#8217;nde s\u00fcrd\u00fcrm\u00fc\u015f ve burada \u0130slami ilimler alan\u0131nda e\u011fitimini tamamlam\u0131\u015ft\u0131r. Kariyeri boyunca \u00e7e\u015fitli akademik pozisyonlarda bulunmu\u015f ve T\u00fcrkiye&#8217;nin dini manzaras\u0131nda \u00f6nemli bir isim haline gelmi\u015ftir.<\/p>\n<p>Nihat Hatipo\u011flu, Emel Hatipo\u011flu ile evlidir ve birlikte Said, Osman ve Mustafa Hatipo\u011flu ad\u0131nda \u00fc\u00e7 o\u011fullar\u0131 vard\u0131r. \u015e\u00f6hretine ra\u011fmen, nispeten \u00f6zel bir aile hayat\u0131 s\u00fcrd\u00fcrm\u00fc\u015f ve kamuya a\u00e7\u0131k olanlar\u0131n \u00f6tesinde ki\u015fisel bilgilerini nadiren payla\u015fm\u0131\u015ft\u0131r.<\/p>\n<p><img loading=\"lazy\" decoding=\"async\" class=\"alignnone wp-image-140654\" src=\"https:\/\/www.tgrthaber.com\/mavikadin\/wp-content\/uploads\/2-284.png\" alt=\"\" width=\"1208\" height=\"680\" title=\"\" srcset=\"https:\/\/www.tgrthaber.com\/mavikadin\/wp-content\/uploads\/2-284.png 1280w, https:\/\/www.tgrthaber.com\/mavikadin\/wp-content\/uploads\/2-284-300x169.png 300w, https:\/\/www.tgrthaber.com\/mavikadin\/wp-content\/uploads\/2-284-1024x576.png 1024w, https:\/\/www.tgrthaber.com\/mavikadin\/wp-content\/uploads\/2-284-768x432.png 768w\" sizes=\"(max-width: 1208px) 100vw, 1208px\" \/><\/p>\n<hr \/>\n<h3>N\u0130HAT HAT\u0130PO\u011eLU VE PROGRAMLARI<\/h3>\n<p>Nihat Hatipo\u011flu, \u00f6zellikle Ramazan ay\u0131nda yay\u0131nlanan dini televizyon programlar\u0131 sayesinde yayg\u0131n bir \u00fcne kavu\u015fmu\u015ftur. Programlar\u0131 \u0130slami \u00f6\u011fretilere odaklanm\u0131\u015f, izleyicilerin dini sorular\u0131n\u0131 yan\u0131tlam\u0131\u015f ve \u00e7a\u011fda\u015f konular\u0131 \u0130slami bir bak\u0131\u015f a\u00e7\u0131s\u0131yla ele alm\u0131\u015ft\u0131r.<\/p>\n<p><img loading=\"lazy\" decoding=\"async\" class=\"alignnone wp-image-140658\" src=\"https:\/\/www.tgrthaber.com\/mavikadin\/wp-content\/uploads\/7-61.png\" alt=\"\" width=\"1208\" height=\"680\" title=\"\" srcset=\"https:\/\/www.tgrthaber.com\/mavikadin\/wp-content\/uploads\/7-61.png 1280w, https:\/\/www.tgrthaber.com\/mavikadin\/wp-content\/uploads\/7-61-300x169.png 300w, https:\/\/www.tgrthaber.com\/mavikadin\/wp-content\/uploads\/7-61-1024x576.png 1024w, https:\/\/www.tgrthaber.com\/mavikadin\/wp-content\/uploads\/7-61-768x432.png 768w\" sizes=\"(max-width: 1208px) 100vw, 1208px\" \/><\/p>\n<hr \/>\n<p>Sunuculu\u011funu yapt\u0131\u011f\u0131 \u00f6nemli programlardan baz\u0131lar\u0131 \u015funlard\u0131r:<\/p>\n<p>\u2022\u2060 <strong>\u2060\u201cNihat Hatipo\u011flu ile Sahur\u201d<\/strong> \u2013 Ramazan gecelerinde yay\u0131nlanan, izleyicilerin dini sorular\u0131n\u0131 yan\u0131tlarken \u0130slami \u00f6\u011fretileri tart\u0131\u015ft\u0131\u011f\u0131 bir program.<\/p>\n<p>\u2022\u2060 <strong>\u2060\u201cNihat Hatipo\u011flu ile \u0130ftar\u201d<\/strong> \u2013 Ramazan ay\u0131nda oru\u00e7lar\u0131n\u0131 a\u00e7an M\u00fcsl\u00fcmanlara manevi rehberlik sa\u011flamak i\u00e7in canl\u0131 yay\u0131nlanan g\u00fcnl\u00fck bir program.<\/p>\n<p>\u2022\u2060 \u2060<strong>\u201cDosta Do\u011fru\u201d<\/strong> \u2013 Ramazan mevsimi d\u0131\u015f\u0131nda yay\u0131nlanan, \u00e7e\u015fitli \u0130slami konular\u0131 ele alan dini bir sohbet program\u0131.<\/p>\n<p>Hatipo\u011flu&#8217;nun televizyon programlar\u0131, \u00f6zellikle s\u0131cak ve ula\u015f\u0131labilir ileti\u015fim tarz\u0131 nedeniyle s\u00fcrekli olarak y\u00fcksek izlenme oranlar\u0131na ula\u015fm\u0131\u015ft\u0131r. Dini kavramlar\u0131 basitle\u015ftirme ve izleyiciyle etkile\u015fim kurma becerisi, muazzam pop\u00fclaritesine katk\u0131da bulunmu\u015ftur.<\/p>\n<p><img loading=\"lazy\" decoding=\"async\" class=\"alignnone wp-image-140657\" src=\"https:\/\/www.tgrthaber.com\/mavikadin\/wp-content\/uploads\/6-120.png\" alt=\"\" width=\"1208\" height=\"680\" title=\"\" srcset=\"https:\/\/www.tgrthaber.com\/mavikadin\/wp-content\/uploads\/6-120.png 1280w, https:\/\/www.tgrthaber.com\/mavikadin\/wp-content\/uploads\/6-120-300x169.png 300w, https:\/\/www.tgrthaber.com\/mavikadin\/wp-content\/uploads\/6-120-1024x576.png 1024w, https:\/\/www.tgrthaber.com\/mavikadin\/wp-content\/uploads\/6-120-768x432.png 768w\" sizes=\"(max-width: 1208px) 100vw, 1208px\" \/><\/p>\n<hr \/>\n<h3>N\u0130HAT HAT\u0130PO\u011eLU&#8217;NUN AYLIK KAZANCI NED\u0130R?<\/h3>\n<p>Nihat Hatipo\u011flu ile ilgili en \u00e7ok tart\u0131\u015f\u0131lan konulardan biri de geliridir. Kazanc\u0131 resmi olarak a\u00e7\u0131klanmasa da, televizyon programlar\u0131ndan ald\u0131\u011f\u0131 miktarla ilgili iddialar olmu\u015ftur.<\/p>\n<p>2014 y\u0131l\u0131nda Ramazan programlar\u0131ndan ayda 600.000 T\u00fcrk Liras\u0131 kazand\u0131\u011f\u0131 iddia edilmi\u015fti. Ancak Hatipo\u011flu, bu iddialar\u0131 kesin bir dille reddederek, rakamlar\u0131n abart\u0131l\u0131 oldu\u011funu ve ger\u00e7ek gelirini yans\u0131tmad\u0131\u011f\u0131n\u0131 belirtti. 20 y\u0131ld\u0131r Ke\u00e7i\u00f6ren&#8217;de ayn\u0131 evde ya\u015fad\u0131\u011f\u0131n\u0131 ve baz\u0131 s\u00f6ylentilerin \u00f6ne s\u00fcrd\u00fc\u011f\u00fc gibi b\u00fcy\u00fck bir servet biriktirmedi\u011fini vurgulad\u0131.<\/p>\n<p><img loading=\"lazy\" decoding=\"async\" class=\"alignnone wp-image-140653\" src=\"https:\/\/www.tgrthaber.com\/mavikadin\/wp-content\/uploads\/1-259.png\" alt=\"\" width=\"1208\" height=\"680\" title=\"\" srcset=\"https:\/\/www.tgrthaber.com\/mavikadin\/wp-content\/uploads\/1-259.png 1280w, https:\/\/www.tgrthaber.com\/mavikadin\/wp-content\/uploads\/1-259-300x169.png 300w, https:\/\/www.tgrthaber.com\/mavikadin\/wp-content\/uploads\/1-259-1024x576.png 1024w, https:\/\/www.tgrthaber.com\/mavikadin\/wp-content\/uploads\/1-259-768x432.png 768w\" sizes=\"(max-width: 1208px) 100vw, 1208px\" \/><\/p>\n<hr \/>\n<p>Televizyon programlar\u0131n\u0131n ve medya etkile\u015fimlerinin devam eden ba\u015far\u0131s\u0131 g\u00f6z \u00f6n\u00fcne al\u0131nd\u0131\u011f\u0131nda, \u00f6nemli bir gelir elde etmesi muhtemeldir, ancak kesin miktar a\u00e7\u0131klanmam\u0131\u015ft\u0131r.<\/p>\n<p>Televizyondaki varl\u0131\u011f\u0131 ve kazanc\u0131yla ilgili zaman zaman gelen ele\u015ftirilere ra\u011fmen, T\u00fcrkiye&#8217;nin dini toplulu\u011funda olduk\u00e7a sayg\u0131 duyulan bir isim olmaya devam ediyor. Programlar\u0131 milyonlarca ki\u015fi i\u00e7in \u00f6nemli bir \u0130slami bilgi kayna\u011f\u0131 olmaya devam ediyor, \u00f6zellikle de programlar\u0131n\u0131n en yo\u011fun izleyici kitlesine ula\u015ft\u0131\u011f\u0131 Ramazan ay\u0131nda.<\/p>\n","protected":false},"excerpt":{"rendered":"<p>Prof. Dr. Nihat Hatipo\u011flu, T\u00fcrkiye&#8217;nin en \u00fcnl\u00fc din bilginlerinden ve televizyon ki\u015filiklerinden biridir. \u0130slami \u00f6\u011fretilere y\u00f6nelik ilgi \u00e7ekici yakla\u015f\u0131m\u0131yla tan\u0131nan, \u00f6zellikle Ramazan ay\u0131nda pop\u00fcler TV programlar\u0131 arac\u0131l\u0131\u011f\u0131yla b\u00fcy\u00fck bir takip\u00e7i kitlesi olu\u015fturmu\u015ftur. Dini sorular\u0131 ili\u015fkilendirilebilir bir \u015fekilde cevaplama yetene\u011fi, onu milyonlarca izleyici aras\u0131nda g\u00fcvenilir bir fig\u00fcr haline getirmi\u015ftir. Peki, Nihat Hatipo\u011flu&#8217;nun ayl\u0131k kazanc\u0131 nedir, ka\u00e7 \u00e7ocu\u011fu var? \u0130\u015fte detaylar&#8230;<\/p>\n","protected":false},"author":28,"featured_media":140655,"comment_status":"closed","ping_status":"closed","sticky":false,"template":"","format":"standard","meta":{"rank_math_lock_modified_date":true,"footnotes":""},"categories":[491],"tags":[12590,12592,12591,12593],"class_list":["post-140647","post","type-post","status-publish","format-standard","has-post-thumbnail","hentry","category-biyografi","tag-nihat-hatipoglu","tag-nihat-hatipoglu-aylik-kazanci-nedir","tag-nihat-hatipoglu-kimdir","tag-nihat-hatipoglunun-kac-cocugu-var"],"_links":{"self":[{"href":"https:\/\/www.tgrthaber.com\/mavikadin\/wp-json\/wp\/v2\/posts\/140647"}],"collection":[{"href":"https:\/\/www.tgrthaber.com\/mavikadin\/wp-json\/wp\/v2\/posts"}],"about":[{"href":"https:\/\/www.tgrthaber.com\/mavikadin\/wp-json\/wp\/v2\/types\/post"}],"author":[{"embeddable":true,"href":"https:\/\/www.tgrthaber.com\/mavikadin\/wp-json\/wp\/v2\/users\/28"}],"replies":[{"embeddable":true,"href":"https:\/\/www.tgrthaber.com\/mavikadin\/wp-json\/wp\/v2\/comments?post=140647"}],"version-history":[{"count":2,"href":"https:\/\/www.tgrthaber.com\/mavikadin\/wp-json\/wp\/v2\/posts\/140647\/revisions"}],"predecessor-version":[{"id":140661,"href":"https:\/\/www.tgrthaber.com\/mavikadin\/wp-json\/wp\/v2\/posts\/140647\/revisions\/140661"}],"wp:featuredmedia":[{"embeddable":true,"href":"https:\/\/www.tgrthaber.com\/mavikadin\/wp-json\/wp\/v2\/media\/140655"}],"wp:attachment":[{"href":"https:\/\/www.tgrthaber.com\/mavikadin\/wp-json\/wp\/v2\/media?parent=140647"}],"wp:term":[{"taxonomy":"category","embeddable":true,"href":"https:\/\/www.tgrthaber.com\/mavikadin\/wp-json\/wp\/v2\/categories?post=140647"},{"taxonomy":"post_tag","embeddable":true,"href":"https:\/\/www.tgrthaber.com\/mavikadin\/wp-json\/wp\/v2\/tags?post=140647"}],"curies":[{"name":"wp","href":"https:\/\/api.w.org\/{rel}","templated":true}]}}