{"id":140701,"date":"2025-03-02T11:40:10","date_gmt":"2025-03-02T08:40:10","guid":{"rendered":"https:\/\/www.tgrthaber.com\/mavikadin\/?p=140701"},"modified":"2025-03-02T11:40:10","modified_gmt":"2025-03-02T08:40:10","slug":"soguk-havalarda-iftar-sofrasinin-bas-yapiti-yogurt-corbasi-her-derde-deva","status":"publish","type":"post","link":"https:\/\/www.tgrthaber.com\/mavikadin\/soguk-havalarda-iftar-sofrasinin-bas-yapiti-yogurt-corbasi-her-derde-deva\/","title":{"rendered":"So\u011fuk havalarda iftar sofras\u0131n\u0131n ba\u015f yap\u0131t\u0131 yo\u011furt \u00e7orbas\u0131! Her derde deva"},"content":{"rendered":"<p class=\"p1\">K\u0131\u015f aylar\u0131nda s\u0131cak bir kase \u00e7orba, iftar sofralar\u0131n\u0131n en sevilen ba\u015flang\u0131c\u0131d\u0131r. \u00d6zellikle yo\u011furt \u00e7orbas\u0131, hem besleyici hem de mideyi rahatlat\u0131c\u0131 \u00f6zelli\u011fiyle Ramazan sofralar\u0131nda s\u0131k\u00e7a tercih edilir. So\u011fuk havalarda i\u00e7imizi \u0131s\u0131tan bu geleneksel lezzet, y\u00fczy\u0131llard\u0131r T\u00fcrk mutfa\u011f\u0131n\u0131n vazge\u00e7ilmezleri aras\u0131nda yer al\u0131yor. Peki yo\u011frt \u00e7orbas\u0131 nas\u0131l yap\u0131l\u0131r? \u0130\u015fte Ramazan\u2019da i\u00e7inizi \u0131s\u0131tacak yo\u011furt \u00e7orbas\u0131 tarifi!<\/p>\n<h3 class=\"p1\"><b>YO\u011eURT \u00c7ORBASININ FAYDALARI SAYMAKLA B\u0130TM\u0130YOR <\/b><b><\/b><\/h3>\n<p class=\"p1\">Yo\u011furt \u00e7orbas\u0131, sadece lezzetiyle de\u011fil sa\u011fl\u0131k a\u00e7\u0131s\u0131ndan sundu\u011fu faydalarla da dikkat \u00e7ekiyor. \u0130\u00e7eri\u011finde bulunan yo\u011furt, mideyi rahatlat\u0131c\u0131 etkisiyle bilinir ve sindirimi kolayla\u015ft\u0131r\u0131r. Ayn\u0131 zamanda ba\u011f\u0131\u015f\u0131kl\u0131k sistemini g\u00fc\u00e7lendiren probiyotikler i\u00e7erir. \u00d6zellikle uzun s\u00fcren a\u00e7l\u0131k sonras\u0131 mideyi yormadan besleyici bir ba\u015flang\u0131\u00e7 yapmak isteyenler i\u00e7in harika bir se\u00e7enektir.<\/p>\n<p><img loading=\"lazy\" decoding=\"async\" class=\"alignnone wp-image-140706 size-large\" src=\"https:\/\/www.tgrthaber.com\/mavikadin\/wp-content\/uploads\/Ekran-Resmi-2025-03-02-11.34.39-1024x709.png\" alt=\"\" width=\"1024\" height=\"709\" title=\"\" srcset=\"https:\/\/www.tgrthaber.com\/mavikadin\/wp-content\/uploads\/Ekran-Resmi-2025-03-02-11.34.39-1024x709.png 1024w, https:\/\/www.tgrthaber.com\/mavikadin\/wp-content\/uploads\/Ekran-Resmi-2025-03-02-11.34.39-300x208.png 300w, https:\/\/www.tgrthaber.com\/mavikadin\/wp-content\/uploads\/Ekran-Resmi-2025-03-02-11.34.39-768x531.png 768w, https:\/\/www.tgrthaber.com\/mavikadin\/wp-content\/uploads\/Ekran-Resmi-2025-03-02-11.34.39-1536x1063.png 1536w, https:\/\/www.tgrthaber.com\/mavikadin\/wp-content\/uploads\/Ekran-Resmi-2025-03-02-11.34.39.png 1630w\" sizes=\"(max-width: 1024px) 100vw, 1024px\" \/><\/p>\n<hr \/>\n<p class=\"p1\">Yo\u011furt \u00e7orbas\u0131, y\u00fcksek protein i\u00e7eri\u011fi sayesinde v\u00fccuda enerji verirken, i\u00e7erdi\u011fi nane ve tereya\u011f\u0131 ile ba\u011f\u0131\u015f\u0131kl\u0131k sistemini g\u00fc\u00e7lendirmeye de yard\u0131mc\u0131 olur. \u00d6zellikle so\u011fuk alg\u0131nl\u0131\u011f\u0131na kar\u015f\u0131 etkili oldu\u011fu d\u00fc\u015f\u00fcn\u00fclen yo\u011furt \u00e7orbas\u0131, grip ve enfeksiyon hastal\u0131klar\u0131na kar\u015f\u0131 do\u011fal bir koruyucu g\u00f6revi g\u00f6rebilir.<\/p>\n<h3 class=\"p1\"><b>YO\u011eURT \u00c7ORBASI NASIL YAPILIR?\u00a0<\/b><\/h3>\n<p class=\"p1\">Bu lezzetli ve sa\u011fl\u0131kl\u0131 \u00e7orbay\u0131 haz\u0131rlamak olduk\u00e7a kolayd\u0131r. \u0130\u015fte\u00a0 yo\u011furt \u00e7orbas\u0131n\u0131n tarifi:<\/p>\n<p class=\"p1\"><b>Malzemeler:<\/b><b><\/b><\/p>\n<p class=\"p1\">1 su barda\u011f\u0131 yo\u011furt<\/p>\n<p class=\"p1\">1 adet yumurta sar\u0131s\u0131<\/p>\n<p class=\"p1\">2 yemek ka\u015f\u0131\u011f\u0131 un<\/p>\n<p class=\"p1\">6 su barda\u011f\u0131 su veya et suyu<\/p>\n<p class=\"p1\">1 \u00e7ay barda\u011f\u0131 pirin\u00e7<\/p>\n<p class=\"p1\">1 tatl\u0131 ka\u015f\u0131\u011f\u0131 tuz<\/p>\n<p class=\"p1\">1 yemek ka\u015f\u0131\u011f\u0131 tereya\u011f\u0131<\/p>\n<p class=\"p1\">1 tatl\u0131 ka\u015f\u0131\u011f\u0131 nane<\/p>\n<p><img loading=\"lazy\" decoding=\"async\" class=\"alignnone wp-image-140707 size-large\" src=\"https:\/\/www.tgrthaber.com\/mavikadin\/wp-content\/uploads\/Ekran-Resmi-2025-03-02-11.34.44-1024x811.png\" alt=\"\" width=\"1024\" height=\"811\" title=\"\" srcset=\"https:\/\/www.tgrthaber.com\/mavikadin\/wp-content\/uploads\/Ekran-Resmi-2025-03-02-11.34.44-1024x811.png 1024w, https:\/\/www.tgrthaber.com\/mavikadin\/wp-content\/uploads\/Ekran-Resmi-2025-03-02-11.34.44-300x238.png 300w, https:\/\/www.tgrthaber.com\/mavikadin\/wp-content\/uploads\/Ekran-Resmi-2025-03-02-11.34.44-768x608.png 768w, https:\/\/www.tgrthaber.com\/mavikadin\/wp-content\/uploads\/Ekran-Resmi-2025-03-02-11.34.44-1536x1216.png 1536w, https:\/\/www.tgrthaber.com\/mavikadin\/wp-content\/uploads\/Ekran-Resmi-2025-03-02-11.34.44.png 1642w\" sizes=\"(max-width: 1024px) 100vw, 1024px\" \/><\/p>\n<hr \/>\n<p class=\"p1\"><b>Haz\u0131rlan\u0131\u015f\u0131:<\/b><b><\/b><\/p>\n<p class=\"p1\">\u00d6ncelikle yo\u011furt, yumurta sar\u0131s\u0131 ve unu bir kasede iyice \u00e7\u0131rp\u0131n. Ard\u0131ndan suyu ekleyerek kar\u0131\u015ft\u0131r\u0131n ve kaynamaya b\u0131rak\u0131n. Kaynad\u0131ktan sonra y\u0131kanm\u0131\u015f pirin\u00e7leri ekleyin ve orta ate\u015fte pi\u015fmeye b\u0131rak\u0131n. \u00c7orban\u0131n k\u0131vam almas\u0131n\u0131 beklerken bir tavada tereya\u011f\u0131n\u0131 eritip naneyi ekleyerek k\u0131zd\u0131r\u0131n. Haz\u0131rlanan naneli ya\u011f kar\u0131\u015f\u0131m\u0131n\u0131 \u00e7orbaya ekleyerek kar\u0131\u015ft\u0131r\u0131n ve s\u0131cak servis edin.<\/p>\n<p><img loading=\"lazy\" decoding=\"async\" class=\"alignnone wp-image-140711 size-large\" src=\"https:\/\/www.tgrthaber.com\/mavikadin\/wp-content\/uploads\/Ekran-Resmi-2025-03-02-11.36.51-1024x602.png\" alt=\"\" width=\"1024\" height=\"602\" title=\"\" srcset=\"https:\/\/www.tgrthaber.com\/mavikadin\/wp-content\/uploads\/Ekran-Resmi-2025-03-02-11.36.51-1024x602.png 1024w, https:\/\/www.tgrthaber.com\/mavikadin\/wp-content\/uploads\/Ekran-Resmi-2025-03-02-11.36.51-300x176.png 300w, https:\/\/www.tgrthaber.com\/mavikadin\/wp-content\/uploads\/Ekran-Resmi-2025-03-02-11.36.51-768x451.png 768w, https:\/\/www.tgrthaber.com\/mavikadin\/wp-content\/uploads\/Ekran-Resmi-2025-03-02-11.36.51.png 1446w\" sizes=\"(max-width: 1024px) 100vw, 1024px\" \/><\/p>\n<hr \/>\n<h3 class=\"p1\"><b>YO\u011eURT \u00c7ORBASI RAMAZAN SOFRALARINIZIN VAZGE\u00c7\u0130LMEZ\u0130 OLACAK <\/b><\/h3>\n<p class=\"p1\">Yo\u011furt \u00e7orbas\u0131, \u00f6zellikle Ramazan ay\u0131nda iftar sofralar\u0131n\u0131n hafif ve besleyici ba\u015flang\u0131\u00e7lar\u0131ndan biri olarak s\u0131k\u00e7a tercih edilir. G\u00fcn boyu s\u00fcren a\u00e7l\u0131\u011f\u0131n ard\u0131ndan mideyi yormadan doyurucu bir ba\u015flang\u0131\u00e7 yapmak isteyenler i\u00e7in m\u00fckemmel bir alternatiftir. \u00dcstelik kolay yap\u0131m\u0131 ve ekonomik malzemeleriyle de her mutfakta kendine yer bulur. So\u011fuk k\u0131\u015f g\u00fcnlerinde i\u00e7inizi \u0131s\u0131tacak bir lezzet ar\u0131yorsan\u0131z, yo\u011furt \u00e7orbas\u0131 tam size g\u00f6re! Hem lezzetli hem de \u015fifa dolu bu geleneksel \u00e7orbay\u0131 sofralar\u0131n\u0131zdan eksik etmeyin.<\/p>\n","protected":false},"excerpt":{"rendered":"<p>So\u011fuk k\u0131\u015f ak\u015famlar\u0131nda iftar sofralar\u0131n\u0131n en s\u0131cak lezzetlerinden biri olan yo\u011furt \u00e7orbas\u0131, hafif ve besleyici yap\u0131s\u0131yla \u00f6ne \u00e7\u0131k\u0131yor. Sindirimi kolayla\u015ft\u0131ran ve ba\u011f\u0131\u015f\u0131kl\u0131\u011f\u0131 destekleyen bu geleneksel tat, Ramazan ay\u0131nda sofralar\u0131n vazge\u00e7ilmezi olmaya devam ediyor. Peki, yo\u011furt \u00e7orbas\u0131 nas\u0131l yap\u0131l\u0131r? \u0130\u015fte tarifi!<\/p>\n","protected":false},"author":16,"featured_media":140712,"comment_status":"closed","ping_status":"closed","sticky":false,"template":"","format":"standard","meta":{"rank_math_lock_modified_date":false,"footnotes":""},"categories":[191],"tags":[12612,12613,12611],"class_list":["post-140701","post","type-post","status-publish","format-standard","has-post-thumbnail","hentry","category-yemek-tarifleri","tag-yogur-corbasi-nasil-yapilir","tag-yogurt-corbasi-faydalari","tag-yogurt-corbasi-tarifi"],"_links":{"self":[{"href":"https:\/\/www.tgrthaber.com\/mavikadin\/wp-json\/wp\/v2\/posts\/140701"}],"collection":[{"href":"https:\/\/www.tgrthaber.com\/mavikadin\/wp-json\/wp\/v2\/posts"}],"about":[{"href":"https:\/\/www.tgrthaber.com\/mavikadin\/wp-json\/wp\/v2\/types\/post"}],"author":[{"embeddable":true,"href":"https:\/\/www.tgrthaber.com\/mavikadin\/wp-json\/wp\/v2\/users\/16"}],"replies":[{"embeddable":true,"href":"https:\/\/www.tgrthaber.com\/mavikadin\/wp-json\/wp\/v2\/comments?post=140701"}],"version-history":[{"count":1,"href":"https:\/\/www.tgrthaber.com\/mavikadin\/wp-json\/wp\/v2\/posts\/140701\/revisions"}],"predecessor-version":[{"id":140713,"href":"https:\/\/www.tgrthaber.com\/mavikadin\/wp-json\/wp\/v2\/posts\/140701\/revisions\/140713"}],"wp:featuredmedia":[{"embeddable":true,"href":"https:\/\/www.tgrthaber.com\/mavikadin\/wp-json\/wp\/v2\/media\/140712"}],"wp:attachment":[{"href":"https:\/\/www.tgrthaber.com\/mavikadin\/wp-json\/wp\/v2\/media?parent=140701"}],"wp:term":[{"taxonomy":"category","embeddable":true,"href":"https:\/\/www.tgrthaber.com\/mavikadin\/wp-json\/wp\/v2\/categories?post=140701"},{"taxonomy":"post_tag","embeddable":true,"href":"https:\/\/www.tgrthaber.com\/mavikadin\/wp-json\/wp\/v2\/tags?post=140701"}],"curies":[{"name":"wp","href":"https:\/\/api.w.org\/{rel}","templated":true}]}}