{"id":140752,"date":"2025-03-02T13:02:23","date_gmt":"2025-03-02T10:02:23","guid":{"rendered":"https:\/\/www.tgrthaber.com\/mavikadin\/?p=140752"},"modified":"2025-03-02T13:10:45","modified_gmt":"2025-03-02T10:10:45","slug":"mehmet-seften-kivanc-tatlituga-dikkat-ceken-cagri-birak-biz-yapalim","status":"publish","type":"post","link":"https:\/\/www.tgrthaber.com\/mavikadin\/mehmet-seften-kivanc-tatlituga-dikkat-ceken-cagri-birak-biz-yapalim\/","title":{"rendered":"Mehmet \u015eef\u2019ten K\u0131van\u00e7 Tatl\u0131tu\u011f\u2019a dikkat \u00e7eken \u00e7a\u011fr\u0131: B\u0131rak biz yapal\u0131m!"},"content":{"rendered":"<p class=\"p1\">\u00dcnl\u00fc oyuncu K\u0131van\u00e7 Tatl\u0131tu\u011f\u2019un Londra\u2019da a\u015f\u00e7\u0131l\u0131k e\u011fitimi almaya ba\u015flamas\u0131 b\u00fcy\u00fck yank\u0131 uyand\u0131rm\u0131\u015ft\u0131. MasterChef j\u00fcri \u00fcyesi Mehmet Yal\u00e7\u0131nkaya, Tatl\u0131tu\u011f\u2019un mutfak sanatlar\u0131na olan ilgisine esprili bir yorum getirerek dikkat \u00e7ekti. Ekranlar\u0131n sevilen j\u00fcri \u00fcyesi Mehmet Yal\u00e7\u0131nkaya, K\u0131van\u00e7 Tatl\u0131tu\u011f&#8217;a yapt\u0131\u011f\u0131 &#8216;B\u0131rak biz yapal\u0131m&#8217; \u00e7a\u011fr\u0131s\u0131 ile herkesi g\u00fcl\u00fcmsetti.<\/p>\n<h3 class=\"p1\"><b>KIVAN\u00c7 TATLITU\u011e A\u015e\u00c7ILIK E\u011e\u0130T\u0130M\u0130 ALIYOR<\/b><\/h3>\n<p class=\"p1\">T\u00fcrk televizyon ve sinema d\u00fcnyas\u0131n\u0131n sevilen isimlerinden K\u0131van\u00e7 Tatl\u0131tu\u011f, Londra\u2019n\u0131n d\u00fcnyaca \u00fcnl\u00fc Le Cordon Bleu mutfak okulunda \u00fc\u00e7 ayl\u0131k a\u015f\u00e7\u0131l\u0131k e\u011fitimine ba\u015flad\u0131. Oyunculu\u011fuyla geni\u015f bir hayran kitlesine sahip olan Tatl\u0131tu\u011f\u2019un, mutfak sanatlar\u0131na y\u00f6nelmesi hayranlar\u0131n\u0131 \u015fa\u015f\u0131rt\u0131rken, kendisinin bu alanda yetkinle\u015fmek istedi\u011fi belirtiliyor.<\/p>\n<p><img loading=\"lazy\" decoding=\"async\" class=\"alignnone wp-image-140760 \" src=\"https:\/\/www.tgrthaber.com\/mavikadin\/wp-content\/uploads\/Ekran-Resmi-2025-03-02-12.56.23.png\" alt=\"\" width=\"988\" height=\"575\" title=\"\" srcset=\"https:\/\/www.tgrthaber.com\/mavikadin\/wp-content\/uploads\/Ekran-Resmi-2025-03-02-12.56.23.png 924w, https:\/\/www.tgrthaber.com\/mavikadin\/wp-content\/uploads\/Ekran-Resmi-2025-03-02-12.56.23-300x175.png 300w, https:\/\/www.tgrthaber.com\/mavikadin\/wp-content\/uploads\/Ekran-Resmi-2025-03-02-12.56.23-768x447.png 768w\" sizes=\"(max-width: 988px) 100vw, 988px\" \/><\/p>\n<hr \/>\n<h3 class=\"p1\"><b>MEHMET YAL\u00c7INKAYA&#8217;DAN KIVAN\u00c7 TATLITU\u011e&#8217;A \u00c7A\u011eRI<\/b><\/h3>\n<p class=\"p1\">Tatl\u0131tu\u011f\u2019un mutfak e\u011fitimine ba\u015flamas\u0131, MasterChef\u2019in deneyimli j\u00fcri \u00fcyesi Mehmet Yal\u00e7\u0131nkaya\u2019n\u0131n da g\u00fcndemine girdi. Yal\u00e7\u0131nkaya, \u00fcnl\u00fc oyuncunun bu yeni yolculu\u011funa esprili bir dille g\u00f6nderme yaparak, \u201cHer \u015feyi de sen yapma! Zaten en yak\u0131\u015f\u0131kl\u0131s\u0131s\u0131n, harika filmler \u00e7ekiyorsun, m\u00fcthi\u015f bir akt\u00f6rs\u00fcn. Yeme\u011fi de b\u0131rak biz yapal\u0131m.\u201d s\u00f6zleriyle Tatl\u0131tu\u011f\u2019a tak\u0131ld\u0131. \u015eefin bu yorumlar\u0131, sosyal medyada k\u0131sa s\u00fcrede g\u00fcndem oldu.<\/p>\n<div style=\"width: 640px;\" class=\"wp-video\"><!--[if lt IE 9]><script>document.createElement('video');<\/script><![endif]-->\n<video class=\"wp-video-shortcode\" id=\"video-140752-1\" width=\"640\" height=\"1138\" preload=\"metadata\" controls=\"controls\"><source type=\"video\/mp4\" src=\"https:\/\/www.tgrthaber.com\/mavikadin\/wp-content\/uploads\/mehmet-sef.mp4?_=1\" \/><a href=\"https:\/\/www.tgrthaber.com\/mavikadin\/wp-content\/uploads\/mehmet-sef.mp4\">https:\/\/www.tgrthaber.com\/mavikadin\/wp-content\/uploads\/mehmet-sef.mp4<\/a><\/video><\/div>\n<p class=\"p1\">K\u0131van\u00e7 Tatl\u0131tu\u011f\u2019un mutfak sanatlar\u0131na olan ilgisi, sevenleri taraf\u0131ndan b\u00fcy\u00fck bir ilgiyle takip edilirken, Mehmet \u015eef\u2019in esprili yorumu da sosyal medyada e\u011flenceli bir g\u00fcndem olu\u015fturdu. Oyuncunun yeni yeteneklerini mutfa\u011fa nas\u0131l ta\u015f\u0131yaca\u011f\u0131 ise ilerleyen d\u00f6nemde netlik kazanacak.<\/p>\n<h3>MEHMET YAL\u00c7INKAYA K\u0130MD\u0130R?<\/h3>\n<p class=\"p1\">T\u00fcrk mutfak d\u00fcnyas\u0131n\u0131n \u00f6nde gelen isimlerinden Mehmet Yal\u00e7\u0131nkaya, uluslararas\u0131 ba\u015far\u0131lar\u0131 ve geni\u015f mutfak deneyimiyle tan\u0131nan bir \u015feftir. MasterChef T\u00fcrkiye\u2019nin j\u00fcri \u00fcyelerinden biri olarak ekranlarda s\u0131k\u00e7a g\u00f6rd\u00fc\u011f\u00fcm\u00fcz Yal\u00e7\u0131nkaya, mutfak sanatlar\u0131na adanm\u0131\u015f uzun bir kariyere sahiptir.1974 y\u0131l\u0131nda Bolu\u2019da do\u011fan Mehmet Yal\u00e7\u0131nkaya, gen\u00e7 ya\u015flardan itibaren gastronomi alan\u0131nda kendini geli\u015ftirmeye ba\u015flad\u0131. T\u00fcrkiye\u2019nin \u00f6nemli mutfaklar\u0131nda g\u00f6rev ald\u0131ktan sonra, Fransa, \u0130talya, Katar, Almanya ve Yunanistan gibi \u00fclkelerde mutfak koordinat\u00f6rl\u00fc\u011f\u00fc yaparak uluslararas\u0131 alanda da kendini kan\u0131tlad\u0131.<\/p>\n<p><img loading=\"lazy\" decoding=\"async\" class=\"alignnone wp-image-140767 size-full\" src=\"https:\/\/www.tgrthaber.com\/mavikadin\/wp-content\/uploads\/Ekran-Resmi-2025-03-02-12.57.51.png\" alt=\"\" width=\"996\" height=\"576\" title=\"\" srcset=\"https:\/\/www.tgrthaber.com\/mavikadin\/wp-content\/uploads\/Ekran-Resmi-2025-03-02-12.57.51.png 996w, https:\/\/www.tgrthaber.com\/mavikadin\/wp-content\/uploads\/Ekran-Resmi-2025-03-02-12.57.51-300x173.png 300w, https:\/\/www.tgrthaber.com\/mavikadin\/wp-content\/uploads\/Ekran-Resmi-2025-03-02-12.57.51-768x444.png 768w\" sizes=\"(max-width: 996px) 100vw, 996px\" \/><\/p>\n<hr \/>\n<p class=\"p1\">2004 y\u0131l\u0131nda \u0130stanbul Yemek Akademisi\u2019nde insan anatomisi ve sindirim sistemi \u00fczerine e\u011fitim alan Yal\u00e7\u0131nkaya, mutfak sanatlar\u0131na bilimsel bir bak\u0131\u015f a\u00e7\u0131s\u0131 kazand\u0131rd\u0131. 2005 y\u0131l\u0131nda Amerika\u2019n\u0131n \u00fcnl\u00fc gurme dergisi Culinary taraf\u0131ndan \u201cTrend Chef\u201d olarak g\u00f6sterilen \u015fef, 2008 y\u0131l\u0131nda Almanya\u2019da d\u00fczenlenen IKA Olimpiyade Der K\u00f6che A kategorisinde bronz madalya kazanarak d\u00fcnya \u00fc\u00e7\u00fcnc\u00fcs\u00fc oldu.Mehmet Yal\u00e7\u0131nkaya, T\u00fcrk mutfa\u011f\u0131n\u0131 d\u00fcnya sahnesinde temsil eden isimlerden biri oldu. \u201cFusion Mutfak\u201d ak\u0131m\u0131n\u0131 T\u00fcrkiye\u2019de uygulayan \u00f6nc\u00fclerden biri olarak, farkl\u0131 lezzetleri bir araya getirerek \u00f6zg\u00fcn tatlar olu\u015fturdu. Ayr\u0131ca, ki\u015fiye \u00f6zel servis konseptini geli\u015ftiren \u015fef, 2007 y\u0131l\u0131nda bu alandaki \u00e7al\u0131\u015fmalar\u0131na ba\u015flad\u0131.<\/p>\n<p><img loading=\"lazy\" decoding=\"async\" class=\"alignnone wp-image-140768 size-large\" src=\"https:\/\/www.tgrthaber.com\/mavikadin\/wp-content\/uploads\/Ekran-Resmi-2025-03-02-12.58.35-1024x571.png\" alt=\"\" width=\"1024\" height=\"571\" title=\"\" srcset=\"https:\/\/www.tgrthaber.com\/mavikadin\/wp-content\/uploads\/Ekran-Resmi-2025-03-02-12.58.35-1024x571.png 1024w, https:\/\/www.tgrthaber.com\/mavikadin\/wp-content\/uploads\/Ekran-Resmi-2025-03-02-12.58.35-300x167.png 300w, https:\/\/www.tgrthaber.com\/mavikadin\/wp-content\/uploads\/Ekran-Resmi-2025-03-02-12.58.35-768x428.png 768w, https:\/\/www.tgrthaber.com\/mavikadin\/wp-content\/uploads\/Ekran-Resmi-2025-03-02-12.58.35.png 1058w\" sizes=\"(max-width: 1024px) 100vw, 1024px\" \/><\/p>\n<hr \/>\n<p class=\"p1\">2008\u2019de Euroturkchefs Culinary Team ekibini kurarak uluslararas\u0131 yar\u0131\u015fmalarda T\u00fcrkiye\u2019yi temsil etti. 2012 y\u0131l\u0131nda T\u00fcrkiye A\u015f\u00e7\u0131lar Federasyonu b\u00fcnyesinde yer alan Turculina Team ile D\u00fcnya A\u015f\u00e7\u0131lar Olimpiyatlar\u0131\u2019nda d\u00fcnya ikincili\u011fi elde etti.<\/p>\n","protected":false},"excerpt":{"rendered":"<p>\u00dcnl\u00fc oyuncu K\u0131van\u00e7 Tatl\u0131tu\u011f\u2019un Londra\u2019da a\u015f\u00e7\u0131l\u0131k e\u011fitimi almas\u0131, hayranlar\u0131n\u0131 \u015fa\u015f\u0131rt\u0131rken mutfak d\u00fcnyas\u0131nda da ilgiyle kar\u015f\u0131land\u0131. MasterChef T\u00fcrkiye\u2019nin sevilen j\u00fcri \u00fcyesi Mehmet Yal\u00e7\u0131nkaya, Tatl\u0131tu\u011f\u2019un bu yeni yolculu\u011funa esprili bir g\u00f6ndermede bulunarak, \u201cEn iyisi sen oyunculuk yap, mutfa\u011f\u0131 bize b\u0131rak\u201d dedi.<\/p>\n","protected":false},"author":16,"featured_media":140769,"comment_status":"closed","ping_status":"closed","sticky":false,"template":"","format":"standard","meta":{"rank_math_lock_modified_date":false,"footnotes":""},"categories":[76],"tags":[12631,12630],"class_list":["post-140752","post","type-post","status-publish","format-standard","has-post-thumbnail","hentry","category-magazin","tag-mehmet-yalcinkaya-kimdir","tag-mehmet-yalcinkaya-kivanc-tatlitug"],"_links":{"self":[{"href":"https:\/\/www.tgrthaber.com\/mavikadin\/wp-json\/wp\/v2\/posts\/140752"}],"collection":[{"href":"https:\/\/www.tgrthaber.com\/mavikadin\/wp-json\/wp\/v2\/posts"}],"about":[{"href":"https:\/\/www.tgrthaber.com\/mavikadin\/wp-json\/wp\/v2\/types\/post"}],"author":[{"embeddable":true,"href":"https:\/\/www.tgrthaber.com\/mavikadin\/wp-json\/wp\/v2\/users\/16"}],"replies":[{"embeddable":true,"href":"https:\/\/www.tgrthaber.com\/mavikadin\/wp-json\/wp\/v2\/comments?post=140752"}],"version-history":[{"count":2,"href":"https:\/\/www.tgrthaber.com\/mavikadin\/wp-json\/wp\/v2\/posts\/140752\/revisions"}],"predecessor-version":[{"id":140771,"href":"https:\/\/www.tgrthaber.com\/mavikadin\/wp-json\/wp\/v2\/posts\/140752\/revisions\/140771"}],"wp:featuredmedia":[{"embeddable":true,"href":"https:\/\/www.tgrthaber.com\/mavikadin\/wp-json\/wp\/v2\/media\/140769"}],"wp:attachment":[{"href":"https:\/\/www.tgrthaber.com\/mavikadin\/wp-json\/wp\/v2\/media?parent=140752"}],"wp:term":[{"taxonomy":"category","embeddable":true,"href":"https:\/\/www.tgrthaber.com\/mavikadin\/wp-json\/wp\/v2\/categories?post=140752"},{"taxonomy":"post_tag","embeddable":true,"href":"https:\/\/www.tgrthaber.com\/mavikadin\/wp-json\/wp\/v2\/tags?post=140752"}],"curies":[{"name":"wp","href":"https:\/\/api.w.org\/{rel}","templated":true}]}}