{"id":140765,"date":"2025-03-02T13:09:55","date_gmt":"2025-03-02T10:09:55","guid":{"rendered":"https:\/\/www.tgrthaber.com\/mavikadin\/?p=140765"},"modified":"2025-03-02T13:09:55","modified_gmt":"2025-03-02T10:09:55","slug":"kira-parasini-odememesi-ile-gundem-olan-pelin-karahandan-aciklama-dava-sonucu-her-sey-ortaya-cikacak","status":"publish","type":"post","link":"https:\/\/www.tgrthaber.com\/mavikadin\/kira-parasini-odememesi-ile-gundem-olan-pelin-karahandan-aciklama-dava-sonucu-her-sey-ortaya-cikacak\/","title":{"rendered":"Kira paras\u0131n\u0131 \u00f6dememesi ile g\u00fcndem olan Pelin Karahan&#8217;dan a\u00e7\u0131klama: Dava sonucu her \u015fey ortaya \u00e7\u0131kacak"},"content":{"rendered":"<p>Yak\u0131n zamanda magazin g\u00fcndemine konu olan isimlerden birisi de bir d\u00f6neme damga vuran dizilerden biri olup \u015f\u00f6hreti yakalayan oyuncu Pelin Karahan olmu\u015ftu. Ev sahibiyle ya\u015fad\u0131\u011f\u0131 kira \u00fccretleri ile alakal\u0131 problem ya\u015fad\u0131\u011f\u0131 konu\u015fulan g\u00fczel oyuncu Pelin Karahan&#8217;dan konuyla ilgili nihayet bir a\u00e7\u0131klama geldi.<\/p>\n<h3>KEND\u0130S\u0130 \u0130\u00c7\u0130N K\u0130RA \u00d6DEM\u0130YOR DENM\u0130\u015eT\u0130&#8230; PEL\u0130N KARAHAN \u0130LK DEFA KONU\u015eTU!<\/h3>\n<p>Ge\u00e7ti\u011fimiz g\u00fcnlerde Etiler\u2019deki bir mekan \u00e7\u0131k\u0131\u015f\u0131nda objektiflere yans\u0131yan oyuncu Pelin Karahan ve e\u015fi Bedri G\u00fcntay iki \u00e7ocuklar\u0131yla beraber ya\u015fad\u0131\u011f\u0131 evin sahibine kira \u00f6demedikleri ve bu y\u00fczden de ev sahibiyle ters d\u00fc\u015fmeleri ile g\u00fcndem olmu\u015ftu. Oyuncu Karahan yine benzer bir haber ile g\u00fcndeme geldi.<\/p>\n<p><img loading=\"lazy\" decoding=\"async\" class=\"alignnone wp-image-57253\" src=\"https:\/\/www.tgrthaber.com\/mavikadin\/wp-content\/uploads\/2024\/09\/pelin-karahan-sari-saclarindan-vazgecti-sebeke-dizisi-icin-imaj-degisikligi.jpg\" alt=\"\" width=\"1208\" height=\"683\" title=\"\" srcset=\"https:\/\/www.tgrthaber.com\/mavikadin\/wp-content\/uploads\/2024\/09\/pelin-karahan-sari-saclarindan-vazgecti-sebeke-dizisi-icin-imaj-degisikligi.jpg 1200w, https:\/\/www.tgrthaber.com\/mavikadin\/wp-content\/uploads\/2024\/09\/pelin-karahan-sari-saclarindan-vazgecti-sebeke-dizisi-icin-imaj-degisikligi-300x170.jpg 300w, https:\/\/www.tgrthaber.com\/mavikadin\/wp-content\/uploads\/2024\/09\/pelin-karahan-sari-saclarindan-vazgecti-sebeke-dizisi-icin-imaj-degisikligi-1024x579.jpg 1024w, https:\/\/www.tgrthaber.com\/mavikadin\/wp-content\/uploads\/2024\/09\/pelin-karahan-sari-saclarindan-vazgecti-sebeke-dizisi-icin-imaj-degisikligi-768x434.jpg 768w, https:\/\/www.tgrthaber.com\/mavikadin\/wp-content\/uploads\/2024\/09\/pelin-karahan-sari-saclarindan-vazgecti-sebeke-dizisi-icin-imaj-degisikligi-531x300.jpg 531w, https:\/\/www.tgrthaber.com\/mavikadin\/wp-content\/uploads\/2024\/09\/pelin-karahan-sari-saclarindan-vazgecti-sebeke-dizisi-icin-imaj-degisikligi-600x339.jpg 600w, https:\/\/www.tgrthaber.com\/mavikadin\/wp-content\/uploads\/2024\/09\/pelin-karahan-sari-saclarindan-vazgecti-sebeke-dizisi-icin-imaj-degisikligi-30x16.jpg 30w, https:\/\/www.tgrthaber.com\/mavikadin\/wp-content\/uploads\/2024\/09\/pelin-karahan-sari-saclarindan-vazgecti-sebeke-dizisi-icin-imaj-degisikligi-18x10.jpg 18w\" sizes=\"(max-width: 1208px) 100vw, 1208px\" \/><\/p>\n<hr \/>\n<p>Yay\u0131nlanan haberlerdeki iddiaya g\u00f6re Pelin Karahan, annesine ev sat\u0131n almak i\u00e7in\u00a0 Beykoz\u2019da bir ev aray\u0131\u015f\u0131na girmi\u015f ve iki senelik de kontrata imza atm\u0131\u015ft\u0131. Ancak sonras\u0131nda oyuncu Karahan, kontrat\u0131 da at\u0131lan imzay\u0131 da yok sayd\u0131.<\/p>\n<p>Be\u015f ayd\u0131r kira paras\u0131 alamad\u0131\u011f\u0131 gerek\u00e7esiyle programa ba\u011flanan ev sahibi Batuhan Bey, \u00e7areyi \u2018Neler Oluyor Hayatta\u2019 program\u0131nda canl\u0131 yay\u0131na ba\u011flanmakla bulmu\u015ftu.<\/p>\n<h3>EV SAH\u0130B\u0130 BATUHAN BEY, PROGRAMDA \u00c7ARE ARA\u015eMI\u015eTI&#8230;<\/h3>\n<p>Ev sahibi Batuhan Bey konuyla ilgili iddialardan \u015f\u00f6yle bahsetmi\u015fti:<\/p>\n<p>&#8220;Beykoz\u2019daki bir siteden ev ald\u0131k. Oyuncu Pelin Karahan annesi Seher Nural Ko\u00e7yi\u011fit\u2019e evimizi tuttu kiral\u0131k olarak. Hatta e\u015fi Bedri Bey de kefil oldu. 2023\u2019te \u00e7\u0131kmak \u00fczere kontrat imzaland\u0131. Fakat \u00e7\u0131kmad\u0131lar ve \u201cimza bizim de\u011fil, sahte imza\u201d dediler. Ekim 2023\u2019te dava a\u00e7\u0131ld\u0131. Halen de o devam etmekte. Kiray\u0131 y\u0131ll\u0131k pe\u015fin \u00f6dediler. 2024 Ekim ay\u0131nda ise \u00f6demeleri gereken kiray\u0131 \u00f6demediler. \u015eu anda icra takibi ba\u015flat\u0131ld\u0131 ve halen bir d\u00f6n\u00fc\u015f yok. Evi tahliye etmedikleri gibi kira bedelini de \u00f6dememekteler. B\u00f6yle bir ma\u011fduriyet ya\u015f\u0131yorum.&#8221;<\/p>\n<h3>PEL\u0130N KARAHAN \u0130LK DEFA A\u011eZINI A\u00c7TI! KONUYLA \u0130LG\u0130L\u0130 A\u00c7IKLAMA YAPTI<\/h3>\n<p>Konuyla ilgili bir s\u00fcredir sessiz kalmay\u0131 tercih eden Pelin Karahan \u015fu a\u00e7\u0131klamada bulundu:<\/p>\n<p><img loading=\"lazy\" decoding=\"async\" class=\"alignnone wp-image-108309 size-full\" src=\"https:\/\/www.tgrthaber.com\/mavikadin\/wp-content\/uploads\/Hazal-Kaya-ve-Pelin-Karahanin-AVM-tarzi-goz-kamastirdi-.png\" alt=\"pelin karahan\" width=\"1208\" height=\"720\" title=\"\" srcset=\"https:\/\/www.tgrthaber.com\/mavikadin\/wp-content\/uploads\/Hazal-Kaya-ve-Pelin-Karahanin-AVM-tarzi-goz-kamastirdi-.png 1208w, https:\/\/www.tgrthaber.com\/mavikadin\/wp-content\/uploads\/Hazal-Kaya-ve-Pelin-Karahanin-AVM-tarzi-goz-kamastirdi--300x179.png 300w, https:\/\/www.tgrthaber.com\/mavikadin\/wp-content\/uploads\/Hazal-Kaya-ve-Pelin-Karahanin-AVM-tarzi-goz-kamastirdi--1024x610.png 1024w, https:\/\/www.tgrthaber.com\/mavikadin\/wp-content\/uploads\/Hazal-Kaya-ve-Pelin-Karahanin-AVM-tarzi-goz-kamastirdi--768x458.png 768w\" sizes=\"(max-width: 1208px) 100vw, 1208px\" \/><\/p>\n<hr \/>\n<p>&#8220;Ev sahibi ile ya\u015fad\u0131\u011f\u0131 kira polemi\u011fiyle g\u00fcndeme gelen oyuncu, \u201c17 ya\u015f\u0131mdan beri anneme ve k\u0131z karde\u015fime ben bak\u0131yorum. Ailemi kimseye muhta\u00e7 etmem. \u00c7ok \u015f\u00fck\u00fcr kazan\u0131yorum. Kiras\u0131n\u0131 g\u00f6nderiyorsun, be\u011fenmedi\u011fi i\u00e7in ev sahipleri geri g\u00f6nderiyor. Sonra diyor ki \u2018Kiray\u0131 yat\u0131rmad\u0131\u2019. Fazla art\u0131\u015ftan dolay\u0131 anla\u015f\u0131lam\u0131yor, dava sonucu her \u015fey ortaya \u00e7\u0131kacak\u201d<\/p>\n","protected":false},"excerpt":{"rendered":"<p>Ev sahibine kira paras\u0131 vermedi\u011fi iddialar\u0131 ile g\u00fcndem olan oyuncu Pelin Karahan&#8217;dan beklenen a\u00e7\u0131klama sonunda geldi. \u0130\u015fte Karahan&#8217;\u0131n o s\u00f6zleri&#8230;<\/p>\n","protected":false},"author":27,"featured_media":92945,"comment_status":"closed","ping_status":"closed","sticky":false,"template":"","format":"standard","meta":{"rank_math_lock_modified_date":false,"footnotes":""},"categories":[76],"tags":[133,3027],"class_list":["post-140765","post","type-post","status-publish","format-standard","has-post-thumbnail","hentry","category-magazin","tag-magazin","tag-pelin-karahan"],"_links":{"self":[{"href":"https:\/\/www.tgrthaber.com\/mavikadin\/wp-json\/wp\/v2\/posts\/140765"}],"collection":[{"href":"https:\/\/www.tgrthaber.com\/mavikadin\/wp-json\/wp\/v2\/posts"}],"about":[{"href":"https:\/\/www.tgrthaber.com\/mavikadin\/wp-json\/wp\/v2\/types\/post"}],"author":[{"embeddable":true,"href":"https:\/\/www.tgrthaber.com\/mavikadin\/wp-json\/wp\/v2\/users\/27"}],"replies":[{"embeddable":true,"href":"https:\/\/www.tgrthaber.com\/mavikadin\/wp-json\/wp\/v2\/comments?post=140765"}],"version-history":[{"count":2,"href":"https:\/\/www.tgrthaber.com\/mavikadin\/wp-json\/wp\/v2\/posts\/140765\/revisions"}],"predecessor-version":[{"id":140773,"href":"https:\/\/www.tgrthaber.com\/mavikadin\/wp-json\/wp\/v2\/posts\/140765\/revisions\/140773"}],"wp:featuredmedia":[{"embeddable":true,"href":"https:\/\/www.tgrthaber.com\/mavikadin\/wp-json\/wp\/v2\/media\/92945"}],"wp:attachment":[{"href":"https:\/\/www.tgrthaber.com\/mavikadin\/wp-json\/wp\/v2\/media?parent=140765"}],"wp:term":[{"taxonomy":"category","embeddable":true,"href":"https:\/\/www.tgrthaber.com\/mavikadin\/wp-json\/wp\/v2\/categories?post=140765"},{"taxonomy":"post_tag","embeddable":true,"href":"https:\/\/www.tgrthaber.com\/mavikadin\/wp-json\/wp\/v2\/tags?post=140765"}],"curies":[{"name":"wp","href":"https:\/\/api.w.org\/{rel}","templated":true}]}}