{"id":140766,"date":"2025-03-02T13:17:12","date_gmt":"2025-03-02T10:17:12","guid":{"rendered":"https:\/\/www.tgrthaber.com\/mavikadin\/?p=140766"},"modified":"2025-03-02T13:17:11","modified_gmt":"2025-03-02T10:17:11","slug":"pelin-karahan-kadinlar-erkeklere-mesaj-atiyor-cok-acayip","status":"publish","type":"post","link":"https:\/\/www.tgrthaber.com\/mavikadin\/pelin-karahan-kadinlar-erkeklere-mesaj-atiyor-cok-acayip\/","title":{"rendered":"Pelin Karahan: &#8220;Kad\u0131nlar erkeklere mesaj at\u0131yor, \u00e7ok acayip!&#8221;"},"content":{"rendered":"<p>\u00dcnl\u00fc oyuncu Pelin Karahan, yak\u0131n zamanda e\u015fi Bedri G\u00fcntay ve \u00e7ocuklar\u0131yla d\u0131\u015far\u0131da yemek yerken ya\u015fad\u0131\u011f\u0131 \u015fa\u015f\u0131rt\u0131c\u0131 bir olay\u0131 anlatt\u0131. Aile, bir restoranda sessizce yemek yerken al\u0131\u015f\u0131lmad\u0131k bir durum ya\u015fand\u0131. Karahan, yan masadaki bir kad\u0131n\u0131n sosyal medya arac\u0131l\u0131\u011f\u0131yla e\u015fi Bedri G\u00fcntay&#8217;a mesaj att\u0131\u011f\u0131n\u0131 a\u00e7\u0131klad\u0131. Bu hikayeyi ne\u015feli bir \u015fekilde payla\u015farak, durumun al\u0131\u015f\u0131lmad\u0131k do\u011fas\u0131 nedeniyle dikkatini \u00e7ekti\u011fini a\u00e7\u0131klad\u0131.<\/p>\n<h3>PEL\u0130N KARAHAN&#8217;DAN TEPK\u0130<\/h3>\n<p>Pelin Karahan, sohbet s\u0131ras\u0131nda modern ili\u015fkilerdeki de\u011fi\u015fen dinamikleri ve kad\u0131nlar\u0131n art\u0131k sosyal bir ortamda bile erkeklere mesaj atma e\u011filiminde olduklar\u0131n\u0131 anlatt\u0131. &#8220;Bir masada yemek yerken erkekler kad\u0131nlara mesaj atm\u0131yor, ancak kad\u0131nlar erkeklere mesaj at\u0131yor. Bu olduk\u00e7a garip,&#8221; dedi.<\/p>\n<p><img loading=\"lazy\" decoding=\"async\" class=\"alignnone wp-image-140777\" src=\"https:\/\/www.tgrthaber.com\/mavikadin\/wp-content\/uploads\/2-292.png\" alt=\"\" width=\"1208\" height=\"680\" title=\"\" srcset=\"https:\/\/www.tgrthaber.com\/mavikadin\/wp-content\/uploads\/2-292.png 1280w, https:\/\/www.tgrthaber.com\/mavikadin\/wp-content\/uploads\/2-292-300x169.png 300w, https:\/\/www.tgrthaber.com\/mavikadin\/wp-content\/uploads\/2-292-1024x576.png 1024w, https:\/\/www.tgrthaber.com\/mavikadin\/wp-content\/uploads\/2-292-768x432.png 768w\" sizes=\"(max-width: 1208px) 100vw, 1208px\" \/><\/p>\n<hr \/>\n<h3>PEL\u0130N KARAHAN&#8217;IN K\u0130RACISIYLA HUKUK M\u00dcCADELES\u0130<\/h3>\n<p>Sosyal medya ve ili\u015fkiler \u00fczerine d\u00fc\u015f\u00fcncelerinin yan\u0131 s\u0131ra, Pelin Karahan ayr\u0131ca kirac\u0131s\u0131yla ya\u015fad\u0131\u011f\u0131 hukuki bir anla\u015fmazl\u0131kla ilgili ki\u015fisel bir meseleden de bahsetti. \u015eu anda kirac\u0131s\u0131yla kira art\u0131\u015flar\u0131 konusunda ya\u015fad\u0131\u011f\u0131 bir anla\u015fmazl\u0131k nedeniyle hukuki bir m\u00fccadele i\u00e7inde oldu\u011funu a\u00e7\u0131klad\u0131. Oyuncu, &#8220;G\u00fcn\u00fcm\u00fczde \u00e7o\u011fu kirac\u0131 ev sahipleriyle hukuki anla\u015fmazl\u0131klar ya\u015f\u0131yor. Ayr\u0131ca \u015fu anda kirac\u0131mla a\u015f\u0131r\u0131 kira art\u0131\u015f\u0131 nedeniyle davaday\u0131m. Mahkemedeyiz,&#8221; diyerek kariyerinin d\u0131\u015f\u0131nda ki\u015fisel hayat\u0131nda ya\u015fad\u0131\u011f\u0131 m\u00fccadelelere \u0131\u015f\u0131k tuttu.<\/p>\n<p><img loading=\"lazy\" decoding=\"async\" class=\"alignnone wp-image-140780\" src=\"https:\/\/www.tgrthaber.com\/mavikadin\/wp-content\/uploads\/5-157.png\" alt=\"\" width=\"1208\" height=\"680\" title=\"\" srcset=\"https:\/\/www.tgrthaber.com\/mavikadin\/wp-content\/uploads\/5-157.png 1280w, https:\/\/www.tgrthaber.com\/mavikadin\/wp-content\/uploads\/5-157-300x169.png 300w, https:\/\/www.tgrthaber.com\/mavikadin\/wp-content\/uploads\/5-157-1024x576.png 1024w, https:\/\/www.tgrthaber.com\/mavikadin\/wp-content\/uploads\/5-157-768x432.png 768w\" sizes=\"(max-width: 1208px) 100vw, 1208px\" \/><\/p>\n<hr \/>\n<h3>BEDR\u0130 G\u00dcNTAY K\u0130MD\u0130R?<\/h3>\n<p>Bedri G\u00fcntay, 1984 y\u0131l\u0131nda \u0130stanbul&#8217;da do\u011fdu ve g\u00fcvenlik hizmetleri konusunda uzmanla\u015fm\u0131\u015f bir \u015firket olan Candemir Holding&#8217;in CEO&#8217;su ve y\u00f6netim kurulu \u00fcyesi olarak tan\u0131nan tan\u0131nm\u0131\u015f bir T\u00fcrk i\u015f adam\u0131d\u0131r. Anadolu \u00dcniversitesi&#8217;nde \u0130\u015fletme alan\u0131nda y\u00fcksek \u00f6\u011frenim g\u00f6rd\u00fc ve bu, ba\u015far\u0131l\u0131 kariyerinin temelini olu\u015fturdu. G\u00fcntay, T\u00fcrkiye&#8217;nin g\u00fcvenlik sekt\u00f6r\u00fcnde k\u00f6kl\u00fc bir \u015firkete liderlik ederken nispeten d\u00fc\u015f\u00fck bir kamuoyu profilini koruyarak i\u015f d\u00fcnyas\u0131nda kendine bir isim yapt\u0131.<\/p>\n<p><img loading=\"lazy\" decoding=\"async\" class=\"alignnone wp-image-140778\" src=\"https:\/\/www.tgrthaber.com\/mavikadin\/wp-content\/uploads\/3-292.png\" alt=\"\" width=\"1208\" height=\"680\" title=\"\" srcset=\"https:\/\/www.tgrthaber.com\/mavikadin\/wp-content\/uploads\/3-292.png 1280w, https:\/\/www.tgrthaber.com\/mavikadin\/wp-content\/uploads\/3-292-300x169.png 300w, https:\/\/www.tgrthaber.com\/mavikadin\/wp-content\/uploads\/3-292-1024x576.png 1024w, https:\/\/www.tgrthaber.com\/mavikadin\/wp-content\/uploads\/3-292-768x432.png 768w\" sizes=\"(max-width: 1208px) 100vw, 1208px\" \/><\/p>\n<hr \/>\n<h3>PEL\u0130N KARAHAN \u0130LE EVL\u0130L\u0130\u011e\u0130<\/h3>\n<p>Bedri G\u00fcntay, Ali Demir ve Can Ey\u00fcp ad\u0131nda iki \u00e7ocu\u011fu olan pop\u00fcler T\u00fcrk oyuncu Pelin Karahan ile evlidir. \u00c7ift, 24 Haziran 2014&#8217;te \u0130stanbul&#8217;daki tarihi Adile Sultan Saray\u0131&#8217;nda d\u00fcnyaevine girdi. Karahan&#8217;\u0131n kamu kariyeri etraf\u0131ndaki medya ilgisine ra\u011fmen, G\u00fcntay ve ailesi ki\u015fisel hayatlar\u0131n\u0131 gizli tutmay\u0131 tercih ediyor. \u00c7iftin g\u00fc\u00e7l\u00fc ba\u011f\u0131 ve aile hayatlar\u0131na olan ba\u011fl\u0131l\u0131\u011f\u0131, genellikle birlikte kamuya a\u00e7\u0131k g\u00f6r\u00fcn\u00fcmlerinde g\u00f6r\u00fcld\u00fc\u011f\u00fc gibi ili\u015fkilerinin merkezinde yer almaya devam ediyor.<\/p>\n","protected":false},"excerpt":{"rendered":"<p>\u00dcnl\u00fc oyuncu Pelin Karahan, yak\u0131n zamanda modern fl\u00f6rt davran\u0131\u015flar\u0131 hakk\u0131ndaki yorumlar\u0131yla man\u015fetlere \u00e7\u0131kt\u0131. Erkeklerin ve kad\u0131nlar\u0131n sosyal toplant\u0131larda, \u00f6zellikle mesajla\u015fma s\u00f6z konusu oldu\u011funda nas\u0131l davrand\u0131klar\u0131na dair d\u00fc\u015f\u00fcncelerini payla\u015ft\u0131. Oyunculuk kariyeriyle tan\u0131nan Karahan&#8217;\u0131n samimi a\u00e7\u0131klamalar\u0131, g\u00fcn\u00fcm\u00fcz d\u00fcnyas\u0131nda erkekler ve kad\u0131nlar aras\u0131ndaki de\u011fi\u015fen dinamikler hakk\u0131nda baz\u0131 tart\u0131\u015fmalara yol a\u00e7t\u0131.<\/p>\n","protected":false},"author":28,"featured_media":140776,"comment_status":"closed","ping_status":"closed","sticky":false,"template":"","format":"standard","meta":{"rank_math_lock_modified_date":true,"footnotes":""},"categories":[76],"tags":[12632,3027],"class_list":["post-140766","post","type-post","status-publish","format-standard","has-post-thumbnail","hentry","category-magazin","tag-bedri-guntay","tag-pelin-karahan"],"_links":{"self":[{"href":"https:\/\/www.tgrthaber.com\/mavikadin\/wp-json\/wp\/v2\/posts\/140766"}],"collection":[{"href":"https:\/\/www.tgrthaber.com\/mavikadin\/wp-json\/wp\/v2\/posts"}],"about":[{"href":"https:\/\/www.tgrthaber.com\/mavikadin\/wp-json\/wp\/v2\/types\/post"}],"author":[{"embeddable":true,"href":"https:\/\/www.tgrthaber.com\/mavikadin\/wp-json\/wp\/v2\/users\/28"}],"replies":[{"embeddable":true,"href":"https:\/\/www.tgrthaber.com\/mavikadin\/wp-json\/wp\/v2\/comments?post=140766"}],"version-history":[{"count":2,"href":"https:\/\/www.tgrthaber.com\/mavikadin\/wp-json\/wp\/v2\/posts\/140766\/revisions"}],"predecessor-version":[{"id":140782,"href":"https:\/\/www.tgrthaber.com\/mavikadin\/wp-json\/wp\/v2\/posts\/140766\/revisions\/140782"}],"wp:featuredmedia":[{"embeddable":true,"href":"https:\/\/www.tgrthaber.com\/mavikadin\/wp-json\/wp\/v2\/media\/140776"}],"wp:attachment":[{"href":"https:\/\/www.tgrthaber.com\/mavikadin\/wp-json\/wp\/v2\/media?parent=140766"}],"wp:term":[{"taxonomy":"category","embeddable":true,"href":"https:\/\/www.tgrthaber.com\/mavikadin\/wp-json\/wp\/v2\/categories?post=140766"},{"taxonomy":"post_tag","embeddable":true,"href":"https:\/\/www.tgrthaber.com\/mavikadin\/wp-json\/wp\/v2\/tags?post=140766"}],"curies":[{"name":"wp","href":"https:\/\/api.w.org\/{rel}","templated":true}]}}