{"id":140774,"date":"2025-03-02T13:30:36","date_gmt":"2025-03-02T10:30:36","guid":{"rendered":"https:\/\/www.tgrthaber.com\/mavikadin\/?p=140774"},"modified":"2025-03-02T13:30:37","modified_gmt":"2025-03-02T10:30:37","slug":"dilenci-olan-konugunun-aylik-gelirini-duyan-esra-eroldan-bakan-yerlikayaya-cagri-sokakta-gordukleri-dilencilere-acimasinlar","status":"publish","type":"post","link":"https:\/\/www.tgrthaber.com\/mavikadin\/dilenci-olan-konugunun-aylik-gelirini-duyan-esra-eroldan-bakan-yerlikayaya-cagri-sokakta-gordukleri-dilencilere-acimasinlar\/","title":{"rendered":"Dilenci olan konu\u011funun ayl\u0131k gelirini duyan Esra Erol&#8217;dan Bakan Yerlikaya&#8217;ya \u00e7a\u011fr\u0131: Sokakta g\u00f6rd\u00fckleri dilencilere ac\u0131mas\u0131nlar"},"content":{"rendered":"<p>ATV ekranlar\u0131n\u0131n ilgi ve merakla takip edilen g\u00fcnd\u00fcz ku\u015fa\u011f\u0131 programlar\u0131ndan &#8216;Esra Erol&#8217;da program\u0131na konuk olan Ferhat isimli \u015fah\u0131s sevgilisini ka\u00e7\u0131rd\u0131\u011f\u0131 iddias\u0131 ile izleyicilerden taraf\u0131ndan olay\u0131 merak ediliyordu.<\/p>\n<p>Programda yapm\u0131\u015f oldu\u011fu a\u00e7\u0131klamalarla olay olan Ferhat isimli \u015fah\u0131s \u015fimdi de sosyal medyan\u0131n dilinde. Dilencilik yaparak ayl\u0131k olarak elde etti\u011fi kazanc\u0131n\u0131 a\u00e7\u0131klayan Ferhat isimli \u015fahs\u0131n a\u00e7\u0131klamas\u0131 yok art\u0131k dedirtti. \u0130\u015fte sunucu Esra Erol ile dilenci oldu\u011funu \u00f6ne s\u00fcren Ferhat isimli konu\u011fun \u00e7ok konu\u015fulacak o s\u00f6zleri&#8230;<\/p>\n<h3>ESRA EROL &#8220;HER YERDE D\u0130LEN\u0130YORUM BEN&#8221; D\u0130YEN KONU\u011eUNA TEPK\u0130 G\u00d6STERD\u0130!<\/h3>\n<p>Ailece dilenci olduklar\u0131n\u0131 dile getiren ve yapt\u0131\u011f\u0131 a\u00e7\u0131klamalarla g\u00fcndemde olan Ferhat isimli \u015fah\u0131s &#8220;Ben dilenciyim. Her yerde dileniyorum ben&#8221; diyerek bu sayede para biriktirdi\u011fini s\u00f6yledi.<\/p>\n<p><img loading=\"lazy\" decoding=\"async\" class=\"alignnone wp-image-140784\" src=\"https:\/\/www.tgrthaber.com\/mavikadin\/wp-content\/uploads\/eee-4.png\" alt=\"\" width=\"1208\" height=\"681\" title=\"\" srcset=\"https:\/\/www.tgrthaber.com\/mavikadin\/wp-content\/uploads\/eee-4.png 1121w, https:\/\/www.tgrthaber.com\/mavikadin\/wp-content\/uploads\/eee-4-300x169.png 300w, https:\/\/www.tgrthaber.com\/mavikadin\/wp-content\/uploads\/eee-4-1024x577.png 1024w, https:\/\/www.tgrthaber.com\/mavikadin\/wp-content\/uploads\/eee-4-768x433.png 768w\" sizes=\"(max-width: 1208px) 100vw, 1208px\" \/><\/p>\n<hr \/>\n<p>Konuk Ferhat&#8217;\u0131n bu s\u00f6zlerini i\u015fiten ve \u015fa\u015fk\u0131nl\u0131\u011f\u0131n\u0131 saklayamayan sunucu Esra Erol ise &#8220;Niye dileniyorsun? \u00c7ak\u0131 gibi delikanl\u0131s\u0131n. Ne diyorsun dilenirken? Ta\u015f\u0131 s\u0131ksan suyunu \u00e7\u0131kart\u0131rs\u0131n&#8221; diyerek tepkini belli etmeden duramad\u0131.<\/p>\n<h3>S\u00d6ZLER\u0130YLE HERKES\u0130 \u015eOK ETT\u0130! PROGRAMDA EKONOM\u0130DEN DERT YANDI<\/h3>\n<p>Esra Erol&#8217;un bu s\u00f6zlerine cevap niteli\u011finde Ferhat isimli \u015fah\u0131s ise &#8220;Ayl\u0131k olmu\u015f 22 bin TL, ev olmu\u015f 30 bin TL. Nas\u0131l yapacaks\u0131n?&#8221; diyerek ekonomik s\u0131k\u0131nt\u0131lar i\u00e7erisinde oldu\u011funu dile getirdi ve kendini savunmaya ge\u00e7ti. Sunucu Esra Erol da bunun \u00fczerine &#8220;Ka\u00e7 para kazan\u0131yorsun?&#8221; diye soru y\u00f6neltince olanlar oldu.<\/p>\n<p><em><strong>\u0130\u015fte Esra Erol ile dilenci Ferhat aras\u0131nda programda ge\u00e7en o konu\u015fmalar&#8230;<\/strong><\/em><\/p>\n<p>Dilenci Ferhat isimli gen\u00e7: Ayl\u0131k alm\u0131\u015f 22 bin TL. Ev olmu\u015f 30 bin TL. Nas\u0131l yapacaks\u0131n?<\/p>\n<p>Sunucu Esra Erol: Ka\u00e7 para kazan\u0131yorsun?<\/p>\n<p>Dilenci Ferhat isimli gen\u00e7: Benim ayl\u0131k kazanc\u0131m&#8230; Cumhurba\u015fkan\u0131 alamaz o paray\u0131&#8230; Ayl\u0131k kazanc\u0131m 200-300 bin TL<\/p>\n<p>Sunucu Esra Erol: Dilenerek mi? Vay&#8230; \u0130\u00e7i\u015fleri Bakanl\u0131\u011f\u0131na \u00e7a\u011fr\u0131da bulunal\u0131m buradan. Sokakta g\u00f6rd\u00fckleri dilencilere ac\u0131mas\u0131nlar.<\/p>\n","protected":false},"excerpt":{"rendered":"<p>Esra Erol&#8217;da program\u0131na kat\u0131lan Ferhat isimli \u015fah\u0131s dilenci oldu\u011funu s\u00f6yledi\u011fi a\u00e7\u0131klamalar\u0131yla g\u00fcndem oldu. Duyduklar\u0131na inanamayan sunucu Esra Erol \u015fa\u015fk\u0131nl\u0131ktan ne diyece\u011fini bilemedi.<\/p>\n","protected":false},"author":27,"featured_media":140783,"comment_status":"closed","ping_status":"closed","sticky":false,"template":"","format":"standard","meta":{"rank_math_lock_modified_date":false,"footnotes":""},"categories":[76],"tags":[12634,3228,12633,133],"class_list":["post-140774","post","type-post","status-publish","format-standard","has-post-thumbnail","hentry","category-magazin","tag-dilenci-ferhat","tag-esra-erol","tag-esra-erol-ferhat","tag-magazin"],"_links":{"self":[{"href":"https:\/\/www.tgrthaber.com\/mavikadin\/wp-json\/wp\/v2\/posts\/140774"}],"collection":[{"href":"https:\/\/www.tgrthaber.com\/mavikadin\/wp-json\/wp\/v2\/posts"}],"about":[{"href":"https:\/\/www.tgrthaber.com\/mavikadin\/wp-json\/wp\/v2\/types\/post"}],"author":[{"embeddable":true,"href":"https:\/\/www.tgrthaber.com\/mavikadin\/wp-json\/wp\/v2\/users\/27"}],"replies":[{"embeddable":true,"href":"https:\/\/www.tgrthaber.com\/mavikadin\/wp-json\/wp\/v2\/comments?post=140774"}],"version-history":[{"count":3,"href":"https:\/\/www.tgrthaber.com\/mavikadin\/wp-json\/wp\/v2\/posts\/140774\/revisions"}],"predecessor-version":[{"id":140789,"href":"https:\/\/www.tgrthaber.com\/mavikadin\/wp-json\/wp\/v2\/posts\/140774\/revisions\/140789"}],"wp:featuredmedia":[{"embeddable":true,"href":"https:\/\/www.tgrthaber.com\/mavikadin\/wp-json\/wp\/v2\/media\/140783"}],"wp:attachment":[{"href":"https:\/\/www.tgrthaber.com\/mavikadin\/wp-json\/wp\/v2\/media?parent=140774"}],"wp:term":[{"taxonomy":"category","embeddable":true,"href":"https:\/\/www.tgrthaber.com\/mavikadin\/wp-json\/wp\/v2\/categories?post=140774"},{"taxonomy":"post_tag","embeddable":true,"href":"https:\/\/www.tgrthaber.com\/mavikadin\/wp-json\/wp\/v2\/tags?post=140774"}],"curies":[{"name":"wp","href":"https:\/\/api.w.org\/{rel}","templated":true}]}}