{"id":140790,"date":"2025-03-02T13:54:34","date_gmt":"2025-03-02T10:54:34","guid":{"rendered":"https:\/\/www.tgrthaber.com\/mavikadin\/?p=140790"},"modified":"2025-03-02T13:54:33","modified_gmt":"2025-03-02T10:54:33","slug":"cagla-sikel-ve-yeni-sevgilisi-arasinda-kac-yas-farki-var-cagla-sikel-kac-evlilik-yapti","status":"publish","type":"post","link":"https:\/\/www.tgrthaber.com\/mavikadin\/cagla-sikel-ve-yeni-sevgilisi-arasinda-kac-yas-farki-var-cagla-sikel-kac-evlilik-yapti\/","title":{"rendered":"\u00c7a\u011fla \u015e\u0131kel ve yeni sevgilisi aras\u0131nda ka\u00e7 ya\u015f fark\u0131 var? \u00c7a\u011fla \u015e\u0131kel ka\u00e7 evlilik yapt\u0131?"},"content":{"rendered":"<p>\u00dcnl\u00fc model ve oyunculu\u011fuyla tan\u0131nan \u00c7a\u011fla \u015e\u0131kel, yak\u0131n zamanda tekstil sekt\u00f6r\u00fcnde i\u015f adam\u0131 olan Erin\u00e7 Ulut\u00fcrk ile olan yeni ili\u015fkisinden bahsetti. \u00c7ift, yak\u0131n zamanda Levent&#8217;te bir al\u0131\u015fveri\u015f merkezinde birlikte g\u00f6r\u00fcnt\u00fclendi ve birlikte vakit ge\u00e7irirken g\u00f6r\u00fcld\u00fc. Ancak \u00c7a\u011fla, \u015fu a\u015famada ili\u015fkisinin ayr\u0131nt\u0131lar\u0131n\u0131 a\u00e7\u0131k\u00e7a konu\u015fmaktan ho\u015flanmad\u0131\u011f\u0131n\u0131 belirtti. Duygular\u0131n\u0131 medyayla payla\u015farak, &#8220;Kalbim daha h\u0131zl\u0131 atmaya ba\u015fl\u0131yor. \u0130ki \u00e7ocuk annesi olarak bunu a\u00e7\u0131k\u00e7a konu\u015fmak istemiyorum. Birbirimizi tan\u0131ma s\u00fcrecindeyiz ve ayr\u0131nt\u0131lar\u0131 vermekten biraz utan\u0131yorum.&#8221; dedi.<\/p>\n<h3>&#8220;KONU\u015eMAKTAN UTANIYORUM&#8221;<\/h3>\n<p>Erin\u00e7 Ulut\u00fcrk, bir tekstil giri\u015fimcisi olarak biliniyor ve \u00e7iftin ili\u015fkisi \u00f6nemli ilgi g\u00f6rd\u00fc. Birlikte \u00e7e\u015fitli vesilelerle g\u00f6r\u00fcld\u00fcler ve ikili aras\u0131ndaki ya\u015f fark\u0131yla ilgili s\u00f6ylentiler dola\u015fmaya ba\u015flad\u0131. Baz\u0131 s\u00f6ylentiler Erin\u00e7&#8217;in \u00c7a\u011fla&#8217;dan 15 ya\u015f k\u00fc\u00e7\u00fck oldu\u011funu \u00f6ne s\u00fcrd\u00fc. Bu s\u00f6ylentiler soruldu\u011funda \u00c7a\u011fla sosyal medyas\u0131nda esprili bir \u015fekilde yan\u0131t verdi. &#8220;Sormadan veya ara\u015ft\u0131rmadan &#8217;15 ya\u015f k\u00fc\u00e7\u00fck sevgili&#8217; yazmak \u00e7ok kolay. E\u011fer 15 ya\u015f k\u00fc\u00e7\u00fckse, bu benim 60 ya\u015f\u0131nda olmam gerekti\u011fi anlam\u0131na gelir.&#8221; yazd\u0131.<\/p>\n<p><img loading=\"lazy\" decoding=\"async\" class=\"alignnone wp-image-140814\" src=\"https:\/\/www.tgrthaber.com\/mavikadin\/wp-content\/uploads\/1-268.png\" alt=\"\" width=\"1208\" height=\"680\" title=\"\" srcset=\"https:\/\/www.tgrthaber.com\/mavikadin\/wp-content\/uploads\/1-268.png 1280w, https:\/\/www.tgrthaber.com\/mavikadin\/wp-content\/uploads\/1-268-300x169.png 300w, https:\/\/www.tgrthaber.com\/mavikadin\/wp-content\/uploads\/1-268-1024x576.png 1024w, https:\/\/www.tgrthaber.com\/mavikadin\/wp-content\/uploads\/1-268-768x432.png 768w\" sizes=\"(max-width: 1208px) 100vw, 1208px\" \/><\/p>\n<hr \/>\n<h3>\u00c7A\u011eLA \u015eIKEL KA\u00c7 EVL\u0130L\u0130K YAPTI?<\/h3>\n<p>Erin\u00e7 Ulut\u00fcrk ile yeni ili\u015fkisine ba\u015flamadan \u00f6nce \u00c7a\u011fla \u015e\u0131kel iki kez evlendi. \u0130lk evlili\u011fini \u00fcnl\u00fc T\u00fcrk \u015fark\u0131c\u0131 Emre Altu\u011f ile yapt\u0131. Bir zamanlar T\u00fcrkiye&#8217;nin en sevilen \u00fcnl\u00fc \u00e7iftlerinden biri olan \u00e7ift, 2003 y\u0131l\u0131nda evlendi ve birlikte iki \u00e7ocuk sahibi oldu. Ne yaz\u0131k ki, 2008&#8217;de bo\u015fand\u0131lar. Emre Altu\u011f&#8217;dan ayr\u0131ld\u0131ktan sonra \u00c7a\u011fla, i\u015f adam\u0131 Nail G\u00f6nenli ile bir ili\u015fki ya\u015fad\u0131 ve ikisi s\u0131k s\u0131k birlikte g\u00f6r\u00fcld\u00fc, bu da olas\u0131 bir evlilik hakk\u0131nda spek\u00fclasyonlara yol a\u00e7t\u0131. Ancak ili\u015fkileri sona erdi ve yollar\u0131n\u0131 ay\u0131rd\u0131lar.<\/p>\n<p><img loading=\"lazy\" decoding=\"async\" class=\"alignnone wp-image-140816\" src=\"https:\/\/www.tgrthaber.com\/mavikadin\/wp-content\/uploads\/3-293.png\" alt=\"\" width=\"1208\" height=\"680\" title=\"\" srcset=\"https:\/\/www.tgrthaber.com\/mavikadin\/wp-content\/uploads\/3-293.png 1280w, https:\/\/www.tgrthaber.com\/mavikadin\/wp-content\/uploads\/3-293-300x169.png 300w, https:\/\/www.tgrthaber.com\/mavikadin\/wp-content\/uploads\/3-293-1024x576.png 1024w, https:\/\/www.tgrthaber.com\/mavikadin\/wp-content\/uploads\/3-293-768x432.png 768w\" sizes=\"(max-width: 1208px) 100vw, 1208px\" \/><\/p>\n<hr \/>\n<h3>\u00c7A\u011eLA \u015eIKEL&#8217;\u0130N YEN\u0130 A\u015eKI<\/h3>\n<p>\u00d6nceki evlilikleri olduk\u00e7a kamuoyuna duyurulmas\u0131na ra\u011fmen, \u00c7a\u011fla \u015e\u0131kel \u015fu anda Erin\u00e7 Ulut\u00fcrk ile ili\u015fkisini nispeten gizli tutuyor. \u0130ki \u00e7ocuk annesi olarak, takip\u00e7ilerine ve medyaya ne kadar \u00e7ok \u015fey a\u00e7\u0131klad\u0131\u011f\u0131 konusunda dikkatli davran\u0131yor.<\/p>\n<p>Gizlili\u011fe olan arzusuna ra\u011fmen, \u00c7a\u011fla&#8217;n\u0131n hayranlar\u0131 ve medya, \u00f6zellikle modellikteki ba\u015far\u0131l\u0131 kariyerini s\u00fcrd\u00fcrmeye devam ederken, her hareketini yak\u0131ndan takip ediyor. Asl\u0131nda, yak\u0131n zamanda \u00c7a\u011fla 46. ya\u015f g\u00fcn\u00fcn\u00fc kutlad\u0131 ve arkada\u015flar\u0131ndan ve takip\u00e7ilerinden i\u00e7ten do\u011fum g\u00fcn\u00fc dilekleri ald\u0131.<\/p>\n<p><img loading=\"lazy\" decoding=\"async\" class=\"alignnone wp-image-140819\" src=\"https:\/\/www.tgrthaber.com\/mavikadin\/wp-content\/uploads\/7-62.png\" alt=\"\" width=\"1208\" height=\"680\" title=\"\" srcset=\"https:\/\/www.tgrthaber.com\/mavikadin\/wp-content\/uploads\/7-62.png 1280w, https:\/\/www.tgrthaber.com\/mavikadin\/wp-content\/uploads\/7-62-300x169.png 300w, https:\/\/www.tgrthaber.com\/mavikadin\/wp-content\/uploads\/7-62-1024x576.png 1024w, https:\/\/www.tgrthaber.com\/mavikadin\/wp-content\/uploads\/7-62-768x432.png 768w\" sizes=\"(max-width: 1208px) 100vw, 1208px\" \/><\/p>\n<hr \/>\n<h3>\u00c7A\u011eLA \u015eIKEL VE AL\u0130\u015eAN DOSTLU\u011eU<\/h3>\n<p>Romantik hayat\u0131n\u0131n yan\u0131 s\u0131ra \u00c7a\u011fla \u015e\u0131kel, hayranlar\u0131n\u0131n b\u00fcy\u00fck ilgiyle takip etti\u011fi bir ili\u015fki olan T\u00fcrk \u015fark\u0131c\u0131 Ali\u015fan ile g\u00fc\u00e7l\u00fc bir dostluk s\u00fcrd\u00fcrd\u00fc. Son zamanlarda \u00c7a\u011fla, Ali\u015fan&#8217;\u0131n yeni \u015fark\u0131s\u0131n\u0131 Instagram hesab\u0131nda payla\u015farak ona destek oldu. \u0130kili uzun y\u0131llard\u0131r arkada\u015f ve yak\u0131n ba\u011flar\u0131, \u00e7evrimi\u00e7i etkile\u015fimlerini g\u00f6rmekten ho\u015flanan takip\u00e7ilerinin dikkatini \u00e7ekmeye devam ediyor.<\/p>\n<p><img loading=\"lazy\" decoding=\"async\" class=\"alignnone wp-image-140818\" src=\"https:\/\/www.tgrthaber.com\/mavikadin\/wp-content\/uploads\/6-122.png\" alt=\"\" width=\"1208\" height=\"680\" title=\"\" srcset=\"https:\/\/www.tgrthaber.com\/mavikadin\/wp-content\/uploads\/6-122.png 1280w, https:\/\/www.tgrthaber.com\/mavikadin\/wp-content\/uploads\/6-122-300x169.png 300w, https:\/\/www.tgrthaber.com\/mavikadin\/wp-content\/uploads\/6-122-1024x576.png 1024w, https:\/\/www.tgrthaber.com\/mavikadin\/wp-content\/uploads\/6-122-768x432.png 768w\" sizes=\"(max-width: 1208px) 100vw, 1208px\" \/><\/p>\n<p>&nbsp;<\/p>\n<hr \/>\n<h3>\u00c7A\u011eLA \u015eIKEL&#8217;\u0130N MODELL\u0130K KAR\u0130YER\u0130<\/h3>\n<p>\u00c7a\u011fla \u015e\u0131kel, kariyeri boyunca sekt\u00f6rde \u00f6nemli bir isim olmaya devam etti. 1997&#8217;de Miss Turkey unvan\u0131n\u0131 kazand\u0131 ve ard\u0131ndan ba\u015far\u0131l\u0131 bir modellik kariyerine ge\u00e7ti. Kusursuz fizi\u011fiyle tan\u0131nan ve bir\u00e7ok kad\u0131n i\u00e7in bir rol model olmaya devam eden \u00c7a\u011fla&#8217;n\u0131n takip\u00e7ileri, d\u00fczenli egzersiz ve sa\u011fl\u0131kl\u0131 bir ya\u015fam tarz\u0131yla korudu\u011fu g\u00fczelli\u011fini ve formunu \u00f6verek Instagram g\u00f6nderilerine s\u0131k s\u0131k yorum yap\u0131yor. Ya\u015f\u0131na ra\u011fmen, hayranlar\u0131ndan ve halktan bir\u00e7ok iltifat alan gen\u00e7 g\u00f6r\u00fcn\u00fcm\u00fcn\u00fc korumaya devam ediyor.<\/p>\n","protected":false},"excerpt":{"rendered":"<p>\u00dcnl\u00fc model ve oyuncu \u00c7a\u011fla \u015e\u0131kel, yak\u0131n zamanda tekstil i\u015f adam\u0131 Erin\u00e7 Ulut\u00fcrk ile olan yeni ili\u015fkisinden bahsetti. Duygular\u0131n\u0131 a\u00e7\u0131klarken &#8220;Konu\u015fmaktan utan\u0131yorum&#8221; diyen g\u00fczel model ili\u015fkisini gizli tutmak istiyor. \u00d6zellikle 15 ya\u015f fark\u0131 nedeniyle yeni partneri hakk\u0131nda \u00e7ok fazla merak var. Peki, yeni sevgilisiyle aras\u0131nda ger\u00e7ekten ne kadar ya\u015f fark\u0131 var? \u0130\u015fte detaylar&#8230;<\/p>\n","protected":false},"author":28,"featured_media":140815,"comment_status":"closed","ping_status":"closed","sticky":false,"template":"","format":"standard","meta":{"rank_math_lock_modified_date":true,"footnotes":""},"categories":[76],"tags":[2584,12641,12640,12642,7846],"class_list":["post-140790","post","type-post","status-publish","format-standard","has-post-thumbnail","hentry","category-magazin","tag-cagla-sikel","tag-cagla-sikel-kac-evlilik-yapti","tag-cagla-sikel-kac-yasinda","tag-cagla-sikel-ve-yeni-sevgilisi-arasinda-kac-yas-fark-var","tag-cagla-sikel-yeni-sevgilisi"],"_links":{"self":[{"href":"https:\/\/www.tgrthaber.com\/mavikadin\/wp-json\/wp\/v2\/posts\/140790"}],"collection":[{"href":"https:\/\/www.tgrthaber.com\/mavikadin\/wp-json\/wp\/v2\/posts"}],"about":[{"href":"https:\/\/www.tgrthaber.com\/mavikadin\/wp-json\/wp\/v2\/types\/post"}],"author":[{"embeddable":true,"href":"https:\/\/www.tgrthaber.com\/mavikadin\/wp-json\/wp\/v2\/users\/28"}],"replies":[{"embeddable":true,"href":"https:\/\/www.tgrthaber.com\/mavikadin\/wp-json\/wp\/v2\/comments?post=140790"}],"version-history":[{"count":2,"href":"https:\/\/www.tgrthaber.com\/mavikadin\/wp-json\/wp\/v2\/posts\/140790\/revisions"}],"predecessor-version":[{"id":140821,"href":"https:\/\/www.tgrthaber.com\/mavikadin\/wp-json\/wp\/v2\/posts\/140790\/revisions\/140821"}],"wp:featuredmedia":[{"embeddable":true,"href":"https:\/\/www.tgrthaber.com\/mavikadin\/wp-json\/wp\/v2\/media\/140815"}],"wp:attachment":[{"href":"https:\/\/www.tgrthaber.com\/mavikadin\/wp-json\/wp\/v2\/media?parent=140790"}],"wp:term":[{"taxonomy":"category","embeddable":true,"href":"https:\/\/www.tgrthaber.com\/mavikadin\/wp-json\/wp\/v2\/categories?post=140790"},{"taxonomy":"post_tag","embeddable":true,"href":"https:\/\/www.tgrthaber.com\/mavikadin\/wp-json\/wp\/v2\/tags?post=140790"}],"curies":[{"name":"wp","href":"https:\/\/api.w.org\/{rel}","templated":true}]}}