{"id":140791,"date":"2025-03-02T13:44:13","date_gmt":"2025-03-02T10:44:13","guid":{"rendered":"https:\/\/www.tgrthaber.com\/mavikadin\/?p=140791"},"modified":"2025-03-02T13:44:13","modified_gmt":"2025-03-02T10:44:13","slug":"kemal-sunala-benzerligiyle-dikkat-ceken-oyuncu-mehmet-kurttan-aciklama-kemal-sunal-sayesinde-beni-sevdiler","status":"publish","type":"post","link":"https:\/\/www.tgrthaber.com\/mavikadin\/kemal-sunala-benzerligiyle-dikkat-ceken-oyuncu-mehmet-kurttan-aciklama-kemal-sunal-sayesinde-beni-sevdiler\/","title":{"rendered":"Kemal Sunal&#8217;a benzerli\u011fiyle dikkat \u00e7eken oyuncu Mehmet Kurt&#8217;tan a\u00e7\u0131klama: Kemal Sunal sayesinde beni sevdiler"},"content":{"rendered":"<p>T\u00fcrk sinemas\u0131n\u0131n unutulmaz merhum oyuncusu Kemal Sunal&#8217;a olan benzerli\u011fi ile dikkat \u00e7eken 42 ya\u015f\u0131ndaki \u00fcnl\u00fc oyuncu Mehmet Kurt, Kemal Sunal&#8217;\u0131n varisi olarak g\u00f6sterilmi\u015fti.<\/p>\n<p>Bir zamanlar televizyon ekranlar\u0131na gelen &#8216;Emret Komutan\u0131m&#8217; ve &#8216;Akasya Dura\u011f\u0131&#8217; gibi d\u00f6nemin me\u015fhur dizilerinde oynayan ancak oyunculu\u011fa ara vererek bir s\u00fcredir ekrandan uzak kalmay\u0131 tercih eden oyuncu Mehmet Kurt, sekt\u00f6re nas\u0131l girdi\u011fini anlatt\u0131.<\/p>\n<p>Uzun y\u0131llard\u0131r ekranlardan uzak olan Kurt ile konu\u015ftuk. Oyunculuk hik\u00e2yesini, Kemal Sunal&#8217;a olan benzerli\u011fini ve \u015fimdiki hayat\u0131n\u0131 anlatt\u0131.<\/p>\n<h3>KEMAL SUNAL&#8217;A BENZERL\u0130\u011e\u0130YLE KONU\u015eULAN OYUNCU MEHMET KURT: &#8220;OYUNCULU\u011eA L\u0130SEDE BA\u015eLADIM&#8221;<\/h3>\n<p>Oyunculuk yolundaki ilk ad\u0131m\u0131na lise d\u00f6neminde ba\u015flad\u0131\u011f\u0131n\u0131 dile getiren 42 ya\u015f\u0131ndaki \u00fcnl\u00fc oyuncu Mehmet Kurt, yapt\u0131\u011f\u0131 bir a\u00e7\u0131klamada oyunculu\u011fa nas\u0131l ba\u015flad\u0131\u011f\u0131n\u0131 anlatt\u0131.<\/p>\n<p><img loading=\"lazy\" decoding=\"async\" class=\"alignnone wp-image-140799\" src=\"https:\/\/www.tgrthaber.com\/mavikadin\/wp-content\/uploads\/fd-6.png\" alt=\"\" width=\"1208\" height=\"720\" title=\"\" srcset=\"https:\/\/www.tgrthaber.com\/mavikadin\/wp-content\/uploads\/fd-6.png 792w, https:\/\/www.tgrthaber.com\/mavikadin\/wp-content\/uploads\/fd-6-300x179.png 300w, https:\/\/www.tgrthaber.com\/mavikadin\/wp-content\/uploads\/fd-6-768x458.png 768w\" sizes=\"(max-width: 1208px) 100vw, 1208px\" \/><\/p>\n<hr \/>\n<p>Lise zaman\u0131 oyunculu\u011fa giri\u015fen Mehmet Kurt, &#8220;Gaziantep do\u011fumluyum. Gaziantep \u0130smet Pa\u015fa Lisesi&#8217;nde e\u011fitim g\u00f6r\u00fcrken, Milli E\u011fitim Bakanl\u0131\u011f\u0131 taraf\u0131ndan liseler aras\u0131 tiyatro \u015fenlikleri ba\u015flat\u0131lm\u0131\u015ft\u0131. Her lisenin kendi tiyatro oyununu \u00e7\u0131karmas\u0131 zorunluydu. Y\u0131l sonunda da her lise tiyatro salonunda g\u00f6steriyi sergileyecekti. Bir yar\u0131\u015fma tarz\u0131ndayd\u0131 ve \u00f6d\u00fcll\u00fcyd\u00fc.<\/p>\n<p><img loading=\"lazy\" decoding=\"async\" class=\"alignnone wp-image-140800\" src=\"https:\/\/www.tgrthaber.com\/mavikadin\/wp-content\/uploads\/ff-10.png\" alt=\"\" width=\"1208\" height=\"669\" title=\"\" srcset=\"https:\/\/www.tgrthaber.com\/mavikadin\/wp-content\/uploads\/ff-10.png 1067w, https:\/\/www.tgrthaber.com\/mavikadin\/wp-content\/uploads\/ff-10-300x166.png 300w, https:\/\/www.tgrthaber.com\/mavikadin\/wp-content\/uploads\/ff-10-1024x567.png 1024w, https:\/\/www.tgrthaber.com\/mavikadin\/wp-content\/uploads\/ff-10-768x425.png 768w\" sizes=\"(max-width: 1208px) 100vw, 1208px\" \/><\/p>\n<hr \/>\n<p>Edebiyat \u00f6\u011fretmenimiz oyuncular\u0131 se\u00e7erken; derslerden ka\u00e7an, biraz yaramazl\u0131k yapan \u00f6\u011frencileri ehlile\u015ftirmek i\u00e7in \u00f6zellikle onlar\u0131 se\u00e7iyordu. Ben de onlardan birisiydim a\u00e7\u0131k\u00e7as\u0131&#8230; Anlayaca\u011f\u0131n\u0131z; edebiyat \u00f6\u011fretmeninin zoruyla tiyatroya ad\u0131m atm\u0131\u015f oldum. M\u00fcjdat Gezen&#8217;in yazd\u0131\u011f\u0131 &#8216;Salak O\u011flum&#8217; tiyatro oyunuyla Gaziantep&#8217;te birinci olduk. B\u00f6ylelikle tiyatro a\u015fk\u0131 ba\u015flad\u0131 ve ard\u0131ndan 1999&#8217;da Gaziantep&#8217;te \u00f6zel tiyatrosunu kurduk.&#8221; ifadelerinde bulundu.<\/p>\n<h3>\u00dcNL\u00dc OYUNCU MEHMET KURT ME\u011eER D\u0130Z\u0130DE B\u00d6YLE ROL ALMI\u015e! &#8220;BU KOCA A\u011eIZLI \u00c7OCU\u011eU BULUN&#8221;<\/h3>\n<p>Televizyon d\u00fcnyas\u0131nda birden \u00e7ok say\u0131da dizide rol alan Kurt, s\u00f6zlerine &#8220;Televizyon maceram ise, B\u00fclent \u0130nal, Ahu T\u00fcrkpen\u00e7e, \u015eevket \u00c7oruh ve Erdal Tosun&#8217;un ba\u015frollerinde yer ald\u0131\u011f\u0131 2002 yap\u0131m\u0131 &#8216;Azad&#8217; dizisiyle oldu. Dizi, \u015eanl\u0131urfa&#8217;da \u00e7ekiliyordu, bir g\u00fcnl\u00fc\u011f\u00fcne fig\u00fcranl\u0131k yapt\u0131m. Rahmetli Tomris Giritlio\u011flu; &#8220;Bu koca a\u011f\u0131zl\u0131 \u00e7ocu\u011fu bana bulun&#8221; demi\u015f. Sonra da bana dizide rol verdi.&#8221; ifadelerini de ekledi.<\/p>\n","protected":false},"excerpt":{"rendered":"<p>Kemal Sunal&#8217;a benzeyen oyuncu Mehmet Kurt, ekranlardaki oyunculuk maceras\u0131na nas\u0131l ba\u015flad\u0131\u011f\u0131n\u0131 ve efsane oyuncu Kemal Sunal&#8217;\u0131n \u00fczerindeki etkisinden bahsetti.<\/p>\n","protected":false},"author":27,"featured_media":140797,"comment_status":"closed","ping_status":"closed","sticky":false,"template":"","format":"standard","meta":{"rank_math_lock_modified_date":false,"footnotes":""},"categories":[76],"tags":[133,12639],"class_list":["post-140791","post","type-post","status-publish","format-standard","has-post-thumbnail","hentry","category-magazin","tag-magazin","tag-mehmet-kurt"],"_links":{"self":[{"href":"https:\/\/www.tgrthaber.com\/mavikadin\/wp-json\/wp\/v2\/posts\/140791"}],"collection":[{"href":"https:\/\/www.tgrthaber.com\/mavikadin\/wp-json\/wp\/v2\/posts"}],"about":[{"href":"https:\/\/www.tgrthaber.com\/mavikadin\/wp-json\/wp\/v2\/types\/post"}],"author":[{"embeddable":true,"href":"https:\/\/www.tgrthaber.com\/mavikadin\/wp-json\/wp\/v2\/users\/27"}],"replies":[{"embeddable":true,"href":"https:\/\/www.tgrthaber.com\/mavikadin\/wp-json\/wp\/v2\/comments?post=140791"}],"version-history":[{"count":2,"href":"https:\/\/www.tgrthaber.com\/mavikadin\/wp-json\/wp\/v2\/posts\/140791\/revisions"}],"predecessor-version":[{"id":140807,"href":"https:\/\/www.tgrthaber.com\/mavikadin\/wp-json\/wp\/v2\/posts\/140791\/revisions\/140807"}],"wp:featuredmedia":[{"embeddable":true,"href":"https:\/\/www.tgrthaber.com\/mavikadin\/wp-json\/wp\/v2\/media\/140797"}],"wp:attachment":[{"href":"https:\/\/www.tgrthaber.com\/mavikadin\/wp-json\/wp\/v2\/media?parent=140791"}],"wp:term":[{"taxonomy":"category","embeddable":true,"href":"https:\/\/www.tgrthaber.com\/mavikadin\/wp-json\/wp\/v2\/categories?post=140791"},{"taxonomy":"post_tag","embeddable":true,"href":"https:\/\/www.tgrthaber.com\/mavikadin\/wp-json\/wp\/v2\/tags?post=140791"}],"curies":[{"name":"wp","href":"https:\/\/api.w.org\/{rel}","templated":true}]}}