{"id":140810,"date":"2025-03-02T14:25:37","date_gmt":"2025-03-02T11:25:37","guid":{"rendered":"https:\/\/www.tgrthaber.com\/mavikadin\/?p=140810"},"modified":"2025-03-02T14:26:08","modified_gmt":"2025-03-02T11:26:08","slug":"prof-dr-mustafa-karatas-sahurda-sorulan-soruyla-saskina-dondu-cok-mu-zenginsiniz-deyip","status":"publish","type":"post","link":"https:\/\/www.tgrthaber.com\/mavikadin\/prof-dr-mustafa-karatas-sahurda-sorulan-soruyla-saskina-dondu-cok-mu-zenginsiniz-deyip\/","title":{"rendered":"Prof Dr. Mustafa Karata\u015f sahurda sorulan soruyla \u015fa\u015fk\u0131na d\u00f6nd\u00fc! &#8220;\u00c7ok mu zenginsiniz?&#8221; deyip&#8230;"},"content":{"rendered":"<p>On bir ay\u0131n sultan\u0131 olan m\u00fcbarek Ramazan-\u0131 \u015eerif ay\u0131n\u0131n gelmesi ile beraber Ramazan programlar\u0131 da ekranlarda yerini almaya ba\u015flad\u0131.&#8217;Prof. Dr. Mustafa Karata\u015f ile Sahur Vakti&#8217; program\u0131na ba\u011flanan seyircinin anlatt\u0131klar\u0131 ise sosyal medyay\u0131 sallad\u0131.<\/p>\n<p>\u0130\u015fte hoca Dr. Mustafa Karata\u015f&#8217;\u0131 \u015fa\u015fk\u0131na \u00e7eviren o s\u00f6zler&#8230;<\/p>\n<h3>SEY\u0130RC\u0130N\u0130N SORUSU KAR\u015eISINDA MUSTAFA KARATA\u015e B\u0130LE \u015eA\u015eTI KALDI!<\/h3>\n<p>Show TV ekranlar\u0131nda yay\u0131nlanan Sahur programlar\u0131ndan olan &#8216;Prof. Dr. Mustafa Karata\u015f ile Sahur Vakti&#8217;nde ilgin\u00e7 bir an ya\u015fand\u0131. Sahur vakti yay\u0131n\u0131 arayan bir seyirci program s\u0131ras\u0131nda sordu\u011fu soru ile Prof. Dr. Mustafa Karata\u015f&#8217;\u0131 epey bir \u015fa\u015f\u0131rtt\u0131.<\/p>\n<p><img loading=\"lazy\" decoding=\"async\" class=\"alignnone wp-image-140825\" src=\"https:\/\/www.tgrthaber.com\/mavikadin\/wp-content\/uploads\/da-1.png\" alt=\"\" width=\"1208\" height=\"685\" title=\"\" srcset=\"https:\/\/www.tgrthaber.com\/mavikadin\/wp-content\/uploads\/da-1.png 735w, https:\/\/www.tgrthaber.com\/mavikadin\/wp-content\/uploads\/da-1-300x170.png 300w\" sizes=\"(max-width: 1208px) 100vw, 1208px\" \/><\/p>\n<hr \/>\n<p>Ramazan ay\u0131 boyunca iftar ve sahur vakitlerinde izleyicilerle ekran ba\u015f\u0131nda bulu\u015facak olan Prof. Dr. Mustafa Karata\u015f, program esnas\u0131nda izleyiciler taraf\u0131ndan merak edilen sorular\u0131 da bir bir cevapl\u0131yor.<\/p>\n<p>M\u00fcbarek Ramazan ay\u0131n\u0131n girmesi ile beraber hocan\u0131n &#8216;Prof. Dr. Mustafa Karata\u015f ile Sahur Vakti&#8217; program\u0131na ba\u011flanan bir seyirci g\u00fcndem oldu. Prof. Dr. Mustafa Karata\u015f ile Sahur Vakti program\u0131n\u0131n d\u00fcn gece ki b\u00f6l\u00fcm\u00fcnde yay\u0131n\u0131na ba\u011flanan Elif isimli bir seyirci, abisinin annesinin mezar\u0131n\u0131 4 duvar aras\u0131na ald\u0131\u011f\u0131n\u0131 dile getirerek herkesi \u015fa\u015fk\u0131na \u00e7evirdi.<\/p>\n<p>&#8220;Annemin mezar ta\u015f\u0131n\u0131n etraf\u0131n\u0131 oda \u015feklinde \u00e7evirdiler&#8221; diyen Elif isimli seyirciyi duyan Mustafa Karata\u015f \u015fa\u015fk\u0131nl\u0131ktan dondu kald\u0131. Karata\u015f &#8220;Bir dakika anlamad\u0131m, oda bi\u00e7iminde mezarl\u0131k?&#8221; diyerek anlam veremedi\u011fini ifade etti.<\/p>\n<h3>PRGRAMA BA\u011eLANAN SEY\u0130RC\u0130 VERD\u0130\u011e\u0130 CEVAPLA HERKES\u0130 G\u00dcLD\u00dcRD\u00dc: YOK BE HOCAM NE ZENG\u0130N\u0130!<\/h3>\n<p>Elif isimli seyirci &#8220;Mezar\u0131 kapatt\u0131lar etraf\u0131n\u0131 4 duvar ve kap\u0131s\u0131 var&#8221; deyince Karata\u015f, &#8220;Bu kadar mezar yeri kimseye nasip olmaz \u00e7ok mu zenginsiniz?&#8221; dedi. Elif isimli seyirci de &#8220;Yok be hocam ne zengini?&#8221; diyerek st\u00fcdyoda bulunan konuklar\u0131 g\u00fcld\u00fcrd\u00fc.<\/p>\n<p><img loading=\"lazy\" decoding=\"async\" class=\"alignnone wp-image-140830\" src=\"https:\/\/www.tgrthaber.com\/mavikadin\/wp-content\/uploads\/daa.png\" alt=\"\" width=\"1208\" height=\"700\" title=\"\" srcset=\"https:\/\/www.tgrthaber.com\/mavikadin\/wp-content\/uploads\/daa.png 1047w, https:\/\/www.tgrthaber.com\/mavikadin\/wp-content\/uploads\/daa-300x174.png 300w, https:\/\/www.tgrthaber.com\/mavikadin\/wp-content\/uploads\/daa-1024x594.png 1024w, https:\/\/www.tgrthaber.com\/mavikadin\/wp-content\/uploads\/daa-768x445.png 768w\" sizes=\"(max-width: 1208px) 100vw, 1208px\" \/><\/p>\n<hr \/>\n<p>Prof. Dr. Mustafa Karata\u015f Elif isimli \u015fahs\u0131n &#8220;Kapat\u0131p bir de duvara resimler asm\u0131\u015flar, gidiyoruz kap\u0131s\u0131 kilitli dokunam\u0131yoruz su d\u00f6kemiyoruz&#8221; s\u00f6zleri kar\u015f\u0131s\u0131nda &#8220;M\u00fcze yapm\u0131\u015f, neyse Allah rahmet eylesin. Yapanlarla g\u00f6r\u00fc\u015f\u00fcn t\u00fcrbe \u015fekline \u00e7evirmesinler. Do\u011fru olmam\u0131\u015f bu. Yapanlara g\u00fcnah&#8221; \u015feklinde cevap verdi.<\/p>\n","protected":false},"excerpt":{"rendered":"<p>&#8216;Prof. Dr. Mustafa Karata\u015f ile Sahur Vakti&#8217; program\u0131n\u0131 sunan \u0130lahiyat\u00e7\u0131 Mustafa Karata\u015f, yay\u0131na ba\u011flanan seyircinin sordu\u011fu soruyla \u015fok oldu.<\/p>\n","protected":false},"author":27,"featured_media":140831,"comment_status":"closed","ping_status":"closed","sticky":false,"template":"","format":"standard","meta":{"rank_math_lock_modified_date":false,"footnotes":""},"categories":[78],"tags":[12645,12646],"class_list":["post-140810","post","type-post","status-publish","format-standard","has-post-thumbnail","hentry","category-yasam","tag-mustafa-karatas","tag-prof-dr-mustafa-karatas-ile-sahur-vakti"],"_links":{"self":[{"href":"https:\/\/www.tgrthaber.com\/mavikadin\/wp-json\/wp\/v2\/posts\/140810"}],"collection":[{"href":"https:\/\/www.tgrthaber.com\/mavikadin\/wp-json\/wp\/v2\/posts"}],"about":[{"href":"https:\/\/www.tgrthaber.com\/mavikadin\/wp-json\/wp\/v2\/types\/post"}],"author":[{"embeddable":true,"href":"https:\/\/www.tgrthaber.com\/mavikadin\/wp-json\/wp\/v2\/users\/27"}],"replies":[{"embeddable":true,"href":"https:\/\/www.tgrthaber.com\/mavikadin\/wp-json\/wp\/v2\/comments?post=140810"}],"version-history":[{"count":5,"href":"https:\/\/www.tgrthaber.com\/mavikadin\/wp-json\/wp\/v2\/posts\/140810\/revisions"}],"predecessor-version":[{"id":140836,"href":"https:\/\/www.tgrthaber.com\/mavikadin\/wp-json\/wp\/v2\/posts\/140810\/revisions\/140836"}],"wp:featuredmedia":[{"embeddable":true,"href":"https:\/\/www.tgrthaber.com\/mavikadin\/wp-json\/wp\/v2\/media\/140831"}],"wp:attachment":[{"href":"https:\/\/www.tgrthaber.com\/mavikadin\/wp-json\/wp\/v2\/media?parent=140810"}],"wp:term":[{"taxonomy":"category","embeddable":true,"href":"https:\/\/www.tgrthaber.com\/mavikadin\/wp-json\/wp\/v2\/categories?post=140810"},{"taxonomy":"post_tag","embeddable":true,"href":"https:\/\/www.tgrthaber.com\/mavikadin\/wp-json\/wp\/v2\/tags?post=140810"}],"curies":[{"name":"wp","href":"https:\/\/api.w.org\/{rel}","templated":true}]}}