{"id":140904,"date":"2025-03-02T17:44:54","date_gmt":"2025-03-02T14:44:54","guid":{"rendered":"https:\/\/www.tgrthaber.com\/mavikadin\/?p=140904"},"modified":"2025-03-02T17:44:53","modified_gmt":"2025-03-02T14:44:53","slug":"iftar-yemeklerinin-en-gozdesi-etli-turlu-parmak-yedirten-tarif","status":"publish","type":"post","link":"https:\/\/www.tgrthaber.com\/mavikadin\/iftar-yemeklerinin-en-gozdesi-etli-turlu-parmak-yedirten-tarif\/","title":{"rendered":"\u0130ftar yemeklerinin en g\u00f6zdesi etli t\u00fcrl\u00fc! Parmak yedirten tarif"},"content":{"rendered":"<p>Ramazan yakla\u015f\u0131rken, bir\u00e7ok ki\u015fi orucunu a\u00e7mak i\u00e7in doyurucu ve lezzetli yemekler ar\u0131yor. T\u00fcrk iftar sofralar\u0131n\u0131n en sevilen ve rahatlat\u0131c\u0131 yemeklerinden biri de etli g\u00fcve\u00e7tir. Zengin sebze ve yumu\u015fak et kombinasyonuyla bilinen bu yemek hem doyurucu hem de besleyicidir ve oru\u00e7lu bir g\u00fcn\u00fcn ard\u0131ndan doyurucu bir \u00f6\u011f\u00fcn i\u00e7in m\u00fckemmel bir se\u00e7imdir. \u0130ftar men\u00fcn\u00fcze eklemek i\u00e7in yeni bir tarif ar\u0131yorsan\u0131z, etli g\u00fcve\u00e7 m\u00fckemmel bir se\u00e7enek olabilir. \u0130\u015fte denemeniz i\u00e7in basit ama lezzetli bir tarif.<\/p>\n<h3>ETL\u0130 T\u00dcRL\u00dc TAR\u0130F\u0130<\/h3>\n<p><strong>Etli t\u00fcrl\u00fc \u0130\u00e7in Malzemeler:<\/strong><\/p>\n<p>\u2022\u2060 \u2060300 gram k\u00fcp do\u011franm\u0131\u015f dana eti<br \/>\n\u2022\u2060 \u20602 patates<br \/>\n\u2022\u2060 \u20602 patl\u0131can<br \/>\n\u2022\u2060 \u20601 kabak<br \/>\n\u2022\u2060 \u20601 havu\u00e7<br \/>\n\u2022\u2060 \u20601 k\u0131rm\u0131z\u0131 dolmal\u0131k biber<br \/>\n\u2022\u2060 \u20602 ye\u015fil biber<br \/>\n\u2022\u2060 \u20602 domates<br \/>\n\u2022\u2060 \u20601 so\u011fan<br \/>\n\u2022\u2060 \u20601 yemek ka\u015f\u0131\u011f\u0131 domates sal\u00e7as\u0131<br \/>\n\u2022\u2060 \u20601 tatl\u0131 ka\u015f\u0131\u011f\u0131 tuz<br \/>\n\u2022\u2060 \u20601 tatl\u0131 ka\u015f\u0131\u011f\u0131 karabiber<br \/>\n\u2022\u2060 \u2060Zeytinya\u011f\u0131 veya bitkisel ya\u011f<br \/>\n\u2022\u2060 \u2060Yeterli s\u0131cak su<\/p>\n<p><img loading=\"lazy\" decoding=\"async\" class=\"alignnone wp-image-140907\" src=\"https:\/\/www.tgrthaber.com\/mavikadin\/wp-content\/uploads\/3-299.png\" alt=\"\" width=\"1208\" height=\"680\" title=\"\" srcset=\"https:\/\/www.tgrthaber.com\/mavikadin\/wp-content\/uploads\/3-299.png 1280w, https:\/\/www.tgrthaber.com\/mavikadin\/wp-content\/uploads\/3-299-300x169.png 300w, https:\/\/www.tgrthaber.com\/mavikadin\/wp-content\/uploads\/3-299-1024x576.png 1024w, https:\/\/www.tgrthaber.com\/mavikadin\/wp-content\/uploads\/3-299-768x432.png 768w\" sizes=\"(max-width: 1208px) 100vw, 1208px\" \/><\/p>\n<hr \/>\n<p><strong>Haz\u0131rlan\u0131\u015f\u0131:<\/strong><\/p>\n<p><strong>1.\u2060 \u2060Eti Soteleyin:<\/strong><\/p>\n<p>Bir d\u00fcd\u00fckl\u00fc tencerede veya b\u00fcy\u00fck bir tencerede biraz ya\u011f \u0131s\u0131t\u0131n ve k\u00fcp do\u011franm\u0131\u015f dana etini ekleyin. Et suyunu b\u0131rak\u0131p s\u0131v\u0131 buharla\u015fana kadar pi\u015firin. Etin orta ate\u015fte hafif\u00e7e k\u0131zarmas\u0131n\u0131 sa\u011flay\u0131n, bu lezzetini art\u0131racakt\u0131r.<\/p>\n<p><strong>2.\u2060 \u2060Sebzeleri Haz\u0131rlay\u0131n:<\/strong><\/p>\n<p>Et pi\u015ferken so\u011fan\u0131 do\u011fray\u0131n ve yumu\u015fay\u0131p alt\u0131n rengi olana kadar biraz ya\u011fda soteleyin. Ard\u0131ndan k\u00fcp do\u011franm\u0131\u015f patatesleri, havu\u00e7lar\u0131, patl\u0131canlar\u0131, kabaklar\u0131 ve biberleri ekleyin. Sebzeler yumu\u015famaya ba\u015flayana kadar birka\u00e7 dakika soteleyin.<\/p>\n<p><strong>3.\u2060 \u2060Domates Sal\u00e7as\u0131 ve Baharatlar\u0131 Ekleyin:<\/strong><\/p>\n<p>Domates sal\u00e7as\u0131n\u0131 ekleyin ve lezzetini art\u0131rmak i\u00e7in birka\u00e7 dakika pi\u015firin. Tuz ve karabiberi damak tad\u0131n\u0131za g\u00f6re ekleyin.<\/p>\n<p><img loading=\"lazy\" decoding=\"async\" class=\"alignnone wp-image-140906\" src=\"https:\/\/www.tgrthaber.com\/mavikadin\/wp-content\/uploads\/2-299.png\" alt=\"\" width=\"1208\" height=\"680\" title=\"\" srcset=\"https:\/\/www.tgrthaber.com\/mavikadin\/wp-content\/uploads\/2-299.png 1280w, https:\/\/www.tgrthaber.com\/mavikadin\/wp-content\/uploads\/2-299-300x169.png 300w, https:\/\/www.tgrthaber.com\/mavikadin\/wp-content\/uploads\/2-299-1024x576.png 1024w, https:\/\/www.tgrthaber.com\/mavikadin\/wp-content\/uploads\/2-299-768x432.png 768w\" sizes=\"(max-width: 1208px) 100vw, 1208px\" \/><\/p>\n<hr \/>\n<p><strong>4.\u2060 \u2060Et ve Suyu Ekleyin:<\/strong><\/p>\n<p>Sebzeler yumu\u015fad\u0131ktan sonra pi\u015fmi\u015f eti tencereye ekleyin. Her \u015feyi kar\u0131\u015ft\u0131r\u0131n ve malzemeleri \u00f6rtecek kadar s\u0131cak su ekleyin. \u0130yice kar\u0131\u015ft\u0131r\u0131n, ard\u0131ndan tencereyi kapat\u0131n ve yakla\u015f\u0131k 20-25 dakika k\u0131s\u0131k ate\u015fte pi\u015firin.<\/p>\n<p><strong>5.\u2060 \u2060Servis edin:<\/strong><\/p>\n<p>Yemek pi\u015ftikten ve lezzetler birbirine kar\u0131\u015ft\u0131ktan sonra tencereyi ocaktan al\u0131n ve servis etmeden \u00f6nce birka\u00e7 dakika dinlendirin. En iyi deneyim i\u00e7in s\u0131cak servis edin.<\/p>\n<p><strong>Servis \u00d6nerileri:<\/strong><\/p>\n<p>Et t\u00fcrl\u00fcs\u00fc yan\u0131nda pilav veya yo\u011furtla servis edilebilir. Bu yemek sadece besleyici de\u011fil ayn\u0131 zamanda doyurucudur ve iftar yeme\u011finiz i\u00e7in m\u00fckemmel bir se\u00e7enektir. Bu lezzetli t\u00fcrl\u00fcy\u00fc yapabilir ve iftar sofran\u0131zda sevdiklerinizi lezzetli bir yemekle \u015fa\u015f\u0131rtabilirsiniz.<\/p>\n<p>Afiyet olsun!<\/p>\n","protected":false},"excerpt":{"rendered":"<p>T\u00fcrk mutfa\u011f\u0131n\u0131n en sevilen ve besleyici yemeklerinden biri olan et g\u00fcve\u00e7, iftar sofralar\u0131n\u0131n vazge\u00e7ilmezi haline geldi. Sebzeler a\u00e7\u0131s\u0131ndan zengin ve yumu\u015fak etle tatland\u0131r\u0131lan bu yeme\u011fin haz\u0131rlanmas\u0131 kolayd\u0131r ve herkes taraf\u0131ndan be\u011fenilir. \u0130\u015fte iftar men\u00fcn\u00fcze ekleyebilece\u011finiz m\u00fckemmel tarif.<\/p>\n","protected":false},"author":28,"featured_media":140908,"comment_status":"closed","ping_status":"closed","sticky":false,"template":"","format":"standard","meta":{"rank_math_lock_modified_date":true,"footnotes":""},"categories":[191],"tags":[12670,12673,12672,12368,12671,3411],"class_list":["post-140904","post","type-post","status-publish","format-standard","has-post-thumbnail","hentry","category-yemek-tarifleri","tag-etli-turlu-tarifi","tag-etli-yemek-tarifleri","tag-etli-yemekler","tag-iftar-yemekleri","tag-iftara-ne-yapsam","tag-yemek-tarifleri"],"_links":{"self":[{"href":"https:\/\/www.tgrthaber.com\/mavikadin\/wp-json\/wp\/v2\/posts\/140904"}],"collection":[{"href":"https:\/\/www.tgrthaber.com\/mavikadin\/wp-json\/wp\/v2\/posts"}],"about":[{"href":"https:\/\/www.tgrthaber.com\/mavikadin\/wp-json\/wp\/v2\/types\/post"}],"author":[{"embeddable":true,"href":"https:\/\/www.tgrthaber.com\/mavikadin\/wp-json\/wp\/v2\/users\/28"}],"replies":[{"embeddable":true,"href":"https:\/\/www.tgrthaber.com\/mavikadin\/wp-json\/wp\/v2\/comments?post=140904"}],"version-history":[{"count":2,"href":"https:\/\/www.tgrthaber.com\/mavikadin\/wp-json\/wp\/v2\/posts\/140904\/revisions"}],"predecessor-version":[{"id":140910,"href":"https:\/\/www.tgrthaber.com\/mavikadin\/wp-json\/wp\/v2\/posts\/140904\/revisions\/140910"}],"wp:featuredmedia":[{"embeddable":true,"href":"https:\/\/www.tgrthaber.com\/mavikadin\/wp-json\/wp\/v2\/media\/140908"}],"wp:attachment":[{"href":"https:\/\/www.tgrthaber.com\/mavikadin\/wp-json\/wp\/v2\/media?parent=140904"}],"wp:term":[{"taxonomy":"category","embeddable":true,"href":"https:\/\/www.tgrthaber.com\/mavikadin\/wp-json\/wp\/v2\/categories?post=140904"},{"taxonomy":"post_tag","embeddable":true,"href":"https:\/\/www.tgrthaber.com\/mavikadin\/wp-json\/wp\/v2\/tags?post=140904"}],"curies":[{"name":"wp","href":"https:\/\/api.w.org\/{rel}","templated":true}]}}