{"id":140926,"date":"2025-03-02T23:00:58","date_gmt":"2025-03-02T20:00:58","guid":{"rendered":"https:\/\/www.tgrthaber.com\/mavikadin\/?p=140926"},"modified":"2025-03-02T23:00:59","modified_gmt":"2025-03-02T20:00:59","slug":"merve-bolugurla-baristigi-iddia-edilen-murat-dalkilictan-yeni-ask-ilani","status":"publish","type":"post","link":"https:\/\/www.tgrthaber.com\/mavikadin\/merve-bolugurla-baristigi-iddia-edilen-murat-dalkilictan-yeni-ask-ilani\/","title":{"rendered":"Merve Bolu\u011fur\u2019la bar\u0131\u015ft\u0131\u011f\u0131 iddia edilen Murat Dalk\u0131l\u0131\u00e7\u2019tan yeni a\u015fk ilan\u0131!"},"content":{"rendered":"<p>\u015eark\u0131c\u0131 Murat Dalk\u0131l\u0131\u00e7\u2019la 2015 y\u0131l\u0131nda evlenen oyuncu Merve Bolu\u011fur, iki y\u0131l\u0131n ard\u0131ndan bo\u015fanm\u0131\u015ft\u0131. Son g\u00fcnlerde ikili hakk\u0131nda yeniden bir araya geldiklerine dair s\u00f6ylentiler yay\u0131lm\u0131\u015ft\u0131. Bu s\u00f6ylentileri net bir dille yalanlayan oyunuc Merve Bolu\u011fur, hayat\u0131nda kimsenin olmad\u0131\u011f\u0131n\u0131 s\u00f6ylemi\u015fti. \u00d6te yandan, Murat Dalk\u0131l\u0131\u00e7\u2019\u0131n bu s\u00f6ylentiler hakk\u0131nda bir a\u00e7\u0131klama yapmamas\u0131 dikkatlerden ka\u00e7mam\u0131\u015ft\u0131. Son g\u00fcnlerde yeni bir a\u015fka yelken a\u00e7t\u0131\u011f\u0131 konu\u015fulurken, \u00fcnl\u00fc \u015fark\u0131c\u0131 Murat Dalk\u0131l\u0131\u00e7 sahnede yapt\u0131\u011f\u0131 a\u00e7\u0131klamayla a\u015fk\u0131n\u0131 ilan etti.<\/p>\n<h3><strong>MERVE BOLU\u011eUR VE MURAT DALKILI\u00c7 \u00c7\u0130FT\u0130<\/strong><\/h3>\n<p>Murat Dalk\u0131l\u0131\u00e7 ve Merve Bolu\u011fur, 2015 y\u0131l\u0131nda nikah masas\u0131na oturmu\u015ftu. Uzun s\u00fcren beraberliklerini evlilikle ta\u00e7land\u0131ran \u00e7ift iki y\u0131l\u0131n sonunda evliliklerini bitirmi\u015flerdi. \u0130kilinin dillere destan say\u0131labilecek evlili\u011fi \u00e7ok konu\u015fulurken yapt\u0131klar\u0131 d\u00fc\u011f\u00fcn ile de magazin g\u00fcndeminde yer alm\u0131\u015flard\u0131. \u00c7ocuk haberleri beklenirken bo\u015fanma karar\u0131 almalar\u0131 ikiliyi seven hayranlar\u0131 taraf\u0131ndan \u00e7ok \u015fa\u015f\u0131rd\u0131klar\u0131 durum oldu. Bu bo\u015fanma sonras\u0131 Bolu\u011fur\u2019un psikolojik olarak \u00e7\u00f6kt\u00fc\u011f\u00fc iddia edilirken, Murat Dalk\u0131l\u0131\u00e7\u2019ta bir\u00e7ok tepki ile kar\u015f\u0131la\u015fm\u0131\u015ft\u0131.<\/p>\n<p><img loading=\"lazy\" decoding=\"async\" class=\"alignnone wp-image-140942\" src=\"https:\/\/www.tgrthaber.com\/mavikadin\/wp-content\/uploads\/murat-dalkilic-merve-bolugur-2-1024x576.jpg\" alt=\"murat dalk\u0131l\u0131\u00e7-merve bolu\u011fur\" width=\"1208\" height=\"680\" title=\"\" srcset=\"https:\/\/www.tgrthaber.com\/mavikadin\/wp-content\/uploads\/murat-dalkilic-merve-bolugur-2-1024x576.jpg 1024w, https:\/\/www.tgrthaber.com\/mavikadin\/wp-content\/uploads\/murat-dalkilic-merve-bolugur-2-300x169.jpg 300w, https:\/\/www.tgrthaber.com\/mavikadin\/wp-content\/uploads\/murat-dalkilic-merve-bolugur-2-768x432.jpg 768w, https:\/\/www.tgrthaber.com\/mavikadin\/wp-content\/uploads\/murat-dalkilic-merve-bolugur-2-1536x864.jpg 1536w, https:\/\/www.tgrthaber.com\/mavikadin\/wp-content\/uploads\/murat-dalkilic-merve-bolugur-2.jpg 1600w\" sizes=\"(max-width: 1208px) 100vw, 1208px\" \/><\/p>\n<hr \/>\n<p>\u0130kili uzun s\u00fcre hayatlar\u0131na kimseyi almam\u0131\u015ft\u0131. 2022 y\u0131l\u0131nda Mert Ayd\u0131n\u2019la nikah masas\u0131na oturan Merve Bolu\u011fur bu kez yine ayr\u0131l\u0131k haberi ile g\u00fcndeme gelmi\u015fti. \u0130kili aras\u0131nda ise ge\u00e7ti\u011fimiz g\u00fcnlerde b\u00fcy\u00fck bir iddia ortaya at\u0131lm\u0131\u015ft\u0131. X platformunda yer alan iddialara g\u00f6re eski \u00e7ift uzun bir ayr\u0131l\u0131ktan sonra tekrar bir arada gelerek bar\u0131\u015ft\u0131klar\u0131 iddia edildi. Bu iddia k\u0131sa s\u00fcrede herkes taraf\u0131ndan yay\u0131larak sosyal medya da konu\u015fulan konular aras\u0131nda yer ald\u0131.<\/p>\n<p><img loading=\"lazy\" decoding=\"async\" class=\"alignnone wp-image-140944\" src=\"https:\/\/www.tgrthaber.com\/mavikadin\/wp-content\/uploads\/murat-dalkilic-merve-bolugur-4-1024x576.jpg\" alt=\"murat dalk\u0131l\u0131\u00e7-merve bolu\u011fur\" width=\"1208\" height=\"680\" title=\"\" srcset=\"https:\/\/www.tgrthaber.com\/mavikadin\/wp-content\/uploads\/murat-dalkilic-merve-bolugur-4-1024x576.jpg 1024w, https:\/\/www.tgrthaber.com\/mavikadin\/wp-content\/uploads\/murat-dalkilic-merve-bolugur-4-300x169.jpg 300w, https:\/\/www.tgrthaber.com\/mavikadin\/wp-content\/uploads\/murat-dalkilic-merve-bolugur-4-768x432.jpg 768w, https:\/\/www.tgrthaber.com\/mavikadin\/wp-content\/uploads\/murat-dalkilic-merve-bolugur-4-1536x864.jpg 1536w, https:\/\/www.tgrthaber.com\/mavikadin\/wp-content\/uploads\/murat-dalkilic-merve-bolugur-4.jpg 1600w\" sizes=\"(max-width: 1208px) 100vw, 1208px\" \/><\/p>\n<hr \/>\n<p>Merve Bolu\u011fur\u2019a sosyal medya platformu \u00fczerinden \u00e7ok say\u0131da tepkiler ise gecikmedi. Bir\u00e7ok kullan\u0131c\u0131 Bolu\u011fur\u2019a \u2018Umar\u0131m affetmemi\u015ftir, \u0131\u015f\u0131\u011f\u0131n\u0131 s\u00f6nd\u00fcrm\u00fc\u015ft\u00fc.\u2019 Gibi ifadelerle tepkilerini yazd\u0131lar. T\u00fcm bu olaylar sonras\u0131 g\u00f6zler ikiliye \u00e7evrilmi\u015fti. \u0130kilinin sosyal medya hesaplar\u0131 \u00fczerinden ayr\u0131 ayr\u0131 hikayeler payla\u015farak b\u00f6yle bir bar\u0131\u015fman\u0131n ger\u00e7ekle\u015fmedi\u011fini g\u00f6stermi\u015f oldular.<\/p>\n<p><img loading=\"lazy\" decoding=\"async\" class=\"alignnone wp-image-140943\" src=\"https:\/\/www.tgrthaber.com\/mavikadin\/wp-content\/uploads\/murat-dalkilic-merve-bolugur-3-1024x576.jpg\" alt=\"murat dalk\u0131l\u0131\u00e7-merve bolu\u011fur\" width=\"1208\" height=\"680\" title=\"\" srcset=\"https:\/\/www.tgrthaber.com\/mavikadin\/wp-content\/uploads\/murat-dalkilic-merve-bolugur-3-1024x576.jpg 1024w, https:\/\/www.tgrthaber.com\/mavikadin\/wp-content\/uploads\/murat-dalkilic-merve-bolugur-3-300x169.jpg 300w, https:\/\/www.tgrthaber.com\/mavikadin\/wp-content\/uploads\/murat-dalkilic-merve-bolugur-3-768x432.jpg 768w, https:\/\/www.tgrthaber.com\/mavikadin\/wp-content\/uploads\/murat-dalkilic-merve-bolugur-3-1536x864.jpg 1536w, https:\/\/www.tgrthaber.com\/mavikadin\/wp-content\/uploads\/murat-dalkilic-merve-bolugur-3.jpg 1600w\" sizes=\"(max-width: 1208px) 100vw, 1208px\" \/><\/p>\n<hr \/>\n<h3><strong>MURAT DALKILI\u00c7\u2019TAN YEN\u0130 A\u015eK \u0130LANI<\/strong><\/h3>\n<p>Ger\u00e7ekle\u015fen bu iddialar sonras\u0131 \u00fcnl\u00fc \u015fark\u0131c\u0131 Murat Dalk\u0131l\u0131\u00e7\u2019\u0131n 4 ayd\u0131r kendisi gibi \u015fark\u0131c\u0131 olan Dicle Olcay\u2019la bir beraberlikleri oldu\u011fu haberleri k\u0131sa s\u00fcrede magazin d\u00fcnyas\u0131na d\u00fc\u015ft\u00fc. \u0130kili iddialara g\u00f6re beraberliklerine h\u0131z kesmeden devam ediyor. Yeni a\u015fk\u0131n\u0131 ise sosyal medya hesab\u0131ndan payla\u015f\u0131m yaparak duyuran Dalk\u0131l\u0131\u00e7, sevgilisi oldu\u011fu iddia edilen Dicle Olcay\u2019\u0131n sahnesinde davul \u00e7ald\u0131\u011f\u0131 g\u00f6r\u00fcnt\u00fcleri payla\u015ft\u0131. O payla\u015f\u0131mda, \u2018Cumalar\u0131 Dicle\u2019ye davula ba\u015flad\u0131m o da be\u011fendi.\u2019 Notu ile payla\u015f\u0131m yapt\u0131.<\/p>\n","protected":false},"excerpt":{"rendered":"<p>\u015eark\u0131c\u0131 Murat Dalk\u0131l\u0131\u00e7\u2019la 2015 y\u0131l\u0131nda evlenen oyuncu Merve Bolu\u011fur, iki y\u0131l\u0131n ard\u0131ndan bo\u015fanm\u0131\u015ft\u0131. Son g\u00fcnlerde ikili hakk\u0131nda yeniden bir araya geldiklerine dair s\u00f6ylentiler yay\u0131lm\u0131\u015ft\u0131. Bu s\u00f6ylentileri net bir dille yalanlayan oyunuc Merve Bolu\u011fur, hayat\u0131nda kimsenin olmad\u0131\u011f\u0131n\u0131 s\u00f6ylemi\u015fti. \u00d6te yandan, Murat Dalk\u0131l\u0131\u00e7\u2019\u0131n bu s\u00f6ylentiler hakk\u0131nda bir a\u00e7\u0131klama yapmamas\u0131 dikkatlerden ka\u00e7mam\u0131\u015ft\u0131. Son g\u00fcnlerde yeni bir a\u015fka yelken a\u00e7t\u0131\u011f\u0131 konu\u015fulurken, \u00fcnl\u00fc \u015fark\u0131c\u0131 Murat Dalk\u0131l\u0131\u00e7 sahnede yapt\u0131\u011f\u0131 a\u00e7\u0131klamayla a\u015fk\u0131n\u0131 ilan etti.<\/p>\n","protected":false},"author":34,"featured_media":140941,"comment_status":"closed","ping_status":"closed","sticky":false,"template":"","format":"standard","meta":{"rank_math_lock_modified_date":false,"footnotes":""},"categories":[76],"tags":[2689,11340,12680],"class_list":["post-140926","post","type-post","status-publish","format-standard","has-post-thumbnail","hentry","category-magazin","tag-merve-bolugur","tag-murat-dalkilic","tag-yeni-ask-ilani"],"_links":{"self":[{"href":"https:\/\/www.tgrthaber.com\/mavikadin\/wp-json\/wp\/v2\/posts\/140926"}],"collection":[{"href":"https:\/\/www.tgrthaber.com\/mavikadin\/wp-json\/wp\/v2\/posts"}],"about":[{"href":"https:\/\/www.tgrthaber.com\/mavikadin\/wp-json\/wp\/v2\/types\/post"}],"author":[{"embeddable":true,"href":"https:\/\/www.tgrthaber.com\/mavikadin\/wp-json\/wp\/v2\/users\/34"}],"replies":[{"embeddable":true,"href":"https:\/\/www.tgrthaber.com\/mavikadin\/wp-json\/wp\/v2\/comments?post=140926"}],"version-history":[{"count":1,"href":"https:\/\/www.tgrthaber.com\/mavikadin\/wp-json\/wp\/v2\/posts\/140926\/revisions"}],"predecessor-version":[{"id":140945,"href":"https:\/\/www.tgrthaber.com\/mavikadin\/wp-json\/wp\/v2\/posts\/140926\/revisions\/140945"}],"wp:featuredmedia":[{"embeddable":true,"href":"https:\/\/www.tgrthaber.com\/mavikadin\/wp-json\/wp\/v2\/media\/140941"}],"wp:attachment":[{"href":"https:\/\/www.tgrthaber.com\/mavikadin\/wp-json\/wp\/v2\/media?parent=140926"}],"wp:term":[{"taxonomy":"category","embeddable":true,"href":"https:\/\/www.tgrthaber.com\/mavikadin\/wp-json\/wp\/v2\/categories?post=140926"},{"taxonomy":"post_tag","embeddable":true,"href":"https:\/\/www.tgrthaber.com\/mavikadin\/wp-json\/wp\/v2\/tags?post=140926"}],"curies":[{"name":"wp","href":"https:\/\/api.w.org\/{rel}","templated":true}]}}