{"id":140996,"date":"2025-03-03T00:36:35","date_gmt":"2025-03-02T21:36:35","guid":{"rendered":"https:\/\/www.tgrthaber.com\/mavikadin\/?p=140996"},"modified":"2025-03-03T12:15:15","modified_gmt":"2025-03-03T09:15:15","slug":"vefat-eden-edip-akbayramin-vasiyeti-ne-edip-akbayramin-mal-varligi-ne-kadar-kac-cocugu-var","status":"publish","type":"post","link":"https:\/\/www.tgrthaber.com\/mavikadin\/vefat-eden-edip-akbayramin-vasiyeti-ne-edip-akbayramin-mal-varligi-ne-kadar-kac-cocugu-var\/","title":{"rendered":"Vefat eden Edip Akbayram&#8217;\u0131n vasiyeti ne? Edip Akbayram&#8217;\u0131n mal varl\u0131\u011f\u0131 ne kadar? Ka\u00e7 \u00e7ocu\u011fu var?"},"content":{"rendered":"<p>Son zamanlarda magazin g\u00fcndeminde konu\u015fulan isimlerden biri olup yo\u011fun bak\u0131m alt\u0131nda olan Edip Akbayram i\u00e7in k\u0131z\u0131 T\u00fcrk\u00fc Akbayram, a\u00e7\u0131klama yap\u0131p babas\u0131n\u0131n son sa\u011fl\u0131k durumunda ciddiyetini korudu\u011funu belirtmi\u015fti.<\/p>\n<p>Sevenleri ve ailesinin d\u00f6rt g\u00f6zle iyi haberini bekledi\u011fi Edip Akbayram&#8217;dan ne yaz\u0131k ki k\u00f6t\u00fc haber geldi. 75 ya\u015f\u0131ndaki \u00fcnl\u00fc sanat\u00e7\u0131 Edip Akbayram hayat\u0131n\u0131 kaybetti.<\/p>\n<h3>ED\u0130P AKBAYRAM&#8217;IN HASTALI\u011eI NEYD\u0130?<\/h3>\n<p>Bir s\u00fcredir ge\u00e7irdi\u011fi sa\u011fl\u0131k problemleri nedeniyle can\u0131n\u0131n derdine d\u00fc\u015fen sanat\u00e7\u0131 Edip Akbayram, zat\u00fcrre tedavisi sonras\u0131nda ge\u00e7irdi\u011fi i\u00e7 kanamas\u0131ndan dolay\u0131 Haydarpa\u015fa Numune E\u011fitim ve Ara\u015ft\u0131rma Hastanesi yo\u011fun bak\u0131m \u00fcnitesinde tedavi g\u00f6rmeye ba\u015flam\u0131\u015ft\u0131.<\/p>\n<p><img loading=\"lazy\" decoding=\"async\" class=\"wp-image-140919\" src=\"https:\/\/www.tgrthaber.com\/mavikadin\/wp-content\/uploads\/edip-akbayram-2.jpg\" alt=\"edip akbayram\" width=\"1208\" height=\"680\" title=\"\" srcset=\"https:\/\/www.tgrthaber.com\/mavikadin\/wp-content\/uploads\/edip-akbayram-2.jpg 1600w, https:\/\/www.tgrthaber.com\/mavikadin\/wp-content\/uploads\/edip-akbayram-2-300x169.jpg 300w, https:\/\/www.tgrthaber.com\/mavikadin\/wp-content\/uploads\/edip-akbayram-2-1024x576.jpg 1024w, https:\/\/www.tgrthaber.com\/mavikadin\/wp-content\/uploads\/edip-akbayram-2-768x432.jpg 768w, https:\/\/www.tgrthaber.com\/mavikadin\/wp-content\/uploads\/edip-akbayram-2-1536x864.jpg 1536w\" sizes=\"(max-width: 1208px) 100vw, 1208px\" \/><\/p>\n<hr \/>\n<p>Akbayram, 9 Ocak tarihinde evinde d\u00fc\u015ferek i\u00e7 kanama ge\u00e7irmi\u015f ve iki defa b\u00fcy\u00fck bir operasyona girmi\u015fti. Hastanede yo\u011fun bak\u0131mda g\u00f6zlem alt\u0131nda tutulan Akbayram\u2019\u0131n sa\u011fl\u0131k durumu giderek k\u00f6t\u00fcle\u015fince ac\u0131 haber yak\u0131nlar\u0131ndan geldi.<\/p>\n<h3>ED\u0130P AKBAYRAM&#8217;IN E\u015e\u0130 AYTEN AKBAYRAM&#8217;DAN VEFAT EDEN EDEN E\u015e\u0130NE DUYGUSAL VEDA!<\/h3>\n<p>Sanat\u00e7\u0131 Edip Akbayram&#8217;\u0131n beraber elli y\u0131l\u0131 devirdi\u011fi e\u015fi Ayten Akbayram, aktif kulland\u0131\u011f\u0131 sosyal medya hesab\u0131ndan yay\u0131nlad\u0131\u011f\u0131 g\u00f6nderi ile ac\u0131 haberi duyurdu.<\/p>\n<p><img loading=\"lazy\" decoding=\"async\" class=\"alignnone wp-image-140999\" src=\"https:\/\/www.tgrthaber.com\/mavikadin\/wp-content\/uploads\/edip-akbayramin-esi-ayten-akbayramdan-duygusal-veda.jpg\" alt=\"edip akbayram&#039;\u0131n e\u015fi ayten akbayramdan duygusal veda\" width=\"1208\" height=\"680\" title=\"\" srcset=\"https:\/\/www.tgrthaber.com\/mavikadin\/wp-content\/uploads\/edip-akbayramin-esi-ayten-akbayramdan-duygusal-veda.jpg 1920w, https:\/\/www.tgrthaber.com\/mavikadin\/wp-content\/uploads\/edip-akbayramin-esi-ayten-akbayramdan-duygusal-veda-300x169.jpg 300w, https:\/\/www.tgrthaber.com\/mavikadin\/wp-content\/uploads\/edip-akbayramin-esi-ayten-akbayramdan-duygusal-veda-1024x576.jpg 1024w, https:\/\/www.tgrthaber.com\/mavikadin\/wp-content\/uploads\/edip-akbayramin-esi-ayten-akbayramdan-duygusal-veda-768x432.jpg 768w, https:\/\/www.tgrthaber.com\/mavikadin\/wp-content\/uploads\/edip-akbayramin-esi-ayten-akbayramdan-duygusal-veda-1536x864.jpg 1536w\" sizes=\"(max-width: 1208px) 100vw, 1208px\" \/><\/p>\n<hr \/>\n<p>Edip Akbayram&#8217;a payla\u015ft\u0131\u011f\u0131 foto\u011frafla veda eden Ayten Akbayram, g\u00f6nderiye &#8220;Buraya kadarm\u0131\u015f \u00f6b\u00fcr yar\u0131m buraya kadar&#8221; notunu d\u00fc\u015ft\u00fc.<\/p>\n<h3>VEFAT HABER\u0130 GELEN ED\u0130P AKBAYRAM&#8217;IN MAL VARLI\u011eI NED\u0130R?<\/h3>\n<p>75 ya\u015f\u0131nda hayata g\u00f6zlerini yuman sanat\u00e7\u0131n\u0131n serveti hakk\u0131nda net bir resmi a\u00e7\u0131klama olmasa da, m\u00fczik kariyeri boyunca 50 y\u0131l\u0131 a\u015fk\u0131n s\u00fcredir elde etti\u011fi gelirler \u015fu \u015fekilde bilinmektedir:<\/p>\n<p>Alb\u00fcm Sat\u0131\u015flar\u0131: 1970\u2019ler ve 1980\u2019li d\u00f6nemlerdeki plaklar\u0131 \u00fcnl\u00fc isme iyi bir gelir kayna\u011f\u0131 olmu\u015ftu. \u00d6zellikle de \u201cAld\u0131rma G\u00f6n\u00fcl\u201d alb\u00fcm\u00fc, d\u00f6nemin en \u00e7ok satanlar\u0131 aras\u0131ndayd\u0131.<\/p>\n<p>Telif Haklar\u0131: \u00dcnl\u00fc sanat\u00e7\u0131n\u0131n seslendirdi\u011fi \u015fark\u0131, radyo, TV ve dijital platformlarda \u00e7al\u0131nmas\u0131ndan sa\u011flanan kazan\u00e7, \u00fcnl\u00fc isme yine iyi bir gelir getiriyordu.<\/p>\n<p>Yay\u0131nlanan haberlerdeki iddialara g\u00f6re merhum sanat\u00e7\u0131 Edip Akbayram mal varl\u0131\u011f\u0131n\u0131n 5-10 milyon TL aral\u0131\u011f\u0131nda oldu\u011funu tahmin ediliyor.<\/p>\n<p><img loading=\"lazy\" decoding=\"async\" class=\"alignnone wp-image-119914\" src=\"https:\/\/www.tgrthaber.com\/mavikadin\/wp-content\/uploads\/Turk-muziginin-dev-ismi-Edip-Akbayramin-kizi-Turku-Akbayram-kimdir.jpg\" alt=\"T\u00fcrk m\u00fczi\u011finin dev ismi Edip Akbayram\u2019\u0131n k\u0131z\u0131 T\u00fcrk\u00fc Akbayram kimdir\" width=\"1208\" height=\"680\" title=\"\" srcset=\"https:\/\/www.tgrthaber.com\/mavikadin\/wp-content\/uploads\/Turk-muziginin-dev-ismi-Edip-Akbayramin-kizi-Turku-Akbayram-kimdir.jpg 1920w, https:\/\/www.tgrthaber.com\/mavikadin\/wp-content\/uploads\/Turk-muziginin-dev-ismi-Edip-Akbayramin-kizi-Turku-Akbayram-kimdir-300x169.jpg 300w, https:\/\/www.tgrthaber.com\/mavikadin\/wp-content\/uploads\/Turk-muziginin-dev-ismi-Edip-Akbayramin-kizi-Turku-Akbayram-kimdir-1024x576.jpg 1024w, https:\/\/www.tgrthaber.com\/mavikadin\/wp-content\/uploads\/Turk-muziginin-dev-ismi-Edip-Akbayramin-kizi-Turku-Akbayram-kimdir-768x432.jpg 768w, https:\/\/www.tgrthaber.com\/mavikadin\/wp-content\/uploads\/Turk-muziginin-dev-ismi-Edip-Akbayramin-kizi-Turku-Akbayram-kimdir-1536x864.jpg 1536w\" sizes=\"(max-width: 1208px) 100vw, 1208px\" \/><\/p>\n<hr \/>\n<h3>ED\u0130P AKBAYRAM&#8217;IN VAS\u0130YET\u0130 BELL\u0130 M\u0130? AKBAYRAM \u00d6LMEDEN \u00d6NCE VAS\u0130YET ETT\u0130 M\u0130?<\/h3>\n<p>Uzun zamand\u0131r yo\u011fun bak\u0131m alt\u0131nda tedavi g\u00f6ren ve ac\u0131 haberi bug\u00fcn gelen sanat\u00e7\u0131 Edip Akbayram&#8217;\u0131n \u015fimdiye kadar herhangi bir vasiyet talebi oldu\u011fu bilinmiyor. Ne \u00f6lmeden \u00f6nce kendisi ne de ailesi taraf\u0131ndan vasiyet ile ile ilgili bir a\u00e7\u0131klama gelmedi. 75 ya\u015f\u0131nda hayat\u0131n\u0131 kaybeden Edip Akbayram&#8217;\u0131n y\u0131llar \u00f6nce verdi\u011fi bir r\u00f6portajda son yolculu\u011funa nas\u0131l u\u011furlanmak istendi\u011fine dair konu\u015fmas\u0131 ortaya \u00e7\u0131kt\u0131; &#8220;\u0130ster alk\u0131\u015flarla g\u00f6nderirler, ister \u00e7i\u00e7eklerle g\u00f6nderirler, ister hi\u00e7bir \u015fey yapmayarak&#8230;&#8221;<\/p>\n<h3>ED\u0130P AKBAYRAM&#8217;IN KA\u00c7 TANE \u00c7OCU\u011eU VAR? \u00c7OCUKLARININ \u0130S\u0130MLER\u0130 NE?<\/h3>\n<p>1979 tarihinde beraber d\u00fcnyaevine girdi\u011fi Ayten Akbayram ile evlenen Edip Akbayram&#8217;\u0131n bu mutlu evlili\u011finden T\u00fcrk\u00fc ve Ozan isimlerinde olmak \u00fczere bir k\u0131z\u0131 ve bir o\u011flu bulunmaktad\u0131r.<\/p>\n","protected":false},"excerpt":{"rendered":"<p>Uzun s\u00fcre yo\u011fun bak\u0131mda kal\u0131p ya\u015fam m\u00fccadelesi veren sanat\u00e7\u0131 Edip Akbayram, 75 ya\u015f\u0131nda hayata g\u00f6zlerini yumdu. Peki sanat\u00e7\u0131n\u0131n vasiyet var m\u0131yd\u0131, Edip Akbayram&#8217;\u0131n ka\u00e7 \u00e7ocu\u011fu var?<\/p>\n","protected":false},"author":27,"featured_media":141170,"comment_status":"closed","ping_status":"closed","sticky":false,"template":"","format":"standard","meta":{"rank_math_lock_modified_date":false,"footnotes":""},"categories":[76],"tags":[7552,7553,12733,12699,12700],"class_list":["post-140996","post","type-post","status-publish","format-standard","has-post-thumbnail","hentry","category-magazin","tag-edip-akbayram","tag-edip-akbayram-cocuklari","tag-edip-akbayram-mal-varligi","tag-edip-akbayram-oldu","tag-edip-akbayram-vasiyet"],"_links":{"self":[{"href":"https:\/\/www.tgrthaber.com\/mavikadin\/wp-json\/wp\/v2\/posts\/140996"}],"collection":[{"href":"https:\/\/www.tgrthaber.com\/mavikadin\/wp-json\/wp\/v2\/posts"}],"about":[{"href":"https:\/\/www.tgrthaber.com\/mavikadin\/wp-json\/wp\/v2\/types\/post"}],"author":[{"embeddable":true,"href":"https:\/\/www.tgrthaber.com\/mavikadin\/wp-json\/wp\/v2\/users\/27"}],"replies":[{"embeddable":true,"href":"https:\/\/www.tgrthaber.com\/mavikadin\/wp-json\/wp\/v2\/comments?post=140996"}],"version-history":[{"count":4,"href":"https:\/\/www.tgrthaber.com\/mavikadin\/wp-json\/wp\/v2\/posts\/140996\/revisions"}],"predecessor-version":[{"id":141171,"href":"https:\/\/www.tgrthaber.com\/mavikadin\/wp-json\/wp\/v2\/posts\/140996\/revisions\/141171"}],"wp:featuredmedia":[{"embeddable":true,"href":"https:\/\/www.tgrthaber.com\/mavikadin\/wp-json\/wp\/v2\/media\/141170"}],"wp:attachment":[{"href":"https:\/\/www.tgrthaber.com\/mavikadin\/wp-json\/wp\/v2\/media?parent=140996"}],"wp:term":[{"taxonomy":"category","embeddable":true,"href":"https:\/\/www.tgrthaber.com\/mavikadin\/wp-json\/wp\/v2\/categories?post=140996"},{"taxonomy":"post_tag","embeddable":true,"href":"https:\/\/www.tgrthaber.com\/mavikadin\/wp-json\/wp\/v2\/tags?post=140996"}],"curies":[{"name":"wp","href":"https:\/\/api.w.org\/{rel}","templated":true}]}}