{"id":141117,"date":"2025-03-03T10:33:07","date_gmt":"2025-03-03T07:33:07","guid":{"rendered":"https:\/\/www.tgrthaber.com\/mavikadin\/?p=141117"},"modified":"2025-03-03T10:33:07","modified_gmt":"2025-03-03T07:33:07","slug":"perde-pilavinin-yanina-ne-gider-neler-ikram-edilir","status":"publish","type":"post","link":"https:\/\/www.tgrthaber.com\/mavikadin\/perde-pilavinin-yanina-ne-gider-neler-ikram-edilir\/","title":{"rendered":"Perde pilav\u0131n\u0131n yan\u0131na ne gider, neler ikram edilir?"},"content":{"rendered":"<p>Perde pilav\u0131, Siirt, Mardin ve Diyarbak\u0131r illerimizin me\u015fhur y\u00f6resel yemeklerinden. Peki \u00e7\u0131t\u0131r \u00e7\u0131t\u0131r hamurun enfes bir etli pilavla birle\u015fmesiyle haz\u0131rlanan perde pilav\u0131n\u0131n yan\u0131na neler ikram edilebilir?<\/p>\n<p>Perde pilav\u0131, T\u00fcrk mutfa\u011f\u0131n\u0131n hem lezzetli hem de g\u00f6steri\u015fli yemeklerinden. \u0130ste\u011fe g\u00f6re koyun, dana eti, tavuk eti ile yap\u0131labiliyor. Nar gibi k\u0131zarm\u0131\u015f hamuruyla hem g\u00f6ze hem de damaklara hitap ediyor.<\/p>\n<p>Perde pilav\u0131 ba\u015fl\u0131 ba\u015f\u0131na doyurucu bir ana yemek oldu\u011fundan perde pilav\u0131n\u0131n yan\u0131na \u015fu yemek ve i\u00e7ecekleri servis edebilirsiniz:<\/p>\n<h3>PERDE P\u0130LAVININ YANINA NE G\u0130DER?<\/h3>\n<p>Perde pilav\u0131n\u0131n yan\u0131na ikram edebilece\u011finiz \u00e7orba, ana yemek ve mezeler \u015funlard\u0131r:<\/p>\n<ul>\n<li>Mercimek \u00e7orbas\u0131<\/li>\n<li>Et yemekleri<\/li>\n<li>Tur\u015fu<\/li>\n<li>Cac\u0131k<\/li>\n<li>G\u00fcve\u00e7te t\u00fcrl\u00fc yeme\u011fi<\/li>\n<\/ul>\n<figure id=\"attachment_141119\" aria-describedby=\"caption-attachment-141119\" style=\"width: 1208px\" class=\"wp-caption alignnone\"><img loading=\"lazy\" decoding=\"async\" class=\"wp-image-141119\" src=\"https:\/\/www.tgrthaber.com\/mavikadin\/wp-content\/uploads\/perde-pilavinin-yanina-ne-gider-2.jpg\" alt=\"perde pilav\u0131n\u0131n yan\u0131na ne gider\" width=\"1208\" height=\"680\" title=\"\" srcset=\"https:\/\/www.tgrthaber.com\/mavikadin\/wp-content\/uploads\/perde-pilavinin-yanina-ne-gider-2.jpg 1920w, https:\/\/www.tgrthaber.com\/mavikadin\/wp-content\/uploads\/perde-pilavinin-yanina-ne-gider-2-300x169.jpg 300w, https:\/\/www.tgrthaber.com\/mavikadin\/wp-content\/uploads\/perde-pilavinin-yanina-ne-gider-2-1024x576.jpg 1024w, https:\/\/www.tgrthaber.com\/mavikadin\/wp-content\/uploads\/perde-pilavinin-yanina-ne-gider-2-768x432.jpg 768w, https:\/\/www.tgrthaber.com\/mavikadin\/wp-content\/uploads\/perde-pilavinin-yanina-ne-gider-2-1536x864.jpg 1536w\" sizes=\"(max-width: 1208px) 100vw, 1208px\" \/><figcaption id=\"caption-attachment-141119\" class=\"wp-caption-text\">\u00a0<\/figcaption><\/figure>\n<hr \/>\n<ul>\n<li>Komposto<\/li>\n<li>Yo\u011furtlu meze<\/li>\n<li>F\u0131r\u0131nda tavuk<\/li>\n<li>S\u00fctl\u00fc domates \u00e7orbas\u0131<\/li>\n<li>Zeytinya\u011fl\u0131 yaprak sarmas\u0131<\/li>\n<li>Kazandibi tatl\u0131s\u0131<\/li>\n<li>Humus<\/li>\n<li>Yo\u011furtlu semizotu salatas\u0131<\/li>\n<li>B\u00fclb\u00fcl yuvas\u0131 tatl\u0131s\u0131<\/li>\n<li>Haydari<\/li>\n<li>Patl\u0131can salatas\u0131<\/li>\n<li>Yo\u011furt \u00e7orbas\u0131<\/li>\n<li>Ac\u0131l\u0131 ezme<\/li>\n<li>\u00c7oban salatas\u0131<\/li>\n<li>Kabak tatl\u0131s\u0131<\/li>\n<li>Naneli ayran<\/li>\n<li>Un helvas\u0131<\/li>\n<li>Zeytinya\u011fl\u0131 enginar<\/li>\n<li>K\u00f6fteli islim kebab\u0131<\/li>\n<li>Babagannu\u015f salatas\u0131<\/li>\n<li>K\u00f6zlenmi\u015f k\u0131rm\u0131z\u0131 biber<\/li>\n<\/ul>\n<h3>TADI DAMAKLARDA KALACAK ENFES PERDE P\u0130LAVI TAR\u0130F\u0130<\/h3>\n<p><strong>\u0130\u00e7 Pilav \u0130\u00e7in Malzemeler<\/strong><\/p>\n<ul>\n<li>Yar\u0131m kilo dana veya kuzu, koyun ku\u015fba\u015f\u0131 et<\/li>\n<li>2 su barda\u011f\u0131 pirin\u00e7<\/li>\n<li>1 \u00e7orba ka\u015f\u0131\u011f\u0131 kadar tereya\u011f\u0131<\/li>\n<li>1 kahve fincan\u0131 ku\u015f \u00fcz\u00fcm\u00fc<\/li>\n<li>1 kahve fincan\u0131 \u00e7am f\u0131st\u0131\u011f\u0131<\/li>\n<li>1 orta boy kuru so\u011fan<\/li>\n<li>Yar\u0131m \u00e7ay barda\u011f\u0131 s\u0131v\u0131ya\u011f<\/li>\n<li>2,5 su barda\u011f\u0131 et suyu veya su<\/li>\n<li>50-60 gram kadar tuzsuz badem<\/li>\n<li>1-2 damla limon suyu<\/li>\n<li>Tuz<\/li>\n<\/ul>\n<p><strong>Hamuru i\u00e7in;<\/strong><\/p>\n<ul>\n<li>2 yumurta<\/li>\n<li>150- 160 gram margarin veya tereya\u011f\u0131<\/li>\n<li>Ald\u0131\u011f\u0131 kadar un (2 &#8211; 3 su barda\u011f\u0131 un)<\/li>\n<li>Tuz<\/li>\n<\/ul>\n<figure id=\"attachment_141120\" aria-describedby=\"caption-attachment-141120\" style=\"width: 1208px\" class=\"wp-caption alignnone\"><img loading=\"lazy\" decoding=\"async\" class=\"wp-image-141120\" src=\"https:\/\/www.tgrthaber.com\/mavikadin\/wp-content\/uploads\/perde-pilavinin-yanina-ne-gider-3.jpg\" alt=\"perde pilav\u0131n\u0131n yan\u0131na ne gider\" width=\"1208\" height=\"680\" title=\"\" srcset=\"https:\/\/www.tgrthaber.com\/mavikadin\/wp-content\/uploads\/perde-pilavinin-yanina-ne-gider-3.jpg 1920w, https:\/\/www.tgrthaber.com\/mavikadin\/wp-content\/uploads\/perde-pilavinin-yanina-ne-gider-3-300x169.jpg 300w, https:\/\/www.tgrthaber.com\/mavikadin\/wp-content\/uploads\/perde-pilavinin-yanina-ne-gider-3-1024x576.jpg 1024w, https:\/\/www.tgrthaber.com\/mavikadin\/wp-content\/uploads\/perde-pilavinin-yanina-ne-gider-3-768x432.jpg 768w, https:\/\/www.tgrthaber.com\/mavikadin\/wp-content\/uploads\/perde-pilavinin-yanina-ne-gider-3-1536x864.jpg 1536w\" sizes=\"(max-width: 1208px) 100vw, 1208px\" \/><figcaption id=\"caption-attachment-141120\" class=\"wp-caption-text\">\u00a0<\/figcaption><\/figure>\n<hr \/>\n<p><strong>Yap\u0131l\u0131\u015f\u0131:<\/strong><\/p>\n<p><strong>1.Ad\u0131m<\/strong><\/p>\n<p>2 su barda\u011f\u0131 pirinci bol suda y\u0131kad\u0131ktan sonra tuz eklenmi\u015f suda en az yar\u0131m saat bekletin.<\/p>\n<p><strong>2.Ad\u0131m<\/strong><\/p>\n<p>Bademlerin de kabuklar\u0131n\u0131n kolay soyulmas\u0131 i\u00e7in kaynar suyun i\u00e7erisine al\u0131p bekletin.<\/p>\n<p><strong>3.Ad\u0131m<\/strong><\/p>\n<p>Yar\u0131m kilo eti tencereye al\u0131p yumu\u015fayana kadar pi\u015firin. Et suyunu \u00e7ekip yumu\u015fak k\u0131vam al\u0131nca \u00a0\u00e7ok az tereya\u011f\u0131 ve karabiber ekleyip oca\u011f\u0131n alt\u0131n\u0131 kapat\u0131n. ( Dana etini d\u00fcd\u00fckl\u00fcde yaparsan\u0131z daha h\u0131zl\u0131 pi\u015fecektir)<\/p>\n<p><strong>4.Ad\u0131m<\/strong><\/p>\n<p>So\u011fanlar\u0131 minik minik do\u011fray\u0131n. Pirin\u00e7leri bol sudan ge\u00e7irin.<\/p>\n<p>Tencereye s\u0131v\u0131ya\u011f\u0131 tereya\u011f\u0131, s\u0131v\u0131ya\u011f\u0131n\u0131 al\u0131n. \u00c7am f\u0131st\u0131\u011f\u0131n\u0131 ve bademlerin bir k\u0131sm\u0131n\u0131 al\u0131p pembele\u015finceye dek kavurun. So\u011fanlar\u0131 da ekleyip\u00a0 pembele\u015fene kadar kadar kavurduktan sonra y\u0131kay\u0131p s\u00fczd\u00fc\u011f\u00fcn\u00fcz pirin\u00e7leri ilave edin ve 3-5 dakika kadar kavurmaya devam edin.<\/p>\n<p><strong>5.Ad\u0131m<\/strong><\/p>\n<p>Ard\u0131ndan ku\u015f \u00fcz\u00fcmlerini, tuzunu kat\u0131p 1-2 dakika kadar daha kavurduktan sonra et suyunu veya et suyu yoksa su ilave edin. Oca\u011f\u0131n alt\u0131n\u0131 k\u0131s\u0131n.<\/p>\n<p><strong>6.Ad\u0131m<\/strong><\/p>\n<p>Pilav g\u00f6z g\u00f6z olup pi\u015fmeye ba\u015flay\u0131nca pi\u015fmi\u015f etleri, di\u011fer baharatlar\u0131 kat\u0131n. Kapa\u011f\u0131n\u0131 kapat\u0131n, oca\u011f\u0131n alt\u0131n\u0131 s\u00f6nd\u00fcr\u00fcn ve pilav\u0131n\u0131z\u0131 demlemeye b\u0131rak\u0131n.<\/p>\n<p><strong>7.Ad\u0131m<\/strong><\/p>\n<p>\u015eimdi perde pilav\u0131n\u0131n hamurunun yap\u0131m\u0131na ge\u00e7elim.<\/p>\n<p>Kar\u0131\u015ft\u0131rma kab\u0131na oda s\u0131cakl\u0131\u011f\u0131nda tereya\u011f\u0131, yumurta, un ve tuzu al\u0131p yo\u011fural\u0131m. Hamuru dinlenmeye b\u0131rak\u0131p perde pilav\u0131n\u0131n kal\u0131b\u0131n\u0131 margarin yahut tereya\u011f\u0131 ile ya\u011flayal\u0131m. (Minik f\u0131r\u0131n kaplar\u0131nda veya kelep\u00e7eli yuvarlak bir f\u0131r\u0131n kab\u0131nda yap\u0131labilir.)<\/p>\n<p>Kal\u0131b\u0131n i\u00e7erisine bademleri dizelim.<\/p>\n<p><strong>8.Ad\u0131m<\/strong><\/p>\n<p>Hamurdan beze al\u0131p f\u0131r\u0131n kab\u0131n\u0131n b\u00fcy\u00fckl\u00fc\u011f\u00fcne g\u00f6re oklava ile olabildi\u011fince ince a\u00e7al\u0131m ve bademlerin \u00fczerine bademlerin \u015feklini bozmadan hamuru yerle\u015ftirelim.<\/p>\n<p>Hamurun i\u00e7erisine haz\u0131rlad\u0131\u011f\u0131m\u0131z pilav\u0131 kar\u0131\u015f\u0131m\u0131n\u0131 koyal\u0131m ve yine hamurla \u00fczerini kapat\u0131n.<\/p>\n<p>F\u0131r\u0131n\u0131 \u00f6nceden 200 derecede \u0131s\u0131tal\u0131m, \u00fczeri k\u0131zarana kadar f\u0131r\u0131nda pi\u015firelim.<\/p>\n<p>Afiyet olsun.<\/p>\n","protected":false},"excerpt":{"rendered":"<p>Perde pilav\u0131, ister g\u00fcnl\u00fck yemek isterse misafir kar\u015f\u0131lamak i\u00e7in men\u00fcn\u00fczde yer almas\u0131 hem g\u00f6zlere hem g\u00f6n\u00fcllere hitap edebilecek muhte\u015fem bir lezzet. Peki perde pilav\u0131n\u0131n yan\u0131na ne yak\u0131\u015f\u0131r?<\/p>\n","protected":false},"author":30,"featured_media":141118,"comment_status":"closed","ping_status":"closed","sticky":false,"template":"","format":"standard","meta":{"rank_math_lock_modified_date":false,"footnotes":""},"categories":[191],"tags":[12718],"class_list":["post-141117","post","type-post","status-publish","format-standard","has-post-thumbnail","hentry","category-yemek-tarifleri","tag-perde-pilavi"],"_links":{"self":[{"href":"https:\/\/www.tgrthaber.com\/mavikadin\/wp-json\/wp\/v2\/posts\/141117"}],"collection":[{"href":"https:\/\/www.tgrthaber.com\/mavikadin\/wp-json\/wp\/v2\/posts"}],"about":[{"href":"https:\/\/www.tgrthaber.com\/mavikadin\/wp-json\/wp\/v2\/types\/post"}],"author":[{"embeddable":true,"href":"https:\/\/www.tgrthaber.com\/mavikadin\/wp-json\/wp\/v2\/users\/30"}],"replies":[{"embeddable":true,"href":"https:\/\/www.tgrthaber.com\/mavikadin\/wp-json\/wp\/v2\/comments?post=141117"}],"version-history":[{"count":1,"href":"https:\/\/www.tgrthaber.com\/mavikadin\/wp-json\/wp\/v2\/posts\/141117\/revisions"}],"predecessor-version":[{"id":141121,"href":"https:\/\/www.tgrthaber.com\/mavikadin\/wp-json\/wp\/v2\/posts\/141117\/revisions\/141121"}],"wp:featuredmedia":[{"embeddable":true,"href":"https:\/\/www.tgrthaber.com\/mavikadin\/wp-json\/wp\/v2\/media\/141118"}],"wp:attachment":[{"href":"https:\/\/www.tgrthaber.com\/mavikadin\/wp-json\/wp\/v2\/media?parent=141117"}],"wp:term":[{"taxonomy":"category","embeddable":true,"href":"https:\/\/www.tgrthaber.com\/mavikadin\/wp-json\/wp\/v2\/categories?post=141117"},{"taxonomy":"post_tag","embeddable":true,"href":"https:\/\/www.tgrthaber.com\/mavikadin\/wp-json\/wp\/v2\/tags?post=141117"}],"curies":[{"name":"wp","href":"https:\/\/api.w.org\/{rel}","templated":true}]}}