{"id":141180,"date":"2025-03-03T13:43:38","date_gmt":"2025-03-03T10:43:38","guid":{"rendered":"https:\/\/www.tgrthaber.com\/mavikadin\/?p=141180"},"modified":"2025-03-03T13:43:38","modified_gmt":"2025-03-03T10:43:38","slug":"airfryer-ramazan-pidesi-tarifi-firinlardaki-uzun-kuyruklarda-beklemeyin","status":"publish","type":"post","link":"https:\/\/www.tgrthaber.com\/mavikadin\/airfryer-ramazan-pidesi-tarifi-firinlardaki-uzun-kuyruklarda-beklemeyin\/","title":{"rendered":"Airfryer Ramazan pidesi tarifi! F\u0131r\u0131nlardaki uzun kuyruklarda beklemeyin"},"content":{"rendered":"<p>Ramazan boyunca h\u0131zl\u0131, sa\u011fl\u0131kl\u0131 ve lezzetli bir yeme\u011fin tad\u0131n\u0131 \u00e7\u0131karman\u0131n harika bir yolu olabilir! Ramazan pidesindeki bu tarif y\u00fczy\u0131llard\u0131r Anadolu&#8217;da yap\u0131l\u0131r. \u0130\u00e7eri\u011finde hem sar\u0131msak hem de kekik olmas\u0131 adeta pidenin \u015fifal\u0131 olmas\u0131n\u0131 da sa\u011flar. Sulu ve etli yemeklerin yan\u0131na yak\u0131\u015fan Ramazan pidesinin bu tarifi i\u00e7in f\u0131r\u0131n kuyru\u011funa girmenize gerek yok. Evde kolayca airfryer de pi\u015firebilece\u011finiz Ramazan pidesi tarifiyle sofralar\u0131n\u0131z\u0131 \u015fenlendirin. \u0130\u015fte lezzetini ve dokusunu geli\u015ftirmek i\u00e7in biraz de\u011fi\u015fiklik yap\u0131lan, havada k\u0131zart\u0131lm\u0131\u015f pide ekme\u011finin basit bir tarifini sizler i\u00e7in derledik.<\/p>\n<h3>A\u0130RFRYER RAMAZAN P\u0130DES\u0130 TAR\u0130F\u0130<\/h3>\n<p><strong>MALZEMELER<\/strong><\/p>\n<p>Yar\u0131m su barda\u011f\u0131 \u0131l\u0131k s\u00fct<br \/>\nYar\u0131m su barda\u011f\u0131 \u0131l\u0131k su<br \/>\nBir tatl\u0131 ka\u015f\u0131\u011f\u0131 toz \u015feker<br \/>\nYar\u0131m fincan zeytinya\u011f\u0131<br \/>\nYar\u0131m tatl\u0131 ka\u015f\u0131\u011f\u0131 tuz<br \/>\nYar\u0131m paket maya<br \/>\n2 bu\u00e7uk su barda\u011f\u0131 un<\/p>\n<p><img loading=\"lazy\" decoding=\"async\" class=\"alignnone size-full wp-image-141237\" src=\"https:\/\/www.tgrthaber.com\/mavikadin\/wp-content\/uploads\/Adsiz-tasarim-27-1.png\" alt=\"\" width=\"1208\" height=\"680\" title=\"\" srcset=\"https:\/\/www.tgrthaber.com\/mavikadin\/wp-content\/uploads\/Adsiz-tasarim-27-1.png 1208w, https:\/\/www.tgrthaber.com\/mavikadin\/wp-content\/uploads\/Adsiz-tasarim-27-1-300x169.png 300w, https:\/\/www.tgrthaber.com\/mavikadin\/wp-content\/uploads\/Adsiz-tasarim-27-1-1024x576.png 1024w, https:\/\/www.tgrthaber.com\/mavikadin\/wp-content\/uploads\/Adsiz-tasarim-27-1-768x432.png 768w\" sizes=\"(max-width: 1208px) 100vw, 1208px\" \/><\/p>\n<hr \/>\n<p><strong>\u00dczeri i\u00e7in;<\/strong><\/p>\n<p>1 adet yumurta sar\u0131s\u0131<\/p>\n<p>Yar\u0131m yemek ka\u015f\u0131\u011f\u0131 yo\u011furt<\/p>\n<p>\u00c7\u00f6rek otu<\/p>\n<p>1 \u00e7ay ka\u015f\u0131\u011f\u0131 \u00f6\u011f\u00fct\u00fclm\u00fc\u015f kimyon<\/p>\n<p>1 \u00e7ay ka\u015f\u0131\u011f\u0131 sar\u0131msak tozu<\/p>\n<p>1 \u00e7ay ka\u015f\u0131\u011f\u0131 kurutulmu\u015f kekik<\/p>\n<p>Tuz<\/p>\n<p><img loading=\"lazy\" decoding=\"async\" class=\"alignnone size-full wp-image-141238\" src=\"https:\/\/www.tgrthaber.com\/mavikadin\/wp-content\/uploads\/Adsiz-tasarim-26-2.png\" alt=\"\" width=\"1208\" height=\"680\" title=\"\" srcset=\"https:\/\/www.tgrthaber.com\/mavikadin\/wp-content\/uploads\/Adsiz-tasarim-26-2.png 1208w, https:\/\/www.tgrthaber.com\/mavikadin\/wp-content\/uploads\/Adsiz-tasarim-26-2-300x169.png 300w, https:\/\/www.tgrthaber.com\/mavikadin\/wp-content\/uploads\/Adsiz-tasarim-26-2-1024x576.png 1024w, https:\/\/www.tgrthaber.com\/mavikadin\/wp-content\/uploads\/Adsiz-tasarim-26-2-768x432.png 768w\" sizes=\"(max-width: 1208px) 100vw, 1208px\" \/><\/p>\n<hr \/>\n<p><strong>YAPILI\u015eI\u00a0<\/strong><\/p>\n<p>Derin bir kab\u0131n i\u00e7ine unu eleyerek ilave edin. Akabinde maya, tuz ve \u015fekeri ekleyerek kar\u0131\u015ft\u0131r\u0131n. Ortas\u0131n\u0131 a\u00e7\u0131p i\u00e7ine s\u00fct\u00fc, zeytinya\u011f\u0131n\u0131 ve suyu azar azar ilave ederek yo\u011furmaya ba\u015flay\u0131n. Hamur k\u0131vam\u0131 oturduktan sonra temiz bir kapakla kapat\u0131p beze saral\u0131m. Temiz bir alana un d\u00f6k\u00fcn. Hamuru elinizle burada ay\u0131r\u0131n 10 dakika beklettikten sonra a\u00e7\u0131n.<\/p>\n<p><img loading=\"lazy\" decoding=\"async\" class=\"alignnone wp-image-141239 size-full\" src=\"https:\/\/www.tgrthaber.com\/mavikadin\/wp-content\/uploads\/Adsiz-tasarim-24-1.png\" alt=\"\" width=\"1208\" height=\"680\" title=\"\" srcset=\"https:\/\/www.tgrthaber.com\/mavikadin\/wp-content\/uploads\/Adsiz-tasarim-24-1.png 1208w, https:\/\/www.tgrthaber.com\/mavikadin\/wp-content\/uploads\/Adsiz-tasarim-24-1-300x169.png 300w, https:\/\/www.tgrthaber.com\/mavikadin\/wp-content\/uploads\/Adsiz-tasarim-24-1-1024x576.png 1024w, https:\/\/www.tgrthaber.com\/mavikadin\/wp-content\/uploads\/Adsiz-tasarim-24-1-768x432.png 768w\" sizes=\"(max-width: 1208px) 100vw, 1208px\" \/><\/p>\n<hr \/>\n<p>Pideye geleneksel \u015fekli verdikten sonra\u00a0Airfryer&#8217;\u0131 \u00f6nceden yakla\u015f\u0131k 3-5 dakika boyunca 190 derecede \u0131s\u0131t\u0131n. Airfryer e ya\u011fl\u0131 ka\u011f\u0131t eleyip pideyi koyun. Daha sonra bir kapta yumurta \u00e7\u00f6rek otu yo\u011furt kimyon sar\u0131msak tozu kekik tuzu kar\u0131\u015ft\u0131r\u0131n pidenin \u00fczerine s\u00fcr\u00fcn.<\/p>\n<p>Airfryer e koyun ve dakikay\u0131 30 yap\u0131n. Arada kontrol edin. Airfryer de yap\u0131lan Ramazan pidesi adeta \u00e7\u0131t\u0131r \u00e7\u0131t\u0131r ve tam da damaklara uygun. Ramazan pidesini \u00e7\u0131kard\u0131ktan sonra \u0131l\u0131k halde dilimlere ay\u0131r\u0131n.<\/p>\n","protected":false},"excerpt":{"rendered":"<p>Ramazan boyunca h\u0131zl\u0131, sa\u011fl\u0131kl\u0131 ve lezzetli bir yeme\u011fin tad\u0131n\u0131 \u00e7\u0131karman\u0131n harika bir yolu olabilir! Ramazan pidesindeki bu tarif y\u00fczy\u0131llard\u0131r Anadolu&#8217;da yap\u0131l\u0131r. \u0130\u00e7eri\u011finde hem sar\u0131msak hem de kekik olmas\u0131 adeta pidenin \u015fifal\u0131 olmas\u0131n\u0131 da sa\u011flar.<\/p>\n","protected":false},"author":24,"featured_media":141236,"comment_status":"closed","ping_status":"closed","sticky":false,"template":"","format":"standard","meta":{"rank_math_lock_modified_date":false,"footnotes":""},"categories":[191],"tags":[12751,11518,12750],"class_list":["post-141180","post","type-post","status-publish","format-standard","has-post-thumbnail","hentry","category-yemek-tarifleri","tag-airfryer-pide-yapmak","tag-ramazan-pidesi","tag-ramazan-pidesi-airfryer"],"_links":{"self":[{"href":"https:\/\/www.tgrthaber.com\/mavikadin\/wp-json\/wp\/v2\/posts\/141180"}],"collection":[{"href":"https:\/\/www.tgrthaber.com\/mavikadin\/wp-json\/wp\/v2\/posts"}],"about":[{"href":"https:\/\/www.tgrthaber.com\/mavikadin\/wp-json\/wp\/v2\/types\/post"}],"author":[{"embeddable":true,"href":"https:\/\/www.tgrthaber.com\/mavikadin\/wp-json\/wp\/v2\/users\/24"}],"replies":[{"embeddable":true,"href":"https:\/\/www.tgrthaber.com\/mavikadin\/wp-json\/wp\/v2\/comments?post=141180"}],"version-history":[{"count":2,"href":"https:\/\/www.tgrthaber.com\/mavikadin\/wp-json\/wp\/v2\/posts\/141180\/revisions"}],"predecessor-version":[{"id":141241,"href":"https:\/\/www.tgrthaber.com\/mavikadin\/wp-json\/wp\/v2\/posts\/141180\/revisions\/141241"}],"wp:featuredmedia":[{"embeddable":true,"href":"https:\/\/www.tgrthaber.com\/mavikadin\/wp-json\/wp\/v2\/media\/141236"}],"wp:attachment":[{"href":"https:\/\/www.tgrthaber.com\/mavikadin\/wp-json\/wp\/v2\/media?parent=141180"}],"wp:term":[{"taxonomy":"category","embeddable":true,"href":"https:\/\/www.tgrthaber.com\/mavikadin\/wp-json\/wp\/v2\/categories?post=141180"},{"taxonomy":"post_tag","embeddable":true,"href":"https:\/\/www.tgrthaber.com\/mavikadin\/wp-json\/wp\/v2\/tags?post=141180"}],"curies":[{"name":"wp","href":"https:\/\/api.w.org\/{rel}","templated":true}]}}