{"id":141182,"date":"2025-03-03T13:03:48","date_gmt":"2025-03-03T10:03:48","guid":{"rendered":"https:\/\/www.tgrthaber.com\/mavikadin\/?p=141182"},"modified":"2025-03-03T13:03:47","modified_gmt":"2025-03-03T10:03:47","slug":"seda-sayan-unlu-oyuncunun-kafasinda-bardak-kirdi-yillar-sonra-ilk-kez-kamera-karsisinda","status":"publish","type":"post","link":"https:\/\/www.tgrthaber.com\/mavikadin\/seda-sayan-unlu-oyuncunun-kafasinda-bardak-kirdi-yillar-sonra-ilk-kez-kamera-karsisinda\/","title":{"rendered":"Seda Sayan \u00fcnl\u00fc oyuncunun kafas\u0131nda \u015fi\u015fe k\u0131rd\u0131! Y\u0131llar sonra ilk kez kamera kar\u015f\u0131s\u0131nda"},"content":{"rendered":"<p>Yetenekli \u015fark\u0131c\u0131, oyuncu ve TV sunucusu Seda Sayan, Ayak\u00e7\u0131 filminde komedi rol\u00fcyle beyazperdeye geri d\u00f6n\u00fcyor. Y\u0131llarca m\u00fczik kariyerine ve televizyon sunuculu\u011funa odakland\u0131ktan sonra Sayan, oyunculu\u011fa merakla beklenen d\u00f6n\u00fc\u015f\u00fcn\u00fc yapt\u0131. Ayak\u00e7\u0131&#8217;da konuk oyuncu olarak kamera kar\u015f\u0131s\u0131nda ge\u00e7en Sayan rol gere\u011fi Ula\u015f \u0130nan Torun&#8217;un kafas\u0131nda \u015fi\u015fe k\u0131rd\u0131.<\/p>\n<h3>SEDA SAYAN OYUNCUNUN KAFASINDA \u015e\u0130\u015eE KIRDI<\/h3>\n<p>Ayak\u00e7\u0131&#8217;da Sayan, pavyon kad\u0131n\u0131 olan \u201cEmanet\u201d adl\u0131 bir karakteri oynuyor. Filmdeki rol\u00fcnde en \u00e7ok konu\u015fulan anlar\u0131ndan biri, Ula\u015f \u0130nan Torun&#8217;un karakterinin kafas\u0131na bir \u015fi\u015fe k\u0131rd\u0131\u011f\u0131 sahne oldu. Filmdeki bu yo\u011fun ve komik an, izleyiciler aras\u0131nda ilgi uyand\u0131rd\u0131. Sayan&#8217;\u0131n y\u0131llar sonra ilk \u00f6nemli ekran rol\u00fcn\u00fc i\u015faret ediyor ve \u00e7ok y\u00f6nl\u00fc oyunculuk becerilerini bir kez daha g\u00f6stermesini sa\u011fl\u0131yor.<\/p>\n<div style=\"width: 640px;\" class=\"wp-video\"><!--[if lt IE 9]><script>document.createElement('video');<\/script><![endif]-->\n<video class=\"wp-video-shortcode\" id=\"video-141182-1\" width=\"640\" height=\"709\" preload=\"metadata\" controls=\"controls\"><source type=\"video\/mp4\" src=\"https:\/\/www.tgrthaber.com\/mavikadin\/wp-content\/uploads\/WhatsApp-Video-2025-03-03-at-13.08.08.mp4?_=1\" \/><a href=\"https:\/\/www.tgrthaber.com\/mavikadin\/wp-content\/uploads\/WhatsApp-Video-2025-03-03-at-13.08.08.mp4\">https:\/\/www.tgrthaber.com\/mavikadin\/wp-content\/uploads\/WhatsApp-Video-2025-03-03-at-13.08.08.mp4<\/a><\/video><\/div>\n<hr \/>\n<h3>AYAK\u00c7I- FARKLI B\u0130R KOMED\u0130<\/h3>\n<p>Ayak\u00e7\u0131, milyon dolarl\u0131k bir ma\u011faza a\u00e7ma hayalleri kuran kurye G\u00f6khan Y\u0131k\u0131lkan&#8217;\u0131n oynad\u0131\u011f\u0131 Hayri karakteri etraf\u0131nda d\u00f6nen bir komedi-macera filmidir. Gizemli bir yasad\u0131\u015f\u0131 paketi teslim etmeye yanl\u0131\u015fl\u0131kla dahil olduktan sonra heyecan verici bir yolculu\u011fa \u00e7\u0131kar. Yetimhaneden \u00fcniversite mezunu olan Serkan&#8217;\u0131 canland\u0131ran Ula\u015f \u0130nan Torun da \u00f6nemli bir rol \u00fcstleniyor. Mustafa Kotan&#8217;\u0131n y\u00f6netti\u011fi ve Poll Films taraf\u0131ndan \u00fcretilen film, mizah\u0131 macerayla harmanlayarak izleyicilere e\u011flenceli bir deneyim sunuyor.<\/p>\n<p><img loading=\"lazy\" decoding=\"async\" class=\"alignnone wp-image-141204\" src=\"https:\/\/www.tgrthaber.com\/mavikadin\/wp-content\/uploads\/2-305.png\" alt=\"\" width=\"1208\" height=\"680\" title=\"\" srcset=\"https:\/\/www.tgrthaber.com\/mavikadin\/wp-content\/uploads\/2-305.png 1280w, https:\/\/www.tgrthaber.com\/mavikadin\/wp-content\/uploads\/2-305-300x169.png 300w, https:\/\/www.tgrthaber.com\/mavikadin\/wp-content\/uploads\/2-305-1024x576.png 1024w, https:\/\/www.tgrthaber.com\/mavikadin\/wp-content\/uploads\/2-305-768x432.png 768w\" sizes=\"(max-width: 1208px) 100vw, 1208px\" \/><\/p>\n<hr \/>\n<h3>SEDA SAYAN VE KAR\u0130YER\u0130<\/h3>\n<p>Seda Sayan, T\u00fcrkiye&#8217;nin e\u011flence sekt\u00f6r\u00fcnde parlak bir kariyere sahip. 1959 do\u011fumlu Sayan, \u015fark\u0131c\u0131, oyuncu ve TV sunucusu olarak tan\u0131n\u0131yor. 1980&#8217;lerde ve 1990&#8217;larda m\u00fczi\u011fi ve oyunculu\u011fuyla yayg\u0131n bir pop\u00fclerlik kazand\u0131 ve T\u00fcrk pop k\u00fclt\u00fcr\u00fcn\u00fcn \u00f6nde gelen isimlerinden biri oldu. Ayak\u00e7\u0131, etkileyici kariyerinde bir ad\u0131m daha atarak e\u011flence d\u00fcnyas\u0131nda hala g\u00fc\u00e7l\u00fc bir varl\u0131\u011fa sahip oldu\u011funu g\u00f6steriyor. Y\u0131llarca ba\u015fka projelere odakland\u0131ktan sonra oyunculu\u011fa d\u00f6n\u00fc\u015f\u00fc, T\u00fcrk sinemas\u0131ndaki \u00e7ok y\u00f6nl\u00fcl\u00fc\u011f\u00fcn\u00fcn ve devam eden \u00f6neminin bir kan\u0131t\u0131.<\/p>\n<p><img loading=\"lazy\" decoding=\"async\" class=\"alignnone wp-image-141207\" src=\"https:\/\/www.tgrthaber.com\/mavikadin\/wp-content\/uploads\/5-164.png\" alt=\"\" width=\"1208\" height=\"680\" title=\"\" srcset=\"https:\/\/www.tgrthaber.com\/mavikadin\/wp-content\/uploads\/5-164.png 1280w, https:\/\/www.tgrthaber.com\/mavikadin\/wp-content\/uploads\/5-164-300x169.png 300w, https:\/\/www.tgrthaber.com\/mavikadin\/wp-content\/uploads\/5-164-1024x576.png 1024w, https:\/\/www.tgrthaber.com\/mavikadin\/wp-content\/uploads\/5-164-768x432.png 768w\" sizes=\"(max-width: 1208px) 100vw, 1208px\" \/><\/p>\n<hr \/>\n<h3>ULA\u015e \u0130NAN TORUN K\u0130MD\u0130R?<\/h3>\n<p>1985 do\u011fumlu Ula\u015f \u0130nan Torun, T\u00fcrkiye&#8217;de tan\u0131nm\u0131\u015f bir akt\u00f6rd\u00fcr. \u00c7e\u015fitli tiyatro, televizyon ve film projelerindeki performanslar\u0131yla tan\u0131nd\u0131. Ayak\u00e7\u0131&#8217;da zeki ve h\u0131rsl\u0131 bir karakter olan Serkan&#8217;\u0131 oynamas\u0131, hem komedi hem de drama yetene\u011fini sergiliyor. Torun&#8217;un filmdeki Sayan ile kimyas\u0131 da izleyiciler taraf\u0131ndan \u00f6v\u00fcld\u00fc.<\/p>\n<p><img loading=\"lazy\" decoding=\"async\" class=\"alignnone wp-image-141205\" src=\"https:\/\/www.tgrthaber.com\/mavikadin\/wp-content\/uploads\/3-305.png\" alt=\"\" width=\"1208\" height=\"680\" title=\"\" srcset=\"https:\/\/www.tgrthaber.com\/mavikadin\/wp-content\/uploads\/3-305.png 1280w, https:\/\/www.tgrthaber.com\/mavikadin\/wp-content\/uploads\/3-305-300x169.png 300w, https:\/\/www.tgrthaber.com\/mavikadin\/wp-content\/uploads\/3-305-1024x576.png 1024w, https:\/\/www.tgrthaber.com\/mavikadin\/wp-content\/uploads\/3-305-768x432.png 768w\" sizes=\"(max-width: 1208px) 100vw, 1208px\" \/><\/p>\n<hr \/>\n<p>Seda Sayan&#8217;\u0131n Ayak\u00e7\u0131 ile ekrana d\u00f6n\u00fc\u015f\u00fc hayranlar\u0131 ve sinemaseverler aras\u0131nda heyecan olu\u015fturdu. Filmdeki performans\u0131, yetene\u011finin ve \u00e7ekicili\u011finin her zamanki kadar g\u00fc\u00e7l\u00fc oldu\u011funu kan\u0131tl\u0131yor. Ayak\u00e7\u0131, Sayan ve Torun&#8217;un hem komedi, macera hem de unutulmaz performanslar\u0131n\u0131n bir araya geldi\u011fi e\u011flenceli ve keyifli bir film deneyimi olmu\u015f.<\/p>\n","protected":false},"excerpt":{"rendered":"<p>Y\u0131llarca m\u00fczik kariyerine ve televizyon sunuculu\u011funa odaklanan Seda Sayan, Ayak\u00e7\u0131 filminde b\u00fcy\u00fck merakla beklenen bir d\u00f6n\u00fc\u015f yap\u0131yor. \u015eark\u0131c\u0131, oyuncu ve TV ki\u015fili\u011fi olarak yetene\u011fiyle bilinen Sayan&#8217;\u0131n oyunculu\u011fa d\u00f6n\u00fc\u015f\u00fc hayranlar\u0131 ve sinema tutkunlar\u0131 aras\u0131nda heyecan olu\u015fturdu. Ayak\u00e7\u0131 filminde, karakterinin unutulmaz an\u0131n\u0131n Ula\u015f \u0130nan Torun ile ya\u015fad\u0131\u011f\u0131 dramatik bir sahneyi i\u00e7erdi\u011fi \u00f6nemli bir yard\u0131mc\u0131 rol \u00fcstleniyor. Bu, y\u0131llar sonra ilk b\u00fcy\u00fck film rol\u00fc ve d\u00f6n\u00fc\u015f\u00fc, bu b\u00fcy\u00fck merakla beklenen komedinin en \u00f6nemli anlar\u0131ndan biri. Filmi ve Seda Sayan&#8217;\u0131n sinema d\u00fcnyas\u0131na \u00f6nemli d\u00f6n\u00fc\u015f\u00fcn\u00fc daha yak\u0131ndan inceleyelim.<\/p>\n","protected":false},"author":28,"featured_media":141208,"comment_status":"closed","ping_status":"closed","sticky":false,"template":"","format":"standard","meta":{"rank_math_lock_modified_date":true,"footnotes":""},"categories":[101],"tags":[12742,2811,12743],"class_list":["post-141182","post","type-post","status-publish","format-standard","has-post-thumbnail","hentry","category-kesfet","tag-ayakci-filmi","tag-seda-sayan","tag-ulas-inan-torun"],"_links":{"self":[{"href":"https:\/\/www.tgrthaber.com\/mavikadin\/wp-json\/wp\/v2\/posts\/141182"}],"collection":[{"href":"https:\/\/www.tgrthaber.com\/mavikadin\/wp-json\/wp\/v2\/posts"}],"about":[{"href":"https:\/\/www.tgrthaber.com\/mavikadin\/wp-json\/wp\/v2\/types\/post"}],"author":[{"embeddable":true,"href":"https:\/\/www.tgrthaber.com\/mavikadin\/wp-json\/wp\/v2\/users\/28"}],"replies":[{"embeddable":true,"href":"https:\/\/www.tgrthaber.com\/mavikadin\/wp-json\/wp\/v2\/comments?post=141182"}],"version-history":[{"count":5,"href":"https:\/\/www.tgrthaber.com\/mavikadin\/wp-json\/wp\/v2\/posts\/141182\/revisions"}],"predecessor-version":[{"id":141213,"href":"https:\/\/www.tgrthaber.com\/mavikadin\/wp-json\/wp\/v2\/posts\/141182\/revisions\/141213"}],"wp:featuredmedia":[{"embeddable":true,"href":"https:\/\/www.tgrthaber.com\/mavikadin\/wp-json\/wp\/v2\/media\/141208"}],"wp:attachment":[{"href":"https:\/\/www.tgrthaber.com\/mavikadin\/wp-json\/wp\/v2\/media?parent=141182"}],"wp:term":[{"taxonomy":"category","embeddable":true,"href":"https:\/\/www.tgrthaber.com\/mavikadin\/wp-json\/wp\/v2\/categories?post=141182"},{"taxonomy":"post_tag","embeddable":true,"href":"https:\/\/www.tgrthaber.com\/mavikadin\/wp-json\/wp\/v2\/tags?post=141182"}],"curies":[{"name":"wp","href":"https:\/\/api.w.org\/{rel}","templated":true}]}}