{"id":141330,"date":"2025-03-03T16:20:34","date_gmt":"2025-03-03T13:20:34","guid":{"rendered":"https:\/\/www.tgrthaber.com\/mavikadin\/?p=141330"},"modified":"2025-03-03T16:23:07","modified_gmt":"2025-03-03T13:23:07","slug":"cagatay-ulusoy-esref-karakteriyle-izleyici-karsisina-cikmaya-hazir-bolum-basina-alacagi-ucret-ise-dudak-ucuklatiyor","status":"publish","type":"post","link":"https:\/\/www.tgrthaber.com\/mavikadin\/cagatay-ulusoy-esref-karakteriyle-izleyici-karsisina-cikmaya-hazir-bolum-basina-alacagi-ucret-ise-dudak-ucuklatiyor\/","title":{"rendered":"\u00c7a\u011fatay Ulusoy \u201cE\u015fref\u201d karakteriyle izleyici kar\u015f\u0131s\u0131na \u00e7\u0131kmaya haz\u0131r! B\u00f6l\u00fcm ba\u015f\u0131na alaca\u011f\u0131 \u00fccret ise dudak u\u00e7uklat\u0131yor"},"content":{"rendered":"<p>Kanal D ekranlar\u0131n\u0131n iddial\u0131 dizileri aras\u0131nda yer alan \u201cE\u015fref R\u00fcya\u201d, izleyici ile bulu\u015fmaya haz\u0131rlan\u0131yor. \u0130zleyici taraf\u0131ndan sab\u0131rs\u0131zl\u0131kla beklenen dizi ekran maceras\u0131na ba\u015flamak i\u00e7in g\u00fcn say\u0131yor. Yo\u011fun bir haz\u0131rl\u0131k d\u00f6neminin ard\u0131ndan \u201cE\u015fref\u201d karakteriyle izleyici kar\u015f\u0131s\u0131na \u00e7\u0131kacak olan \u00c7a\u011fatay Ulusoy\u2019un b\u00f6l\u00fcm ba\u015f\u0131na alaca\u011f\u0131 \u00fccret ise dudak u\u00e7uklat\u0131yor.<\/p>\n<h3>\u00c7A\u011eATAY ULUSOY \u201cE\u015eREF\u201d KARAKTER\u0130YLE \u0130ZLEY\u0130C\u0130 KAR\u015eISINA \u00c7IKMAYA HAZIR!<\/h3>\n<p>Yap\u0131m\u0131n\u0131 Tims&amp;B\u2019nin, yap\u0131mc\u0131l\u0131\u011f\u0131n\u0131 ise Timur Savc\u0131 ve Burak Sa\u011fya\u015far\u2019\u0131n \u00fcstlendi\u011fi, y\u00f6netmen koltu\u011funda Ulu\u00e7 Bayraktar\u2019\u0131n oturdu\u011fu, senaryosunu ise Ethem \u00d6z\u0131\u015f\u0131k ve Lokman Maral\u2019\u0131n kaleme ald\u0131\u011f\u0131 E\u015fref R\u00fcya dizisi,\u00a0izleyiciyi ekran ba\u015f\u0131na kilitlemeye haz\u0131rlan\u0131yor.<\/p>\n<p>Kanal D ekranlar\u0131n\u0131n iddial\u0131 dizileri aras\u0131nda yer alan dizi yak\u0131n zamanda seyirci ile bulu\u015fmaya haz\u0131rlan\u0131yor. Ba\u015frollerinde \u00c7a\u011fatay Ulusoy ve Demet \u00d6zdemir gibi ba\u015far\u0131l\u0131 oyuncular\u0131n yer ald\u0131\u011f\u0131 dizi, ilk tan\u0131t\u0131m\u0131yla b\u00fcy\u00fck ses getirmi\u015f ve sosyal medyay\u0131 sallam\u0131\u015ft\u0131.<\/p>\n<p><img loading=\"lazy\" decoding=\"async\" class=\"alignnone wp-image-141333\" src=\"https:\/\/www.tgrthaber.com\/mavikadin\/wp-content\/uploads\/Esref-Ruya-8-1024x576.jpg\" alt=\"\u00c7a\u011fatay Ulusoy \u201cE\u015fref\u201d karakteriyle izleyici kar\u015f\u0131s\u0131na \u00e7\u0131kmaya haz\u0131r! \" width=\"1208\" height=\"680\" title=\"\" srcset=\"https:\/\/www.tgrthaber.com\/mavikadin\/wp-content\/uploads\/Esref-Ruya-8-1024x576.jpg 1024w, https:\/\/www.tgrthaber.com\/mavikadin\/wp-content\/uploads\/Esref-Ruya-8-300x169.jpg 300w, https:\/\/www.tgrthaber.com\/mavikadin\/wp-content\/uploads\/Esref-Ruya-8-768x432.jpg 768w, https:\/\/www.tgrthaber.com\/mavikadin\/wp-content\/uploads\/Esref-Ruya-8-1536x864.jpg 1536w, https:\/\/www.tgrthaber.com\/mavikadin\/wp-content\/uploads\/Esref-Ruya-8.jpg 1600w\" sizes=\"(max-width: 1208px) 100vw, 1208px\" \/><\/p>\n<hr \/>\n<p>Ekran maceras\u0131na \u00e7ok yak\u0131nda ba\u015flayacak olan dizinin haz\u0131rl\u0131klar\u0131 tamamland\u0131. Dizinin ba\u015frol oyuncular\u0131ndan \u00c7a\u011fatay Ulusoy ise yo\u011fun bir haz\u0131rl\u0131k d\u00f6neminin ard\u0131ndan \u201cE\u015fref\u201d karakteriyle izleyici kar\u015f\u0131s\u0131na \u00e7\u0131kmaya haz\u0131r oldu\u011fu g\u00f6r\u00fcld\u00fc.<\/p>\n<p>Dizinin ilk b\u00f6l\u00fcm\u00fcnden karelerin yay\u0131nlanmas\u0131yla birlikte \u201cE\u015fref\u201d karakterini oynayacak Ulusoy, sosyal medyaya damga vurdu. Ulusoy, \u201cE\u015fref\u201d karakterin \u00fczerine oturmas\u0131yla birlikte dikkatleri \u00fczerine \u00e7ekti.<\/p>\n<p><img loading=\"lazy\" decoding=\"async\" class=\"alignnone wp-image-141338\" src=\"https:\/\/www.tgrthaber.com\/mavikadin\/wp-content\/uploads\/Esref-Ruya-4-1-1024x576.jpg\" alt=\"\u00c7a\u011fatay Ulusoy \u201cE\u015fref\u201d karakteriyle izleyici kar\u015f\u0131s\u0131na \u00e7\u0131kmaya haz\u0131r! \" width=\"1208\" height=\"680\" title=\"\" srcset=\"https:\/\/www.tgrthaber.com\/mavikadin\/wp-content\/uploads\/Esref-Ruya-4-1-1024x576.jpg 1024w, https:\/\/www.tgrthaber.com\/mavikadin\/wp-content\/uploads\/Esref-Ruya-4-1-300x169.jpg 300w, https:\/\/www.tgrthaber.com\/mavikadin\/wp-content\/uploads\/Esref-Ruya-4-1-768x432.jpg 768w, https:\/\/www.tgrthaber.com\/mavikadin\/wp-content\/uploads\/Esref-Ruya-4-1-1536x864.jpg 1536w, https:\/\/www.tgrthaber.com\/mavikadin\/wp-content\/uploads\/Esref-Ruya-4-1.jpg 1600w\" sizes=\"(max-width: 1208px) 100vw, 1208px\" \/><\/p>\n<hr \/>\n<h3>\u00c7A\u011eATAY ULUSOY E\u015eREF KARAKTER\u0130YLE D\u0130KKAT \u00c7EK\u0130YOR!<\/h3>\n<p>Ba\u015frollerinde \u00c7a\u011fatay Ulusoy ve Demet \u00d6zdemir\u2019in yer alaca\u011f\u0131 \u201cE\u015fref R\u00fcya\u201d dizisi \u015fimdiden seyirciyi ekran ba\u015f\u0131na kilitleyecek gibi duruyor. Daha ilk fragman\u0131n yay\u0131nlanmas\u0131yla birlikte b\u00fcy\u00fck ses getiren dizi, ekran maceras\u0131na ba\u015flamas\u0131yla birlikte reytinglerde zirve yapacak.<\/p>\n<p>Ekranlara yeni bir soluk getirecek E\u015fref R\u00fcya dizisi, E\u015fref\u2019in gizemli d\u00fcnyas\u0131n\u0131n kap\u0131lar\u0131n\u0131n Nisan\u2019la kar\u015f\u0131la\u015fmas\u0131n\u0131n ard\u0131ndan yeniden a\u015fka a\u00e7\u0131lmas\u0131yla b\u00fcy\u00fck bir seyir zevki ya\u015fatacak. \u00c7a\u011fatay Ulusoy, dizide g\u00f6z\u00fc kara, paras\u0131 ve her \u015feyi olan ama ismini bilmedi\u011fi bir a\u015fk\u0131n esiri E\u015fref\u2019i oynarken, Demet \u00d6zdemir ise R\u00fcya\u2019dan sonra E\u015fref\u2019in kalbini ilk defa att\u0131ran gen\u00e7 m\u00fczisyen Nisan rol\u00fcn\u00fc oynayacak.<\/p>\n<p><img loading=\"lazy\" decoding=\"async\" class=\"alignnone wp-image-141334\" src=\"https:\/\/www.tgrthaber.com\/mavikadin\/wp-content\/uploads\/Esref-Ruya-2-5-1024x576.jpg\" alt=\"\u00c7a\u011fatay Ulusoy \u201cE\u015fref\u201d karakteriyle izleyici kar\u015f\u0131s\u0131na \u00e7\u0131kmaya haz\u0131r! \" width=\"1208\" height=\"680\" title=\"\" srcset=\"https:\/\/www.tgrthaber.com\/mavikadin\/wp-content\/uploads\/Esref-Ruya-2-5-1024x576.jpg 1024w, https:\/\/www.tgrthaber.com\/mavikadin\/wp-content\/uploads\/Esref-Ruya-2-5-300x169.jpg 300w, https:\/\/www.tgrthaber.com\/mavikadin\/wp-content\/uploads\/Esref-Ruya-2-5-768x432.jpg 768w, https:\/\/www.tgrthaber.com\/mavikadin\/wp-content\/uploads\/Esref-Ruya-2-5-1536x864.jpg 1536w, https:\/\/www.tgrthaber.com\/mavikadin\/wp-content\/uploads\/Esref-Ruya-2-5.jpg 1600w\" sizes=\"(max-width: 1208px) 100vw, 1208px\" \/><\/p>\n<hr \/>\n<p>Zorlu bir d\u00fcnya i\u00e7erisinde g\u00fc\u00e7 dengelerini de\u011fi\u015ftiren E\u015fref\u2019in en b\u00fcy\u00fck zaaf\u0131, y\u0131llard\u0131r i\u00e7inde b\u00fcy\u00fctt\u00fc\u011f\u00fc a\u015fk olacak. Kalbindeki derin yara ise Nisan\u2019\u0131n geli\u015fi ile ilk kez iyile\u015fmeye ba\u015flayacak.<\/p>\n<p>Bir yanda yeralt\u0131 \u00f6rg\u00fctlerinin ba\u015f\u0131nda olmak gibi a\u011f\u0131r bir sorumluluk ta\u015f\u0131yan E\u015fref\u2019in di\u011fer yanda hep istedi\u011fi huzur aray\u0131\u015f\u0131 bitmek bilmeyecek. Kar\u015f\u0131s\u0131na beklenmedik bir anda \u00e7\u0131kan Nisan ise onu tahmin edilemeyecek bir r\u00fczg\u00e2r\u0131n i\u00e7ine s\u00fcr\u00fckleyecek.<\/p>\n<h3>E\u015eREF R\u00dcYA D\u0130Z\u0130S\u0130N\u0130N N\u0130SAN\u2019I DEMET \u00d6ZDEM\u0130R B\u00d6L\u00dcM BA\u015eI NE KADAR KAZANACAK?<\/h3>\n<p>Kanal D ekranlar\u0131nda ekran maceras\u0131na ba\u015flayacak dizide ba\u015far\u0131l\u0131 oyuncu Demet \u00d6zdemir, \u201cNisan\u201d karakterini oynayacak. \u00c7a\u011fatay Ulusoy ile ba\u015frol payla\u015facak olan \u00d6zdemir\u2019in b\u00f6l\u00fcm ba\u015f\u0131na alaca\u011f\u0131 \u00fccret merak ediliyor. Peki, E\u015fref R\u00fcya dizisinin Nisan\u2019\u0131 Demet \u00d6zdemir, diziden b\u00f6l\u00fcm ba\u015f\u0131 ne kadar kazanacak?<\/p>\n<p><img loading=\"lazy\" decoding=\"async\" class=\"alignnone wp-image-141336\" src=\"https:\/\/www.tgrthaber.com\/mavikadin\/wp-content\/uploads\/Esref-Ruya-5-2-1024x576.jpg\" alt=\"\u00c7a\u011fatay Ulusoy \u201cE\u015fref\u201d karakteriyle izleyici kar\u015f\u0131s\u0131na \u00e7\u0131kmaya haz\u0131r! \" width=\"1208\" height=\"680\" title=\"\" srcset=\"https:\/\/www.tgrthaber.com\/mavikadin\/wp-content\/uploads\/Esref-Ruya-5-2-1024x576.jpg 1024w, https:\/\/www.tgrthaber.com\/mavikadin\/wp-content\/uploads\/Esref-Ruya-5-2-300x169.jpg 300w, https:\/\/www.tgrthaber.com\/mavikadin\/wp-content\/uploads\/Esref-Ruya-5-2-768x432.jpg 768w, https:\/\/www.tgrthaber.com\/mavikadin\/wp-content\/uploads\/Esref-Ruya-5-2-1536x864.jpg 1536w, https:\/\/www.tgrthaber.com\/mavikadin\/wp-content\/uploads\/Esref-Ruya-5-2.jpg 1600w\" sizes=\"(max-width: 1208px) 100vw, 1208px\" \/><\/p>\n<hr \/>\n<p>E\u015fref R\u00fcya dizisinin ba\u015frol oyuncular\u0131 aras\u0131nda yer alan Demet \u00d6zdemir, ba\u015far\u0131l\u0131 oyunculu\u011fuyla dikkat \u00e7ekiyor. \u00d6zdemir\u2019in m\u00fczisyen bir kad\u0131n\u0131 oynayaca\u011f\u0131 dizide b\u00f6l\u00fcm ba\u015f\u0131na alaca\u011f\u0131 \u00fccret ise dudak u\u00e7uklat\u0131yor. Nisan karakteriyle uzun bir s\u00fcrenin ard\u0131ndan izleyici kar\u015f\u0131s\u0131na \u00e7\u0131kacak olan Demet \u00d6zdemir\u2019in b\u00f6l\u00fcm ba\u015f\u0131na 1,5 milyon TL alaca\u011f\u0131 konu\u015fuluyor.<\/p>\n<h3>\u00c7A\u011eATAY ULUSOY\u2019UN B\u00d6L\u00dcM BA\u015eINA ALACA\u011eI \u00dcCRET \u0130SE DUDAK U\u00c7UKLATIYOR!<\/h3>\n<p>Kanal D ekranlar\u0131nda ekran maceras\u0131na ba\u015flayacak dizide ba\u015far\u0131l\u0131 oyuncu \u00c7a\u011fatay Ulusoy, \u201cE\u015fref\u201d karakterini oynayacak. Demet \u00d6zdemir ile ba\u015frol payla\u015facak olan Ulusoy\u2019un b\u00f6l\u00fcm ba\u015f\u0131na alaca\u011f\u0131 \u00fccret adeta dudak u\u00e7uklat\u0131yor. Peki, E\u015fref R\u00fcya dizisinin E\u015fref\u2019i \u00c7a\u011fatay Ulusoy, diziden b\u00f6l\u00fcm ba\u015f\u0131 ne kadar kazanacak?<\/p>\n<p><img loading=\"lazy\" decoding=\"async\" class=\"alignnone wp-image-141337\" src=\"https:\/\/www.tgrthaber.com\/mavikadin\/wp-content\/uploads\/Esref-Ruya-3-5-1024x576.jpg\" alt=\"\u00c7a\u011fatay Ulusoy \u201cE\u015fref\u201d karakteriyle izleyici kar\u015f\u0131s\u0131na \u00e7\u0131kmaya haz\u0131r! \" width=\"1208\" height=\"680\" title=\"\" srcset=\"https:\/\/www.tgrthaber.com\/mavikadin\/wp-content\/uploads\/Esref-Ruya-3-5-1024x576.jpg 1024w, https:\/\/www.tgrthaber.com\/mavikadin\/wp-content\/uploads\/Esref-Ruya-3-5-300x169.jpg 300w, https:\/\/www.tgrthaber.com\/mavikadin\/wp-content\/uploads\/Esref-Ruya-3-5-768x432.jpg 768w, https:\/\/www.tgrthaber.com\/mavikadin\/wp-content\/uploads\/Esref-Ruya-3-5-1536x864.jpg 1536w, https:\/\/www.tgrthaber.com\/mavikadin\/wp-content\/uploads\/Esref-Ruya-3-5.jpg 1600w\" sizes=\"(max-width: 1208px) 100vw, 1208px\" \/><\/p>\n<hr \/>\n<p>E\u015fref R\u00fcya dizisinin ba\u015frol oyuncular\u0131 aras\u0131nda yer alan \u00c7a\u011fatay Ulusoy, uzun s\u00fcredir televizyon ekranlar\u0131nda g\u00f6r\u00fcnmemesiyle dikkat \u00e7ekiyor. Ba\u015far\u0131l\u0131 oyunculu\u011fuyla kendine hayran b\u0131rakan Ulusoy, \u201cE\u015fref\u201d karakteriyle izleyici kar\u015f\u0131s\u0131na \u00e7\u0131kmaya haz\u0131rlan\u0131yor. Ulusoy\u2019un yeralt\u0131 d\u00fcnyas\u0131ndan bir adam\u0131 oynayaca\u011f\u0131 dizide b\u00f6l\u00fcm ba\u015f\u0131na kazanaca\u011f\u0131 \u00fccret dudak u\u00e7uklat\u0131yor. \u00c7a\u011fatay Ulusoy\u2019un E\u015fref R\u00fcya dizisinden b\u00f6l\u00fcm ba\u015f\u0131na 3,5 milyon TL alaca\u011f\u0131 s\u00f6yleniyor. Ge\u00e7ti\u011fimiz sezon \u201cGaddar\u201d dizisiyle 2,5 milyon TL\u2019ye anla\u015fan Ulusoy\u2019un yeni sezonda kendi rekorunu k\u0131rarak 3,5 milyon TL kazanaca\u011f\u0131 konu\u015fuluyor.<\/p>\n","protected":false},"excerpt":{"rendered":"<p>\u00c7a\u011fatay Ulusoy, yo\u011fun bir haz\u0131rl\u0131k d\u00f6neminin ard\u0131ndan \u201cE\u015fref\u201d karakteriyle izleyici kar\u015f\u0131s\u0131na \u00e7\u0131kmaya haz\u0131rlan\u0131yor. Ba\u015far\u0131l\u0131 oyuncunun b\u00f6l\u00fcm ba\u015f\u0131na ald\u0131\u011f\u0131 \u00fccret ise dudak u\u00e7uklat\u0131yor. \u0130\u015fte detaylar\u2026 <\/p>\n","protected":false},"author":26,"featured_media":141331,"comment_status":"closed","ping_status":"closed","sticky":false,"template":"","format":"standard","meta":{"rank_math_lock_modified_date":false,"footnotes":""},"categories":[76],"tags":[2765,2570,10511,4755,12293,11026,4756],"class_list":["post-141330","post","type-post","status-publish","format-standard","has-post-thumbnail","hentry","category-magazin","tag-cagatay-ulusoy","tag-demet-ozdemir","tag-demet-ozdemir-esref-ruya","tag-esref-ruya","tag-esref-ruya-cagatay-ulusoy","tag-esref-ruya-dizi","tag-esref-ruya-dizisi"],"_links":{"self":[{"href":"https:\/\/www.tgrthaber.com\/mavikadin\/wp-json\/wp\/v2\/posts\/141330"}],"collection":[{"href":"https:\/\/www.tgrthaber.com\/mavikadin\/wp-json\/wp\/v2\/posts"}],"about":[{"href":"https:\/\/www.tgrthaber.com\/mavikadin\/wp-json\/wp\/v2\/types\/post"}],"author":[{"embeddable":true,"href":"https:\/\/www.tgrthaber.com\/mavikadin\/wp-json\/wp\/v2\/users\/26"}],"replies":[{"embeddable":true,"href":"https:\/\/www.tgrthaber.com\/mavikadin\/wp-json\/wp\/v2\/comments?post=141330"}],"version-history":[{"count":3,"href":"https:\/\/www.tgrthaber.com\/mavikadin\/wp-json\/wp\/v2\/posts\/141330\/revisions"}],"predecessor-version":[{"id":141339,"href":"https:\/\/www.tgrthaber.com\/mavikadin\/wp-json\/wp\/v2\/posts\/141330\/revisions\/141339"}],"wp:featuredmedia":[{"embeddable":true,"href":"https:\/\/www.tgrthaber.com\/mavikadin\/wp-json\/wp\/v2\/media\/141331"}],"wp:attachment":[{"href":"https:\/\/www.tgrthaber.com\/mavikadin\/wp-json\/wp\/v2\/media?parent=141330"}],"wp:term":[{"taxonomy":"category","embeddable":true,"href":"https:\/\/www.tgrthaber.com\/mavikadin\/wp-json\/wp\/v2\/categories?post=141330"},{"taxonomy":"post_tag","embeddable":true,"href":"https:\/\/www.tgrthaber.com\/mavikadin\/wp-json\/wp\/v2\/tags?post=141330"}],"curies":[{"name":"wp","href":"https:\/\/api.w.org\/{rel}","templated":true}]}}