{"id":141408,"date":"2025-03-03T18:51:39","date_gmt":"2025-03-03T15:51:39","guid":{"rendered":"https:\/\/www.tgrthaber.com\/mavikadin\/?p=141408"},"modified":"2025-03-03T18:58:11","modified_gmt":"2025-03-03T15:58:11","slug":"orhan-gencebaydan-edip-akbayrama-duygulandiran-veda-paylastigi-videoya-begeni-yagdi","status":"publish","type":"post","link":"https:\/\/www.tgrthaber.com\/mavikadin\/orhan-gencebaydan-edip-akbayrama-duygulandiran-veda-paylastigi-videoya-begeni-yagdi\/","title":{"rendered":"Orhan Gencebay\u2019dan Edip Akbayram\u2019a duyguland\u0131ran veda! Payla\u015ft\u0131\u011f\u0131 videoya be\u011feni ya\u011fd\u0131"},"content":{"rendered":"<p class=\"p1\">T\u00fcrk m\u00fczi\u011finin efsane isimlerinden Edip Akbayram, uzun s\u00fcredir tedavi g\u00f6rd\u00fc\u011f\u00fc Haydarpa\u015fa Numune E\u011fitim ve Ara\u015ft\u0131rma Hastanesi\u2019nde hayata g\u00f6zlerini yumdu. 75 ya\u015f\u0131ndaki usta sanat\u00e7\u0131, zat\u00fcrre sonras\u0131 geli\u015fen i\u00e7 kanama ve \u00e7oklu organ yetmezli\u011fi nedeniyle d\u00fcn ak\u015fam saatlerinde vefat etti. Sanat camias\u0131, bu b\u00fcy\u00fck kay\u0131p kar\u015f\u0131s\u0131nda derin bir \u00fcz\u00fcnt\u00fc ya\u015farken, pek \u00e7ok isim Akbayram i\u00e7in taziye mesaj\u0131 yay\u0131nlad\u0131. O isimlerden biri de m\u00fczi\u011fin duayenlerinden Orhan Gencebay oldu. Gencebay, yay\u0131mlad\u0131\u011f\u0131 taziye mesaj\u0131nda Edip Akbayram\u2019a duydu\u011fu sayg\u0131y\u0131 ve ya\u015fad\u0131\u011f\u0131 \u00fcz\u00fcnt\u00fcs\u00fcn\u00fc dile getirerek hayranlar\u0131n\u0131 duyguland\u0131rd\u0131.<\/p>\n<h3>\u0130\u00c7 KANAMA NEDEN\u0130YLE YO\u011eUN BAKIMA ALINMI\u015eTI<\/h3>\n<p class=\"p1\">T\u00fcrk m\u00fczi\u011finin efsane isimlerinden Edip Akbayram, uzun s\u00fcredir m\u00fccadele etti\u011fi sa\u011fl\u0131k sorunlar\u0131na yenik d\u00fc\u015ferek hayata veda etti. 4 Ocak\u2019tan bu yana Haydarpa\u015fa Numune E\u011fitim ve Ara\u015ft\u0131rma Hastanesi\u2019nde tedavi g\u00f6ren 75 ya\u015f\u0131ndaki sanat\u00e7\u0131, zat\u00fcrre sonras\u0131 geli\u015fen i\u00e7 kanama nedeniyle yo\u011fun bak\u0131ma al\u0131nm\u0131\u015ft\u0131. Ge\u00e7irdi\u011fi iki ameliyata ra\u011fmen sa\u011fl\u0131k durumu giderek k\u00f6t\u00fcle\u015fen usta sanat\u00e7\u0131, 19.30\u2019da \u00e7oklu organ yetmezli\u011fi sonucu ya\u015fam\u0131n\u0131 yitirdi.<\/p>\n<p><img loading=\"lazy\" decoding=\"async\" class=\"alignnone wp-image-141410 \" src=\"https:\/\/www.tgrthaber.com\/mavikadin\/wp-content\/uploads\/Ekran-Resmi-2025-03-03-18.41.29.png\" alt=\"\" width=\"992\" height=\"711\" title=\"\" srcset=\"https:\/\/www.tgrthaber.com\/mavikadin\/wp-content\/uploads\/Ekran-Resmi-2025-03-03-18.41.29.png 926w, https:\/\/www.tgrthaber.com\/mavikadin\/wp-content\/uploads\/Ekran-Resmi-2025-03-03-18.41.29-300x215.png 300w, https:\/\/www.tgrthaber.com\/mavikadin\/wp-content\/uploads\/Ekran-Resmi-2025-03-03-18.41.29-768x551.png 768w\" sizes=\"(max-width: 992px) 100vw, 992px\" \/><\/p>\n<hr \/>\n<h3 class=\"p1\"><b>SANAT D\u00dcNYASI YASA BO\u011eULDU\u00a0<\/b><b><\/b><\/h3>\n<p class=\"p1\">Edip Akbayram\u2019\u0131n vefat haberi, sanat d\u00fcnyas\u0131nda b\u00fcy\u00fck bir \u00fcz\u00fcnt\u00fcye neden oldu. Y\u0131llard\u0131r m\u00fczi\u011fiyle milyonlar\u0131n g\u00f6nl\u00fcnde taht kuran sanat\u00e7\u0131n\u0131n \u00f6l\u00fcm\u00fcyle birlikte pek \u00e7ok \u00fcnl\u00fc isim, sosyal medya hesaplar\u0131 \u00fczerinden ba\u015fsa\u011fl\u0131\u011f\u0131 mesajlar\u0131 payla\u015ft\u0131. Sanat\u00e7\u0131n\u0131n sevenleri, payla\u015f\u0131mlar\u0131nda Akbayram\u2019\u0131n T\u00fcrk m\u00fczi\u011findeki unutulmaz eserlerini hat\u0131rlatarak ona duyduklar\u0131 sevgiyi dile getirdi.<\/p>\n<h3 class=\"p1\"><b>ORHAN GENCEBAY&#8217;DAN ED\u0130P AKBAYRAM&#8217;A DUYGUSAL VEDA<\/b><\/h3>\n<p class=\"p1\">Sanat camias\u0131ndan bir\u00e7ok \u00fcnl\u00fc isim, Akbayram\u2019\u0131n ard\u0131ndan taziye mesajlar\u0131 yay\u0131nlarken, en dikkat \u00e7eken payla\u015f\u0131mlardan biri de usta sanat\u00e7\u0131 Orhan Gencebay\u2019a aitti. Gencebay, sosyal medya \u00fczerinden payla\u015ft\u0131\u011f\u0131 video ile Akbayram\u2019a duygusal bir veda etti. Orhan Gencebay\u2019\u0131n yay\u0131nlad\u0131\u011f\u0131 veda videosu, k\u0131sa s\u00fcrede sosyal medyada b\u00fcy\u00fck ilgi g\u00f6rd\u00fc.<\/p>\n<div style=\"width: 640px;\" class=\"wp-video\"><!--[if lt IE 9]><script>document.createElement('video');<\/script><![endif]-->\n<video class=\"wp-video-shortcode\" id=\"video-141408-1\" width=\"640\" height=\"1138\" preload=\"metadata\" controls=\"controls\"><source type=\"video\/mp4\" src=\"https:\/\/www.tgrthaber.com\/mavikadin\/wp-content\/uploads\/orhan.mp4?_=1\" \/><a href=\"https:\/\/www.tgrthaber.com\/mavikadin\/wp-content\/uploads\/orhan.mp4\">https:\/\/www.tgrthaber.com\/mavikadin\/wp-content\/uploads\/orhan.mp4<\/a><\/video><\/div>\n<h3>ED\u0130P AKBAYRAM K\u0130MD\u0130R?<\/h3>\n<p class=\"p1\">Edip Akbayram, 29 Aral\u0131k 1950\u2019de Gaziantep\u2019te d\u00fcnyaya geldi. Hen\u00fcz bebekken \u00e7ocuk felcine yakalanan Akbayram, bu zorlu hastal\u0131kla m\u00fccadele ederek b\u00fcy\u00fcd\u00fc. Ancak m\u00fczi\u011fe olan tutkusu, \u00e7ocukluk y\u0131llar\u0131nda t\u00fcm zorluklara ra\u011fmen hi\u00e7 eksilmedi. O d\u00f6nemi anlat\u0131rken, haftal\u0131\u011f\u0131n\u0131 biriktirerek \u00fcnl\u00fc sanat\u00e7\u0131lar\u0131n konserlerine gitti\u011fini ve eve d\u00f6nd\u00fc\u011f\u00fcnde aynan\u0131n kar\u015f\u0131s\u0131nda onlar\u0131 taklit etti\u011fini dile getirmi\u015fti.<\/p>\n<p><img loading=\"lazy\" decoding=\"async\" class=\"alignnone wp-image-141412 \" src=\"https:\/\/www.tgrthaber.com\/mavikadin\/wp-content\/uploads\/Ekran-Resmi-2025-03-03-18.43.11.png\" alt=\"\" width=\"990\" height=\"607\" title=\"\" srcset=\"https:\/\/www.tgrthaber.com\/mavikadin\/wp-content\/uploads\/Ekran-Resmi-2025-03-03-18.43.11.png 972w, https:\/\/www.tgrthaber.com\/mavikadin\/wp-content\/uploads\/Ekran-Resmi-2025-03-03-18.43.11-300x184.png 300w, https:\/\/www.tgrthaber.com\/mavikadin\/wp-content\/uploads\/Ekran-Resmi-2025-03-03-18.43.11-768x471.png 768w\" sizes=\"(max-width: 990px) 100vw, 990px\" \/><\/p>\n<hr \/>\n<p class=\"p1\">M\u00fczik sevdas\u0131, onu gen\u00e7 ya\u015flarda sahneye y\u00f6neltti. \u00c7ocukluk y\u0131llar\u0131nda kendi kurdu\u011fu orkestra ile d\u00fc\u011f\u00fcn salonlar\u0131nda m\u00fczik yaparak deneyim kazand\u0131. Lise y\u0131llar\u0131nda ise Pir Sultan Abdal ve Karacao\u011flan gibi halk ozanlar\u0131n\u0131n deyi\u015flerini besteleyerek seslendirmeye ba\u015flad\u0131. \u0130lk pla\u011f\u0131 <i>Kendim Ettim Kendim Buldum<\/i> da bu d\u00f6nemde ortaya \u00e7\u0131kt\u0131.<\/p>\n<p><img loading=\"lazy\" decoding=\"async\" class=\"alignnone wp-image-141413 size-full\" src=\"https:\/\/www.tgrthaber.com\/mavikadin\/wp-content\/uploads\/Ekran-Resmi-2025-03-03-18.43.18.png\" alt=\"\" width=\"986\" height=\"594\" title=\"\" srcset=\"https:\/\/www.tgrthaber.com\/mavikadin\/wp-content\/uploads\/Ekran-Resmi-2025-03-03-18.43.18.png 986w, https:\/\/www.tgrthaber.com\/mavikadin\/wp-content\/uploads\/Ekran-Resmi-2025-03-03-18.43.18-300x181.png 300w, https:\/\/www.tgrthaber.com\/mavikadin\/wp-content\/uploads\/Ekran-Resmi-2025-03-03-18.43.18-768x463.png 768w\" sizes=\"(max-width: 986px) 100vw, 986px\" \/><\/p>\n<hr \/>\n<p class=\"p1\">M\u00fczik kariyerine ad\u0131m att\u0131\u011f\u0131 ilk grup, <i>Siyah \u00d6r\u00fcmcekler<\/i> oldu. \u00c7\u0131kard\u0131klar\u0131 plak, <i>Siyah \u00d6r\u00fcmcekler-Gaziantep Orkestras\u0131<\/i> ve <i>Edip Akbayram ve Siyah \u00d6r\u00fcmcekler<\/i> ba\u015fl\u0131klar\u0131yla iki farkl\u0131 bask\u0131yla yay\u0131mland\u0131. Gaziantep\u2019ten sonra Adana, sanat\u00e7\u0131n\u0131n m\u00fczik yolculu\u011funda \u00f6nemli bir d\u00f6n\u00fcm noktas\u0131 oldu. Kurdu\u011fu orkestra ile ilk kez sahneye \u00e7\u0131kt\u0131\u011f\u0131 bu \u015fehirde, Beyaz Saray adl\u0131 gazinoda \u00e7al\u0131\u015farak sahne deneyimini daha da geli\u015ftirdi.<\/p>\n","protected":false},"excerpt":{"rendered":"<p>T\u00fcrk m\u00fczi\u011finin unutulmaz isimlerinden Edip Akbayram, uzun s\u00fcredir tedavi g\u00f6rd\u00fc\u011f\u00fc hastanede hayata veda etti. 75 ya\u015f\u0131nda ya\u015fam\u0131n\u0131 yitiren sanat\u00e7\u0131n\u0131n \u00f6l\u00fcm\u00fc, sevenlerini \u00fcz\u00fcnt\u00fcye bo\u011fdu. Sanat camias\u0131ndan bir\u00e7ok isim taziye mesajlar\u0131 payla\u015f\u0131rken, Orhan Gencebay\u2019\u0131n veda mesaj\u0131 duyguland\u0131rd\u0131. <\/p>\n","protected":false},"author":16,"featured_media":141414,"comment_status":"closed","ping_status":"closed","sticky":false,"template":"","format":"standard","meta":{"rank_math_lock_modified_date":false,"footnotes":""},"categories":[76],"tags":[12797,12796],"class_list":["post-141408","post","type-post","status-publish","format-standard","has-post-thumbnail","hentry","category-magazin","tag-orhan-gencebay-edip-akbayram-taziye-mesaji","tag-orhan-gencebay-edip-akbayram-veda"],"_links":{"self":[{"href":"https:\/\/www.tgrthaber.com\/mavikadin\/wp-json\/wp\/v2\/posts\/141408"}],"collection":[{"href":"https:\/\/www.tgrthaber.com\/mavikadin\/wp-json\/wp\/v2\/posts"}],"about":[{"href":"https:\/\/www.tgrthaber.com\/mavikadin\/wp-json\/wp\/v2\/types\/post"}],"author":[{"embeddable":true,"href":"https:\/\/www.tgrthaber.com\/mavikadin\/wp-json\/wp\/v2\/users\/16"}],"replies":[{"embeddable":true,"href":"https:\/\/www.tgrthaber.com\/mavikadin\/wp-json\/wp\/v2\/comments?post=141408"}],"version-history":[{"count":3,"href":"https:\/\/www.tgrthaber.com\/mavikadin\/wp-json\/wp\/v2\/posts\/141408\/revisions"}],"predecessor-version":[{"id":141417,"href":"https:\/\/www.tgrthaber.com\/mavikadin\/wp-json\/wp\/v2\/posts\/141408\/revisions\/141417"}],"wp:featuredmedia":[{"embeddable":true,"href":"https:\/\/www.tgrthaber.com\/mavikadin\/wp-json\/wp\/v2\/media\/141414"}],"wp:attachment":[{"href":"https:\/\/www.tgrthaber.com\/mavikadin\/wp-json\/wp\/v2\/media?parent=141408"}],"wp:term":[{"taxonomy":"category","embeddable":true,"href":"https:\/\/www.tgrthaber.com\/mavikadin\/wp-json\/wp\/v2\/categories?post=141408"},{"taxonomy":"post_tag","embeddable":true,"href":"https:\/\/www.tgrthaber.com\/mavikadin\/wp-json\/wp\/v2\/tags?post=141408"}],"curies":[{"name":"wp","href":"https:\/\/api.w.org\/{rel}","templated":true}]}}