{"id":141418,"date":"2025-03-03T19:20:47","date_gmt":"2025-03-03T16:20:47","guid":{"rendered":"https:\/\/www.tgrthaber.com\/mavikadin\/?p=141418"},"modified":"2025-03-03T19:23:36","modified_gmt":"2025-03-03T16:23:36","slug":"hande-ercelden-hakan-sabanci-ile-dikkat-ceken-evlilik-aciklamasi","status":"publish","type":"post","link":"https:\/\/www.tgrthaber.com\/mavikadin\/hande-ercelden-hakan-sabanci-ile-dikkat-ceken-evlilik-aciklamasi\/","title":{"rendered":"Hande Er\u00e7el&#8217;den Hakan Sabanc\u0131 ile dikkat \u00e7eken evlilik a\u00e7\u0131klamas\u0131!"},"content":{"rendered":"<p class=\"p1\">Son d\u00f6nemin en \u00e7ok konu\u015fulan isimlerinden biri olan Hande Er\u00e7el, hem ba\u015far\u0131l\u0131 kariyeri hem de \u00f6zel hayat\u0131yla g\u00fcndemden d\u00fc\u015fm\u00fcyor. Ba\u015frol\u00fcnde yer ald\u0131\u011f\u0131 \u201cR\u00fczg\u00e2ra B\u0131rak\u201d filmi b\u00fcy\u00fck ilgi g\u00f6r\u00fcrken, \u00fcnl\u00fc oyuncu uluslararas\u0131 etkinliklerde de boy g\u00f6stermeye devam ediyor. Milano\u2019dan d\u00f6n\u00fc\u015f\u00fc s\u0131ras\u0131nda gazetecilerin sorular\u0131n\u0131 cevaplayan Er\u00e7el, Hakan Sabanc\u0131 ile olan ili\u015fkisine dair a\u00e7\u0131klamalarda bulundu. Evlilik sorular\u0131na verdi\u011fi cevapla dikkat \u00e7ekti.<\/p>\n<h3 class=\"p1\"><b>HANDE ER\u00c7EL M\u0130LANO\u2019DA MODA R\u00dcZGARI EST\u0130RD\u0130 <\/b><b><\/b><\/h3>\n<p class=\"p1\">\u00dcnl\u00fc oyuncu, Milano Moda Haftas\u0131 kapsam\u0131nda Versace defilesine kat\u0131larak ad\u0131ndan s\u00f6z ettirdi. Daha \u00f6nce \u0130spanya\u2019n\u0131n \u00fcnl\u00fc moda dergisi Marie Claire i\u00e7in \u00f6zel bir \u00e7ekim ger\u00e7ekle\u015ftiren Er\u00e7el, bu kez Milano\u2019da Versace\u2019nin yeni koleksiyonunu yak\u0131ndan takip etti. Etkinlik sonras\u0131 d\u00fcnyaca \u00fcnl\u00fc moda tasar\u0131mc\u0131s\u0131 Donatella Versace ile bir araya gelen oyuncu, sosyal medyada b\u00fcy\u00fck ilgi g\u00f6ren karelere imza att\u0131.<\/p>\n<p><img loading=\"lazy\" decoding=\"async\" class=\"alignnone wp-image-141419 size-full\" src=\"https:\/\/www.tgrthaber.com\/mavikadin\/wp-content\/uploads\/Ekran-Resmi-2025-03-03-19.14.41.png\" alt=\"\" width=\"1010\" height=\"602\" title=\"\" srcset=\"https:\/\/www.tgrthaber.com\/mavikadin\/wp-content\/uploads\/Ekran-Resmi-2025-03-03-19.14.41.png 1010w, https:\/\/www.tgrthaber.com\/mavikadin\/wp-content\/uploads\/Ekran-Resmi-2025-03-03-19.14.41-300x179.png 300w, https:\/\/www.tgrthaber.com\/mavikadin\/wp-content\/uploads\/Ekran-Resmi-2025-03-03-19.14.41-768x458.png 768w\" sizes=\"(max-width: 1010px) 100vw, 1010px\" \/><\/p>\n<hr \/>\n<h3 class=\"p1\"><b>HAKAN SABANCI \u0130LE AYRILIK \u0130DD\u0130ALARINA CEVAP VERD\u0130 <\/b><b><\/b><\/h3>\n<p class=\"p1\">\u0130stanbul\u2019a d\u00f6nd\u00fc\u011f\u00fcnde havaliman\u0131nda bas\u0131n mensuplar\u0131yla kar\u015f\u0131la\u015fan Hande Er\u00e7el, hakk\u0131nda \u00e7\u0131kan ayr\u0131l\u0131k iddialar\u0131na net bir cevap verdi. \u00dcnl\u00fc oyuncu, son d\u00f6nemde g\u00fcndeme gelen Hakan Sabanc\u0131 ile yollar\u0131n\u0131 ay\u0131rd\u0131\u011f\u0131 y\u00f6n\u00fcndeki s\u00f6ylentilere \u201cBunlar bo\u015f bo\u015f \u015feyler\u2026 Her \u015fey yolunda\u201d diyerek son noktay\u0131 koydu.<\/p>\n<p><img loading=\"lazy\" decoding=\"async\" class=\"alignnone wp-image-141420 \" src=\"https:\/\/www.tgrthaber.com\/mavikadin\/wp-content\/uploads\/Ekran-Resmi-2025-03-03-19.14.06.png\" alt=\"\" width=\"984\" height=\"1001\" title=\"\" srcset=\"https:\/\/www.tgrthaber.com\/mavikadin\/wp-content\/uploads\/Ekran-Resmi-2025-03-03-19.14.06.png 754w, https:\/\/www.tgrthaber.com\/mavikadin\/wp-content\/uploads\/Ekran-Resmi-2025-03-03-19.14.06-295x300.png 295w\" sizes=\"(max-width: 984px) 100vw, 984px\" \/><\/p>\n<hr \/>\n<h3 class=\"p1\"><b>HANDE ER\u00c7EL\u2019\u0130N HAKAN SABANCI\u2019YLA EVL\u0130L\u0130K \u0130DD\u0130ALARINA CEVABI D\u0130KKAT \u00c7EKT\u0130 <\/b><b><\/b><\/h3>\n<p class=\"p1\">Hakan Sabanc\u0131 ile ili\u015fkisi hakk\u0131nda konu\u015fan Er\u00e7el, muhabirlerin \u201cEvlilik plan\u0131 var m\u0131?\u201d sorusuna ise ka\u00e7amak bir cevap verdi. \u201cOnu s\u00f6ylemiyorum, o benim \u00f6zelim\u201d diyerek detay vermekten ka\u00e7\u0131nan oyuncu, \u00f6zel hayat\u0131yla ilgili sorulara kar\u015f\u0131 mesafeli tavr\u0131n\u0131 yine korudu. Hande Er\u00e7el\u2019in a\u00e7\u0131klamalar\u0131, sosyal medyada geni\u015f yank\u0131 uyand\u0131r\u0131rken, \u00fcnl\u00fc oyuncunun kariyerine odaklanmaya devam etti\u011fi ve uluslararas\u0131 projelerde yer almaya haz\u0131rland\u0131\u011f\u0131 da konu\u015fuluyor.<\/p>\n<p><img loading=\"lazy\" decoding=\"async\" class=\"alignnone wp-image-141421 \" src=\"https:\/\/www.tgrthaber.com\/mavikadin\/wp-content\/uploads\/Ekran-Resmi-2025-03-03-19.14.18.png\" alt=\"\" width=\"985\" height=\"1286\" title=\"\" srcset=\"https:\/\/www.tgrthaber.com\/mavikadin\/wp-content\/uploads\/Ekran-Resmi-2025-03-03-19.14.18.png 590w, https:\/\/www.tgrthaber.com\/mavikadin\/wp-content\/uploads\/Ekran-Resmi-2025-03-03-19.14.18-230x300.png 230w\" sizes=\"(max-width: 985px) 100vw, 985px\" \/><\/p>\n<hr \/>\n<h3>HANDE ER\u00c7EL K\u0130MD\u0130R?<\/h3>\n<p class=\"p1\">Hande Er\u00e7el, 24 Kas\u0131m 1993\u2019te Bal\u0131kesir\u2019in Band\u0131rma il\u00e7esinde d\u00fcnyaya geldi. Oyunculuk ve modellik kariyeriyle dikkat \u00e7eken Er\u00e7el, e\u011fitimine Mimar Sinan G\u00fczel Sanatlar Fak\u00fcltesi T\u00fcrk Sanatlar\u0131 B\u00f6l\u00fcm\u00fc\u2019nde devam ediyor. Televizyon d\u00fcnyas\u0131na 2014 y\u0131l\u0131nda Show TV\u2019de yay\u0131nlanan \u201c\u00c7\u0131lg\u0131n Dershane \u00dcniversitede\u201d dizisiyle ad\u0131m atan Er\u00e7el, ayn\u0131 y\u0131l \u201cHayat A\u011fac\u0131\u201d dizisinde Selin Karahanl\u0131 karakterini oynad\u0131. Burada Fikret Ku\u015fkan, Onur Saylak, \u0130dil F\u0131rat ve \u00d6zge \u00d6zberk gibi isimlerle birlikte \u00e7al\u0131\u015farak sekt\u00f6rdeki yerini sa\u011flamla\u015ft\u0131rd\u0131.<\/p>\n<p><img loading=\"lazy\" decoding=\"async\" class=\"alignnone wp-image-141422 \" src=\"https:\/\/www.tgrthaber.com\/mavikadin\/wp-content\/uploads\/Ekran-Resmi-2025-03-03-19.17.10.png\" alt=\"\" width=\"990\" height=\"579\" title=\"\" srcset=\"https:\/\/www.tgrthaber.com\/mavikadin\/wp-content\/uploads\/Ekran-Resmi-2025-03-03-19.17.10.png 934w, https:\/\/www.tgrthaber.com\/mavikadin\/wp-content\/uploads\/Ekran-Resmi-2025-03-03-19.17.10-300x175.png 300w, https:\/\/www.tgrthaber.com\/mavikadin\/wp-content\/uploads\/Ekran-Resmi-2025-03-03-19.17.10-768x449.png 768w\" sizes=\"(max-width: 990px) 100vw, 990px\" \/><\/p>\n<hr \/>\n<p class=\"p1\">Oyunculu\u011fa ba\u015flamadan \u00f6nce modellikle ilgilenen Er\u00e7el, 2015 y\u0131l\u0131nda Azerbaycan\u2019da d\u00fczenlenen \u201cMiss Cilivaliton of the World\u201d yar\u0131\u015fmas\u0131nda ikincilik elde etti. Bu ba\u015far\u0131s\u0131, ona televizyon d\u00fcnyas\u0131nda yeni kap\u0131lar a\u00e7t\u0131. Kariyerindeki en b\u00fcy\u00fck \u00e7\u0131k\u0131\u015f\u0131 ise 2015 y\u0131l\u0131nda Kanal D\u2019de yay\u0131nlanan \u201cG\u00fcne\u015fin K\u0131zlar\u0131\u201d dizisiyle yapt\u0131. Selin Y\u0131lmaz karakterini oynayan Er\u00e7el, bu proje sayesinde geni\u015f bir hayran kitlesine ula\u015ft\u0131. Dizide Emre K\u0131nay, Evrim Alasya, Tolga Sar\u0131ta\u015f, Berk Atan ve Burcu \u00d6zberk gibi ba\u015far\u0131l\u0131 oyuncularla birlikte rol ald\u0131.<\/p>\n","protected":false},"excerpt":{"rendered":"<p>Hande Er\u00e7el, ba\u015far\u0131l\u0131 kariyeri ve \u00f6zel hayat\u0131yla g\u00fcndemde kalmaya devam ediyor. \u201cR\u00fczg\u00e2ra B\u0131rak\u201d filmiyle b\u00fcy\u00fck ilgi g\u00f6ren \u00fcnl\u00fc oyuncu, uluslararas\u0131 etkinliklerde de ad\u0131ndan s\u00f6z ettiriyor. Milano\u2019dan d\u00f6n\u00fc\u015fte gazetecilerin sorular\u0131n\u0131 cevaplayan  Er\u00e7el, Hakan Sabanc\u0131 ile ili\u015fkisi hakk\u0131nda konu\u015farak evlilik iddialar\u0131na ka\u00e7amak bir cevap verdi.<\/p>\n","protected":false},"author":16,"featured_media":141423,"comment_status":"closed","ping_status":"closed","sticky":false,"template":"","format":"standard","meta":{"rank_math_lock_modified_date":false,"footnotes":""},"categories":[76],"tags":[12798,12551,12799],"class_list":["post-141418","post","type-post","status-publish","format-standard","has-post-thumbnail","hentry","category-magazin","tag-hande-ercel-evlilik","tag-hande-ercel-hakan-sabanci","tag-hande-ercel-hakan-sabanci-evlilik-aciklama"],"_links":{"self":[{"href":"https:\/\/www.tgrthaber.com\/mavikadin\/wp-json\/wp\/v2\/posts\/141418"}],"collection":[{"href":"https:\/\/www.tgrthaber.com\/mavikadin\/wp-json\/wp\/v2\/posts"}],"about":[{"href":"https:\/\/www.tgrthaber.com\/mavikadin\/wp-json\/wp\/v2\/types\/post"}],"author":[{"embeddable":true,"href":"https:\/\/www.tgrthaber.com\/mavikadin\/wp-json\/wp\/v2\/users\/16"}],"replies":[{"embeddable":true,"href":"https:\/\/www.tgrthaber.com\/mavikadin\/wp-json\/wp\/v2\/comments?post=141418"}],"version-history":[{"count":3,"href":"https:\/\/www.tgrthaber.com\/mavikadin\/wp-json\/wp\/v2\/posts\/141418\/revisions"}],"predecessor-version":[{"id":141426,"href":"https:\/\/www.tgrthaber.com\/mavikadin\/wp-json\/wp\/v2\/posts\/141418\/revisions\/141426"}],"wp:featuredmedia":[{"embeddable":true,"href":"https:\/\/www.tgrthaber.com\/mavikadin\/wp-json\/wp\/v2\/media\/141423"}],"wp:attachment":[{"href":"https:\/\/www.tgrthaber.com\/mavikadin\/wp-json\/wp\/v2\/media?parent=141418"}],"wp:term":[{"taxonomy":"category","embeddable":true,"href":"https:\/\/www.tgrthaber.com\/mavikadin\/wp-json\/wp\/v2\/categories?post=141418"},{"taxonomy":"post_tag","embeddable":true,"href":"https:\/\/www.tgrthaber.com\/mavikadin\/wp-json\/wp\/v2\/tags?post=141418"}],"curies":[{"name":"wp","href":"https:\/\/api.w.org\/{rel}","templated":true}]}}