{"id":141427,"date":"2025-03-03T20:08:14","date_gmt":"2025-03-03T17:08:14","guid":{"rendered":"https:\/\/www.tgrthaber.com\/mavikadin\/?p=141427"},"modified":"2025-03-03T20:08:14","modified_gmt":"2025-03-03T17:08:14","slug":"sinan-akcil-isiklar-icinde-uyumak-nedir-diye-soran-takipcisine-verdigi-cevapla-gundem-oldu","status":"publish","type":"post","link":"https:\/\/www.tgrthaber.com\/mavikadin\/sinan-akcil-isiklar-icinde-uyumak-nedir-diye-soran-takipcisine-verdigi-cevapla-gundem-oldu\/","title":{"rendered":"Sinan Ak\u00e7\u0131l \u2018I\u015f\u0131klar i\u00e7inde uyumak nedir?\u201d diye soran takip\u00e7isine verdi\u011fi cevapla g\u00fcndem oldu!"},"content":{"rendered":"<p class=\"p1\">Son d\u00f6nemde s\u0131k\u00e7a kullan\u0131lan \u201c\u0131\u015f\u0131klar i\u00e7inde uyusun\u201d ifadesi hakk\u0131nda ele\u015ftiride bulunan \u00fcnl\u00fc m\u00fczisyen Sinan Ak\u00e7\u0131l, sosyal medya \u00fczerinden dikkat \u00e7eken bir payla\u015f\u0131m yapt\u0131. Bir takip\u00e7isinin &#8216;I\u015f\u0131klar i\u00e7inde uyumak nedir?&#8217; sorusuna cevap veren Ak\u00e7\u0131l&#8217;\u0131n, konuya dair g\u00f6r\u00fc\u015fleri sosyal medyada g\u00fcndem oldu.<\/p>\n<h3 class=\"p1\"><b>S\u0130NAN AK\u00c7IL&#8217;IN\u00a0 &#8216;I\u015eIKLAR \u0130\u00c7\u0130NDE UYUMAK NED\u0130R?&#8217; SORUSUNA VERD\u0130\u011e\u0130 CEVAP G\u00dcNDEM OLDU\u00a0<\/b><\/h3>\n<p class=\"p1\">Sanat d\u00fcnyas\u0131n\u0131n \u00fcretken isimlerinden Sinan Ak\u00e7\u0131l, vefat edenlerin ard\u0131ndan kullan\u0131lan \u201c\u0131\u015f\u0131klar i\u00e7inde uyusun\u201d ifadesine tepki g\u00f6sterdi. Bir takip\u00e7isinin \u201cI\u015f\u0131klar i\u00e7inde uyusun ne demek?\u201d sorusuna verdi\u011fi cevap dikkat \u00e7ekti. Ak\u00e7\u0131l, bu ifadenin modernle\u015fmi\u015f bir ba\u015fsa\u011fl\u0131\u011f\u0131 mesaj\u0131 gibi alg\u0131land\u0131\u011f\u0131n\u0131 belirterek \u015fu ifadeleri kulland\u0131:<\/p>\n<p class=\"p1\">\u201cI\u015f\u0131klar i\u00e7inde uyusun deyince modern ba\u015fsa\u011fl\u0131\u011f\u0131 dilemi\u015f oluyorsun. \u2018Allah rahmet eylesin\u2019 dersen muhafazakar alg\u0131lan\u0131r diye d\u00fc\u015f\u00fcn\u00fcyorlar. \u00d6yle dersek yanl\u0131\u015f anla\u015f\u0131l\u0131r\u0131z diye mi korkuyoruz Allah muhafaza? (Eyvah, yine a\u011fz\u0131mdan ka\u00e7t\u0131.)\u201d<i><\/i><\/p>\n<p><img loading=\"lazy\" decoding=\"async\" class=\"alignnone wp-image-141428 \" src=\"https:\/\/www.tgrthaber.com\/mavikadin\/wp-content\/uploads\/Ekran-Resmi-2025-03-03-20.02.58.png\" alt=\"\" width=\"986\" height=\"452\" title=\"\" srcset=\"https:\/\/www.tgrthaber.com\/mavikadin\/wp-content\/uploads\/Ekran-Resmi-2025-03-03-20.02.58.png 598w, https:\/\/www.tgrthaber.com\/mavikadin\/wp-content\/uploads\/Ekran-Resmi-2025-03-03-20.02.58-300x137.png 300w\" sizes=\"(max-width: 986px) 100vw, 986px\" \/><\/p>\n<hr \/>\n<p class=\"p1\">\u00dcnl\u00fc m\u00fczisyenin bu payla\u015f\u0131m\u0131, sosyal medyada farkl\u0131 g\u00f6r\u00fc\u015flerin ortaya \u00e7\u0131kmas\u0131na neden oldu. Kimileri Ak\u00e7\u0131l\u2019a destek verirken, kimileri ise ifadenin dini inan\u00e7larla ba\u011flant\u0131l\u0131 olmad\u0131\u011f\u0131n\u0131 ve ki\u015fisel bir tercih meselesi oldu\u011funu savundu.<\/p>\n<h3 class=\"p1\"><b>UMRE PAYLA\u015eIMI D\u0130KKAT \u00c7EKM\u0130\u015eT\u0130\u00a0<\/b><b><\/b><\/h3>\n<p class=\"p1\">Sanat d\u00fcnyas\u0131nda yapt\u0131\u011f\u0131 \u00e7al\u0131\u015fmalar\u0131n yan\u0131 s\u0131ra toplumsal konulara da duyarl\u0131l\u0131\u011f\u0131yla bilinen Sinan Ak\u00e7\u0131l, sosyal medya \u00fczerinden Ramazan ay\u0131na \u00f6zel anlaml\u0131 bir payla\u015f\u0131m yapt\u0131. \u00dcnl\u00fc m\u00fczisyen, 7 y\u0131l \u00f6nce Umre\u2019de \u00e7ekilmi\u015f bir foto\u011fraf\u0131n\u0131 payla\u015farak \u015fu ifadeleri kulland\u0131: \u201cSen popstars\u0131n, koyma bunlar\u0131 yine konu\u015furlar\u201d sesleri aras\u0131nda ho\u015f geldin kutsal Ramazan\u2026\u201d<i><\/i><\/p>\n<p><img loading=\"lazy\" decoding=\"async\" class=\"alignnone wp-image-141429 \" src=\"https:\/\/www.tgrthaber.com\/mavikadin\/wp-content\/uploads\/Ekran-Resmi-2025-03-03-20.03.59.png\" alt=\"\" width=\"990\" height=\"556\" title=\"\" srcset=\"https:\/\/www.tgrthaber.com\/mavikadin\/wp-content\/uploads\/Ekran-Resmi-2025-03-03-20.03.59.png 940w, https:\/\/www.tgrthaber.com\/mavikadin\/wp-content\/uploads\/Ekran-Resmi-2025-03-03-20.03.59-300x169.png 300w, https:\/\/www.tgrthaber.com\/mavikadin\/wp-content\/uploads\/Ekran-Resmi-2025-03-03-20.03.59-768x431.png 768w\" sizes=\"(max-width: 990px) 100vw, 990px\" \/><\/p>\n<hr \/>\n<p class=\"p1\">Ak\u00e7\u0131l\u2019\u0131n bu payla\u015f\u0131m\u0131 takip\u00e7ileri taraf\u0131ndan b\u00fcy\u00fck ilgi g\u00f6r\u00fcrken, bir\u00e7ok hayran\u0131 sanat\u00e7\u0131n\u0131n inanc\u0131na dair samimi ifadelerini takdir etti.<\/p>\n<h3 class=\"p1\"><b>S\u0130NAN AK\u00c7IL K\u0130MD\u0130R?<\/b><b><\/b><\/h3>\n<p class=\"p1\">20 May\u0131s 1982\u2019de Hollanda\u2019n\u0131n Leeuwarden kentinde d\u00fcnyaya gelen Sinan Ak\u00e7\u0131l, aslen \u00c7anakkale Biga k\u00f6kenlidir. M\u00fczikal yetene\u011fini keman virt\u00fc\u00f6z\u00fc babas\u0131 Saim Ak\u00e7\u0131l\u2019dan alan sanat\u00e7\u0131, k\u00fc\u00e7\u00fck ya\u015flardan itibaren m\u00fczikle i\u00e7 i\u00e7e b\u00fcy\u00fcd\u00fc. Ablas\u0131 \u0130dil Ak\u00e7\u0131l ise ba\u015far\u0131l\u0131 bir piyanisttir.<\/p>\n<p><img loading=\"lazy\" decoding=\"async\" class=\"alignnone wp-image-141430 \" src=\"https:\/\/www.tgrthaber.com\/mavikadin\/wp-content\/uploads\/Ekran-Resmi-2025-03-03-20.04.56.png\" alt=\"\" width=\"995\" height=\"593\" title=\"\" srcset=\"https:\/\/www.tgrthaber.com\/mavikadin\/wp-content\/uploads\/Ekran-Resmi-2025-03-03-20.04.56.png 926w, https:\/\/www.tgrthaber.com\/mavikadin\/wp-content\/uploads\/Ekran-Resmi-2025-03-03-20.04.56-300x179.png 300w, https:\/\/www.tgrthaber.com\/mavikadin\/wp-content\/uploads\/Ekran-Resmi-2025-03-03-20.04.56-768x458.png 768w\" sizes=\"(max-width: 995px) 100vw, 995px\" \/><\/p>\n<hr \/>\n<p class=\"p1\">M\u00fczik e\u011fitimine Kad\u0131k\u00f6y Belediye Konservatuvar\u0131 Piyano B\u00f6l\u00fcm\u00fc\u2019nde ba\u015flayan Ak\u00e7\u0131l, 6 ya\u015f\u0131nda piyano \u00e7almaya ba\u015flad\u0131. Ancak, e\u011fitimini daha farkl\u0131 bir yolda s\u00fcrd\u00fcrmek isteyerek 9 ya\u015f\u0131nda konservatuvardan ayr\u0131ld\u0131 ve St. Benoit Frans\u0131z Lisesi\u2019ne ge\u00e7ti. 1995 y\u0131l\u0131nda okul orkestras\u0131nda yer alarak pop m\u00fczik alan\u0131nda ilk beste \u00f6d\u00fcl\u00fcn\u00fc kazand\u0131. Kariyerine bir\u00e7ok hit par\u00e7aya imza atarak devam eden Ak\u00e7\u0131l, hem besteci hem de yorumcu kimli\u011fiyle T\u00fcrk pop m\u00fczi\u011finin en \u00fcretken isimleri aras\u0131nda yer al\u0131yor.<\/p>\n","protected":false},"excerpt":{"rendered":"<p>\u00dcnl\u00fc m\u00fczisyen Sinan Ak\u00e7\u0131l, vefat edenler i\u00e7in kullan\u0131lan \u201c\u0131\u015f\u0131klar i\u00e7inde uyusun\u201d ifadesini ele\u015ftiren bir a\u00e7\u0131klamada bulundu. Sosyal medyada bir takip\u00e7isinin sorusuna cevap veren Ak\u00e7\u0131l, bu ifadenin modern bir ba\u015fsa\u011fl\u0131\u011f\u0131 dile\u011fi olarak alg\u0131land\u0131\u011f\u0131n\u0131 belirterek dikkat \u00e7eken yorumlarda bulundu.<\/p>\n","protected":false},"author":16,"featured_media":141431,"comment_status":"closed","ping_status":"closed","sticky":false,"template":"","format":"standard","meta":{"rank_math_lock_modified_date":false,"footnotes":""},"categories":[76],"tags":[12801,12800,10207],"class_list":["post-141427","post","type-post","status-publish","format-standard","has-post-thumbnail","hentry","category-magazin","tag-sinan-akcil-isiklar-icinde-uyusun-aciklamasi","tag-sinan-akcil-isiklar-icinde-uyusun-cevabi","tag-sinan-akcil-kimdir"],"_links":{"self":[{"href":"https:\/\/www.tgrthaber.com\/mavikadin\/wp-json\/wp\/v2\/posts\/141427"}],"collection":[{"href":"https:\/\/www.tgrthaber.com\/mavikadin\/wp-json\/wp\/v2\/posts"}],"about":[{"href":"https:\/\/www.tgrthaber.com\/mavikadin\/wp-json\/wp\/v2\/types\/post"}],"author":[{"embeddable":true,"href":"https:\/\/www.tgrthaber.com\/mavikadin\/wp-json\/wp\/v2\/users\/16"}],"replies":[{"embeddable":true,"href":"https:\/\/www.tgrthaber.com\/mavikadin\/wp-json\/wp\/v2\/comments?post=141427"}],"version-history":[{"count":1,"href":"https:\/\/www.tgrthaber.com\/mavikadin\/wp-json\/wp\/v2\/posts\/141427\/revisions"}],"predecessor-version":[{"id":141432,"href":"https:\/\/www.tgrthaber.com\/mavikadin\/wp-json\/wp\/v2\/posts\/141427\/revisions\/141432"}],"wp:featuredmedia":[{"embeddable":true,"href":"https:\/\/www.tgrthaber.com\/mavikadin\/wp-json\/wp\/v2\/media\/141431"}],"wp:attachment":[{"href":"https:\/\/www.tgrthaber.com\/mavikadin\/wp-json\/wp\/v2\/media?parent=141427"}],"wp:term":[{"taxonomy":"category","embeddable":true,"href":"https:\/\/www.tgrthaber.com\/mavikadin\/wp-json\/wp\/v2\/categories?post=141427"},{"taxonomy":"post_tag","embeddable":true,"href":"https:\/\/www.tgrthaber.com\/mavikadin\/wp-json\/wp\/v2\/tags?post=141427"}],"curies":[{"name":"wp","href":"https:\/\/api.w.org\/{rel}","templated":true}]}}