{"id":141434,"date":"2025-03-03T21:08:20","date_gmt":"2025-03-03T18:08:20","guid":{"rendered":"https:\/\/www.tgrthaber.com\/mavikadin\/?p=141434"},"modified":"2025-03-03T21:08:20","modified_gmt":"2025-03-03T18:08:20","slug":"dehadan-ayrilan-taner-rumeli-annem-ankarada","status":"publish","type":"post","link":"https:\/\/www.tgrthaber.com\/mavikadin\/dehadan-ayrilan-taner-rumeli-annem-ankarada\/","title":{"rendered":"Deha\u2019dan ayr\u0131lan Taner Rumeli \u2018Annem Ankara\u2019da"},"content":{"rendered":"<p>Show TV ekranlar\u0131n\u0131n ilgiyle takip edilen ve b\u00fcy\u00fck be\u011feni ile izlenen dizisi Deha izleyiciyi ekran ba\u015f\u0131na toplamay\u0131 ba\u015far\u0131yor. Dizi sosyal medyada \u00e7ok konu\u015fulanlar ve merak edilenler aras\u0131nda yer almaya devam ediyor. Bu sezonun fla\u015f dizilerinden olan Deha\u2019da oyuncu ayr\u0131l\u0131klar\u0131 da yak\u0131ndan takip ediliyor. Karga karakteriyle izleyici kar\u015f\u0131s\u0131na \u00e7\u0131kan Taner Rumeli, diziden ayr\u0131lan isimler aras\u0131nda yerini ald\u0131.<\/p>\n<h3>TANER RUMEL\u0130 ANNEM ANKARA D\u0130Z\u0130S\u0130NDE<\/h3>\n<p>Show TV\u2019nin sevilen dizilerinden olan Deha dizisi g\u00fcndeme gelmeye devam ediyor. Dizinin senaryosunda ger\u00e7ekle\u015fen olaylar kadar oyuncular\u0131 da sosyal medyan\u0131n dilinde olan ba\u015far\u0131l\u0131 dizi, oyuncu ayr\u0131l\u0131klar\u0131yla s\u0131k s\u0131k g\u00fcndeme geliyor. En son oyuncu Ahsen Ero\u011flu\u2019nun diziden ayr\u0131lmas\u0131 \u00fczerine diziyi takip eden \u00e7ok say\u0131da insan bu ayr\u0131l\u0131\u011f\u0131 do\u011fru bulmam\u0131\u015ft\u0131. Dizinin reytinglerine bile yans\u0131yan bu ayr\u0131l\u0131k bir\u00e7ok izleyici de \u015fa\u015fk\u0131nl\u0131k olu\u015fturmu\u015ftu.<\/p>\n<p><img loading=\"lazy\" decoding=\"async\" class=\"alignnone wp-image-141461\" src=\"https:\/\/www.tgrthaber.com\/mavikadin\/wp-content\/uploads\/taner-rumeli-3-1024x576.jpg\" alt=\"taner rumeli \" width=\"1208\" height=\"680\" title=\"\" srcset=\"https:\/\/www.tgrthaber.com\/mavikadin\/wp-content\/uploads\/taner-rumeli-3-1024x576.jpg 1024w, https:\/\/www.tgrthaber.com\/mavikadin\/wp-content\/uploads\/taner-rumeli-3-300x169.jpg 300w, https:\/\/www.tgrthaber.com\/mavikadin\/wp-content\/uploads\/taner-rumeli-3-768x432.jpg 768w, https:\/\/www.tgrthaber.com\/mavikadin\/wp-content\/uploads\/taner-rumeli-3-1536x864.jpg 1536w, https:\/\/www.tgrthaber.com\/mavikadin\/wp-content\/uploads\/taner-rumeli-3.jpg 1600w\" sizes=\"(max-width: 1208px) 100vw, 1208px\" \/><\/p>\n<hr \/>\n<p>Ahsen Ero\u011flu\u2019nun ayr\u0131lmas\u0131ndan sonra \u015fimdide Karga karakteriyle izleyici kar\u015f\u0131s\u0131na \u00e7\u0131kan Taner Rumeli\u2019nin ayr\u0131l\u0131\u011f\u0131 diziye damga vuracak gibi g\u00f6r\u00fcn\u00fcyor. Taner Rumeli\u2019nin bir de\u011fi\u015fiklik olmazsa sezon sonun kadar dizde kalmas\u0131 planlan\u0131yordu. Ancak ba\u015far\u0131l\u0131 oyuncu Deha dizisinden ge\u00e7en haftalarda ayr\u0131lm\u0131\u015ft\u0131. Bu ayr\u0131l\u0131k sonras\u0131 Rumeli, BKM imzal\u0131 Annem Ankara dizisinin kadrosuna dahil oldu.<\/p>\n<p><img loading=\"lazy\" decoding=\"async\" class=\"alignnone wp-image-141460\" src=\"https:\/\/www.tgrthaber.com\/mavikadin\/wp-content\/uploads\/taner-rumeli-2-1024x576.jpg\" alt=\"\" width=\"1208\" height=\"680\" title=\"\" srcset=\"https:\/\/www.tgrthaber.com\/mavikadin\/wp-content\/uploads\/taner-rumeli-2-1024x576.jpg 1024w, https:\/\/www.tgrthaber.com\/mavikadin\/wp-content\/uploads\/taner-rumeli-2-300x169.jpg 300w, https:\/\/www.tgrthaber.com\/mavikadin\/wp-content\/uploads\/taner-rumeli-2-768x432.jpg 768w, https:\/\/www.tgrthaber.com\/mavikadin\/wp-content\/uploads\/taner-rumeli-2-1536x864.jpg 1536w, https:\/\/www.tgrthaber.com\/mavikadin\/wp-content\/uploads\/taner-rumeli-2.jpg 1600w\" sizes=\"(max-width: 1208px) 100vw, 1208px\" \/><\/p>\n<hr \/>\n<p>Annem Ankara dizisinin kadrosuna dahil olan Rumeli, \u2018Orhan \u015eayan\u2019 karakteri ile dizinin seyircileri kar\u015f\u0131s\u0131na \u00e7\u0131kacak. Ba\u015far\u0131l\u0131 oyuncunun oynayaca\u011f\u0131 karakter Zuhal\u2019in yard\u0131m istedi\u011fi \u00fcnl\u00fc avukat olarak izleyicilere aktar\u0131lacak. Faruk Teber\u2019in y\u00f6netmen koltu\u011funda oturdu\u011fu ve senaryosunun Ba\u015fak Angig\u00fcn\u2019\u00fcn kaleme ald\u0131\u011f\u0131 dizi \u00e7ar\u015famba ak\u015famlar\u0131 saat 20.00\u2019da Kanal D ekranlar\u0131nda olacak.<\/p>\n<p><img loading=\"lazy\" decoding=\"async\" class=\"alignnone wp-image-141462\" src=\"https:\/\/www.tgrthaber.com\/mavikadin\/wp-content\/uploads\/taner-rumeli-4-1024x576.jpg\" alt=\"taner rumeli \" width=\"1208\" height=\"680\" title=\"\" srcset=\"https:\/\/www.tgrthaber.com\/mavikadin\/wp-content\/uploads\/taner-rumeli-4-1024x576.jpg 1024w, https:\/\/www.tgrthaber.com\/mavikadin\/wp-content\/uploads\/taner-rumeli-4-300x169.jpg 300w, https:\/\/www.tgrthaber.com\/mavikadin\/wp-content\/uploads\/taner-rumeli-4-768x432.jpg 768w, https:\/\/www.tgrthaber.com\/mavikadin\/wp-content\/uploads\/taner-rumeli-4-1536x864.jpg 1536w, https:\/\/www.tgrthaber.com\/mavikadin\/wp-content\/uploads\/taner-rumeli-4.jpg 1600w\" sizes=\"(max-width: 1208px) 100vw, 1208px\" \/><\/p>\n<hr \/>\n<h3>TANER RUMEL\u0130 K\u0130MD\u0130R<\/h3>\n<p>Ba\u015far\u0131l\u0131 oyuncu Taner Rumeli 8 Nisan 1985 y\u0131l\u0131nda Ankara\u2019da d\u00fcnyaya geldi. E\u011fitimini Ankara \u00dcniversitesi Dil ve Tarih-\u00c7o\u011frafya Fak\u00fcltesi Tiyatro B\u00f6l\u00fcm\u00fc\u2019nde tamamlayan Rumeli, Afili A\u015fk, Baba, \u015eahane Hayat\u0131m ve Inad\u0131na A\u015fk gibi yap\u0131mlarda izleyici kar\u015f\u0131s\u0131na \u00e7\u0131km\u0131\u015ft\u0131r.<\/p>\n","protected":false},"excerpt":{"rendered":"<p>Show TV ekranlar\u0131n\u0131n ilgiyle takip edilen ve b\u00fcy\u00fck be\u011feni ile izlenen dizisi Deha izleyiciyi ekran ba\u015f\u0131na toplamay\u0131 ba\u015far\u0131yor. Dizi sosyal medyada \u00e7ok konu\u015fulanlar ve merak edilenler aras\u0131nda yer almaya devam ediyor. Bu sezonun fla\u015f dizilerinden olan Deha\u2019da oyuncu ayr\u0131l\u0131klar\u0131 da yak\u0131ndan takip ediliyor. Karga karakteriyle izleyici kar\u015f\u0131s\u0131na \u00e7\u0131kan Taner Rumeli, diziden ayr\u0131lan isimler aras\u0131nda yerini ald\u0131.<\/p>\n","protected":false},"author":34,"featured_media":141459,"comment_status":"closed","ping_status":"closed","sticky":false,"template":"","format":"standard","meta":{"rank_math_lock_modified_date":false,"footnotes":""},"categories":[602],"tags":[8686,2459,3602,12809,12808],"class_list":["post-141434","post","type-post","status-publish","format-standard","has-post-thumbnail","hentry","category-diziler","tag-2025-dizileri","tag-annem-ankara","tag-diziler","tag-taner-rumeli-annem-ankara","tag-taner-rumeli-deha"],"_links":{"self":[{"href":"https:\/\/www.tgrthaber.com\/mavikadin\/wp-json\/wp\/v2\/posts\/141434"}],"collection":[{"href":"https:\/\/www.tgrthaber.com\/mavikadin\/wp-json\/wp\/v2\/posts"}],"about":[{"href":"https:\/\/www.tgrthaber.com\/mavikadin\/wp-json\/wp\/v2\/types\/post"}],"author":[{"embeddable":true,"href":"https:\/\/www.tgrthaber.com\/mavikadin\/wp-json\/wp\/v2\/users\/34"}],"replies":[{"embeddable":true,"href":"https:\/\/www.tgrthaber.com\/mavikadin\/wp-json\/wp\/v2\/comments?post=141434"}],"version-history":[{"count":1,"href":"https:\/\/www.tgrthaber.com\/mavikadin\/wp-json\/wp\/v2\/posts\/141434\/revisions"}],"predecessor-version":[{"id":141468,"href":"https:\/\/www.tgrthaber.com\/mavikadin\/wp-json\/wp\/v2\/posts\/141434\/revisions\/141468"}],"wp:featuredmedia":[{"embeddable":true,"href":"https:\/\/www.tgrthaber.com\/mavikadin\/wp-json\/wp\/v2\/media\/141459"}],"wp:attachment":[{"href":"https:\/\/www.tgrthaber.com\/mavikadin\/wp-json\/wp\/v2\/media?parent=141434"}],"wp:term":[{"taxonomy":"category","embeddable":true,"href":"https:\/\/www.tgrthaber.com\/mavikadin\/wp-json\/wp\/v2\/categories?post=141434"},{"taxonomy":"post_tag","embeddable":true,"href":"https:\/\/www.tgrthaber.com\/mavikadin\/wp-json\/wp\/v2\/tags?post=141434"}],"curies":[{"name":"wp","href":"https:\/\/api.w.org\/{rel}","templated":true}]}}