{"id":141439,"date":"2025-03-03T20:43:40","date_gmt":"2025-03-03T17:43:40","guid":{"rendered":"https:\/\/www.tgrthaber.com\/mavikadin\/?p=141439"},"modified":"2025-03-03T20:43:40","modified_gmt":"2025-03-03T17:43:40","slug":"sanat-dunyasini-yasa-bogan-edip-akbayramin-son-goruntuleri","status":"publish","type":"post","link":"https:\/\/www.tgrthaber.com\/mavikadin\/sanat-dunyasini-yasa-bogan-edip-akbayramin-son-goruntuleri\/","title":{"rendered":"Sanat d\u00fcnyas\u0131n\u0131 yasa bo\u011fan Edip Akbayram&#8217;\u0131n son g\u00f6r\u00fcnt\u00fcleri"},"content":{"rendered":"<p>Zat\u00fcrre nedeniyle tedavi g\u00f6ren ve ge\u00e7irdi\u011fi i\u00e7 kanaman\u0131n ard\u0131ndan Haydarpa\u015fa Numune E\u011fitim ve Ara\u015ft\u0131rma Hastanesi&#8217;ne yatan usta sanat\u00e7\u0131 Edip Akbayram hayat\u0131n\u0131 kaybetti. Sevenlerini yasa bo\u011fan bu haberin ard\u0131ndan usta sanat\u00e7\u0131n\u0131n \u00f6lmeden \u00f6nce \u00e7ekilen son foto\u011fraflar\u0131 ortaya \u00e7\u0131kt\u0131.<\/p>\n<h3>ED\u0130P AKBAYRAM&#8217;IN VEDA G\u00d6R\u00dcNT\u00dcLER\u0130<\/h3>\n<p>\u0130stanbul \u0130l Sa\u011fl\u0131k M\u00fcd\u00fcrl\u00fc\u011f\u00fc, usta sanat\u00e7\u0131 Edip Akbayram&#8217;\u0131n hayat\u0131n\u0131 kaybetti\u011fi haberini, &#8220;\u00dclkemizin de\u011ferli sanat\u00e7\u0131lar\u0131ndan Edip Akbayram, yakla\u015f\u0131k iki ayd\u0131r tedavi g\u00f6rd\u00fc\u011f\u00fc Haydarpa\u015fa Numune E\u011fitim ve Ara\u015ft\u0131rma Hastanesinde yap\u0131lan t\u00fcm t\u0131bbi m\u00fcdahalelere ra\u011fmen hayat\u0131n\u0131 kaybetmi\u015ftir. Merhuma Allah&#8217;tan rahmet, ailesine, sevenlerine ve sanat camias\u0131na ba\u015fsa\u011fl\u0131\u011f\u0131 dileriz&#8221; ifadeleriyle duyurmu\u015ftu.<\/p>\n<p><img loading=\"lazy\" decoding=\"async\" class=\"alignnone wp-image-141442\" src=\"https:\/\/www.tgrthaber.com\/mavikadin\/wp-content\/uploads\/edip-akbayram-douum-gunu-300x210.webp\" alt=\"\" width=\"1280\" height=\"896\" title=\"\" srcset=\"https:\/\/www.tgrthaber.com\/mavikadin\/wp-content\/uploads\/edip-akbayram-douum-gunu-300x210.webp 300w, https:\/\/www.tgrthaber.com\/mavikadin\/wp-content\/uploads\/edip-akbayram-douum-gunu-768x538.webp 768w, https:\/\/www.tgrthaber.com\/mavikadin\/wp-content\/uploads\/edip-akbayram-douum-gunu.webp 800w\" sizes=\"(max-width: 1280px) 100vw, 1280px\" \/><\/p>\n<hr \/>\n<p>75 ya\u015f\u0131nda hayat\u0131n\u0131 kaybeden usta sanat\u00e7\u0131n\u0131n \u00f6lmeden \u00f6nce \u00e7ekilen son g\u00f6r\u00fcnt\u00fcleri ortaya \u00e7\u0131kt\u0131. 21 Aral\u0131k Cumartesi g\u00fcn\u00fc \u00e7ekilen foto\u011fraflar\u0131n Edip Akbayram&#8217;\u0131n erken do\u011fum g\u00fcn\u00fc kutlamas\u0131ndan oldu\u011fu \u00f6\u011frenildi.<\/p>\n<p><img loading=\"lazy\" decoding=\"async\" class=\"alignnone wp-image-141441\" src=\"https:\/\/www.tgrthaber.com\/mavikadin\/wp-content\/uploads\/edip-akbayram-3-300x203.webp\" alt=\"\" width=\"1280\" height=\"866\" title=\"\" srcset=\"https:\/\/www.tgrthaber.com\/mavikadin\/wp-content\/uploads\/edip-akbayram-3-300x203.webp 300w, https:\/\/www.tgrthaber.com\/mavikadin\/wp-content\/uploads\/edip-akbayram-3.webp 752w\" sizes=\"(max-width: 1280px) 100vw, 1280px\" \/><\/p>\n<hr \/>\n<p>29 Aral\u0131k&#8217;ta do\u011fan Edip Akbayram i\u00e7in 1 hafta \u00f6ncesinden do\u011fum g\u00fcn\u00fc organizasyonu d\u00fczenlenmi\u015f, burada da baz\u0131 foto\u011fraflar \u00e7ekilmi\u015fti.<\/p>\n<div style=\"width: 640px;\" class=\"wp-video\"><!--[if lt IE 9]><script>document.createElement('video');<\/script><![endif]-->\n<video class=\"wp-video-shortcode\" id=\"video-141439-1\" width=\"640\" height=\"480\" preload=\"metadata\" controls=\"controls\"><source type=\"video\/mp4\" src=\"https:\/\/www.tgrthaber.com\/mavikadin\/wp-content\/uploads\/edip-akbayram-dogum-gunu.mp4?_=1\" \/><a href=\"https:\/\/www.tgrthaber.com\/mavikadin\/wp-content\/uploads\/edip-akbayram-dogum-gunu.mp4\">https:\/\/www.tgrthaber.com\/mavikadin\/wp-content\/uploads\/edip-akbayram-dogum-gunu.mp4<\/a><\/video><\/div>\n<hr \/>\n<p>&nbsp;<\/p>\n<h3>ED\u0130P AKBAYRAM K\u0130MD\u0130R?<\/h3>\n<p>29 Aral\u0131k 1950&#8217;de Gaziantep&#8217;te d\u00fcnyaya gelen usta \u015fark\u0131c\u0131 ve besteci Edip Akbayram, 1970\u2019li y\u0131llarda m\u00fczik kariyerine ba\u015flam\u0131\u015ft\u0131r. \u00d6zellikle Cem Karaca, Bar\u0131\u015f Man\u00e7o ve Mo\u011follar gibi isimlerle an\u0131lan Anadolu rock ak\u0131m\u0131n\u0131n \u00f6nemli temsilcilerinden biri olan Akbayram, geleneksel Anadolu ezgilerini modern enstr\u00fcmanlarla harmanlayarak \u00f6zg\u00fcn bir tarz olu\u015fturmu\u015ftur.<\/p>\n<p><img loading=\"lazy\" decoding=\"async\" class=\"alignnone wp-image-141440\" src=\"https:\/\/www.tgrthaber.com\/mavikadin\/wp-content\/uploads\/edip-akbayram-2-300x172.webp\" alt=\"\" width=\"1280\" height=\"733\" title=\"\" srcset=\"https:\/\/www.tgrthaber.com\/mavikadin\/wp-content\/uploads\/edip-akbayram-2-300x172.webp 300w, https:\/\/www.tgrthaber.com\/mavikadin\/wp-content\/uploads\/edip-akbayram-2-768x440.webp 768w, https:\/\/www.tgrthaber.com\/mavikadin\/wp-content\/uploads\/edip-akbayram-2.webp 800w\" sizes=\"(max-width: 1280px) 100vw, 1280px\" \/><\/p>\n<hr \/>\n<p>Akbayram, 1974 y\u0131l\u0131nda \u00e7\u0131kard\u0131\u011f\u0131 &#8220;Garip&#8221; \u015fark\u0131s\u0131yla Alt\u0131n Mikrofon yar\u0131\u015fmas\u0131n\u0131 kazanarak pop\u00fclerli\u011fini art\u0131rm\u0131\u015ft\u0131r.<\/p>\n<p><img loading=\"lazy\" decoding=\"async\" class=\"alignnone wp-image-141443\" src=\"https:\/\/www.tgrthaber.com\/mavikadin\/wp-content\/uploads\/edip-akbyram-4-295x300.webp\" alt=\"\" width=\"1280\" height=\"1300\" title=\"\" srcset=\"https:\/\/www.tgrthaber.com\/mavikadin\/wp-content\/uploads\/edip-akbyram-4-295x300.webp 295w, https:\/\/www.tgrthaber.com\/mavikadin\/wp-content\/uploads\/edip-akbyram-4.webp 689w\" sizes=\"(max-width: 1280px) 100vw, 1280px\" \/><\/p>\n<hr \/>\n<p>&nbsp;<\/p>\n<p>&#8220;Ald\u0131rma G\u00f6n\u00fcl,&#8221; &#8220;Hasretinle Yand\u0131 G\u00f6nl\u00fcm,&#8221; &#8220;E\u015fkiya D\u00fcnyaya H\u00fck\u00fcmdar Olmaz&#8221; ve &#8220;Bekle Beni&#8221; gibi \u015fark\u0131lar\u0131yla geni\u015f kitlelerce benimsenen Edip Akbayram, &#8220;Ald\u0131rma G\u00f6n\u00fcl&#8221; ve &#8220;E\u015fkiya D\u00fcnyaya H\u00fck\u00fcmdar Olmaz&#8221; par\u00e7alar\u0131yla Alt\u0131n Plak&#8217;a lay\u0131k g\u00f6r\u00fclm\u00fc\u015ft\u00fcr.<\/p>\n<p>&nbsp;<\/p>\n<p>Usta sanat\u00e7\u0131, \u00e7ocuklar\u0131 T\u00fcrk\u00fc ve Ozan&#8217;\u0131n anneleri Ayten Han\u0131m ile 1979 y\u0131l\u0131nda evlenmi\u015fti.<\/p>\n<p><img loading=\"lazy\" decoding=\"async\" class=\"alignnone wp-image-141450\" src=\"https:\/\/www.tgrthaber.com\/mavikadin\/wp-content\/uploads\/edip-2-300x169.webp\" alt=\"\" width=\"1280\" height=\"720\" title=\"\" srcset=\"https:\/\/www.tgrthaber.com\/mavikadin\/wp-content\/uploads\/edip-2-300x169.webp 300w, https:\/\/www.tgrthaber.com\/mavikadin\/wp-content\/uploads\/edip-2-1024x576.webp 1024w, https:\/\/www.tgrthaber.com\/mavikadin\/wp-content\/uploads\/edip-2-768x432.webp 768w, https:\/\/www.tgrthaber.com\/mavikadin\/wp-content\/uploads\/edip-2.webp 1280w\" sizes=\"(max-width: 1280px) 100vw, 1280px\" \/><\/p>\n<hr \/>\n<h3>CENAZE S\u00dcREC\u0130 BELL\u0130 OLDU<\/h3>\n<p>Usta sanat\u00e7\u0131 Edip Akbayram 75 ya\u015f\u0131nda hayat\u0131n\u0131 kaybetti. Akbayram&#8217;\u0131n hayat\u0131n\u0131 kaybetmesinin ard\u0131ndan cenaze program\u0131 da belli oldu.<\/p>\n<p>4 Mart Sal\u0131 g\u00fcn\u00fc saat 11.00&#8217;de Cemal Re\u015fit Rey Konser Salonu&#8217;nda ad\u0131na t\u00f6ren d\u00fczenlenecek usta sanat\u00e7\u0131 Edip Akbayram, ayn\u0131 g\u00fcn Te\u015fvikiye Camii&#8217;nde \u00f6\u011flen namaz\u0131ndan sonra k\u0131l\u0131nacak cenaze namaz\u0131n\u0131n ard\u0131ndan Karacaahmet Mezarl\u0131\u011f\u0131&#8217;na defnedilecek.<\/p>\n","protected":false},"excerpt":{"rendered":"<p>Bir s\u00fcre \u00f6nce zat\u00fcrre nedeniyle hastaneye kald\u0131r\u0131lan ve yo\u011fun bak\u0131m poliklini\u011finde tedavi g\u00f6ren Edip Akbayram&#8217;dan sevenlerini y\u0131kan bir haber geldi. 75 ya\u015f\u0131nda hayat\u0131n\u0131 kaybeden usta sanat\u00e7\u0131n\u0131n \u00f6lmeden \u00f6nceki son g\u00f6r\u00fcnt\u00fcleri ortaya \u00e7\u0131kt\u0131. <\/p>\n","protected":false},"author":33,"featured_media":141451,"comment_status":"closed","ping_status":"closed","sticky":false,"template":"","format":"standard","meta":{"rank_math_lock_modified_date":false,"footnotes":""},"categories":[76],"tags":[12807,7718,12806,12805],"class_list":["post-141439","post","type-post","status-publish","format-standard","has-post-thumbnail","hentry","category-magazin","tag-edip-akbayram-esi","tag-edip-akbayram-kizi","tag-edip-akbayram-sarkilari","tag-edip-akbayram-son-goruntuleri"],"_links":{"self":[{"href":"https:\/\/www.tgrthaber.com\/mavikadin\/wp-json\/wp\/v2\/posts\/141439"}],"collection":[{"href":"https:\/\/www.tgrthaber.com\/mavikadin\/wp-json\/wp\/v2\/posts"}],"about":[{"href":"https:\/\/www.tgrthaber.com\/mavikadin\/wp-json\/wp\/v2\/types\/post"}],"author":[{"embeddable":true,"href":"https:\/\/www.tgrthaber.com\/mavikadin\/wp-json\/wp\/v2\/users\/33"}],"replies":[{"embeddable":true,"href":"https:\/\/www.tgrthaber.com\/mavikadin\/wp-json\/wp\/v2\/comments?post=141439"}],"version-history":[{"count":1,"href":"https:\/\/www.tgrthaber.com\/mavikadin\/wp-json\/wp\/v2\/posts\/141439\/revisions"}],"predecessor-version":[{"id":141455,"href":"https:\/\/www.tgrthaber.com\/mavikadin\/wp-json\/wp\/v2\/posts\/141439\/revisions\/141455"}],"wp:featuredmedia":[{"embeddable":true,"href":"https:\/\/www.tgrthaber.com\/mavikadin\/wp-json\/wp\/v2\/media\/141451"}],"wp:attachment":[{"href":"https:\/\/www.tgrthaber.com\/mavikadin\/wp-json\/wp\/v2\/media?parent=141439"}],"wp:term":[{"taxonomy":"category","embeddable":true,"href":"https:\/\/www.tgrthaber.com\/mavikadin\/wp-json\/wp\/v2\/categories?post=141439"},{"taxonomy":"post_tag","embeddable":true,"href":"https:\/\/www.tgrthaber.com\/mavikadin\/wp-json\/wp\/v2\/tags?post=141439"}],"curies":[{"name":"wp","href":"https:\/\/api.w.org\/{rel}","templated":true}]}}