{"id":141445,"date":"2025-03-03T20:41:37","date_gmt":"2025-03-03T17:41:37","guid":{"rendered":"https:\/\/www.tgrthaber.com\/mavikadin\/?p=141445"},"modified":"2025-03-03T20:41:37","modified_gmt":"2025-03-03T17:41:37","slug":"sila-turkoglu-evleniyor-mu-iste-ilk-adimlar","status":"publish","type":"post","link":"https:\/\/www.tgrthaber.com\/mavikadin\/sila-turkoglu-evleniyor-mu-iste-ilk-adimlar\/","title":{"rendered":"S\u0131la T\u00fcrko\u011flu evleniyor mu? \u0130\u015fte ilk ad\u0131mlar"},"content":{"rendered":"<p>Ekranlar\u0131n en \u00e7ok izlenen dizilerinden biri olan K\u0131z\u0131lc\u0131k \u015eerbeti&#8217;nin fenomen ismi \u00fcnl\u00fc oyuncu S\u0131la T\u00fcrko\u011flu evleniyor mu? sorusu magazin g\u00fcndemine bomba gibi d\u00fc\u015ft\u00fc. K\u0131z\u0131lc\u0131k \u015eerbeti dizisinin Do\u011fa\u2019s\u0131 S\u0131la T\u00fcrko\u011flu, sevgilisi Ata Ayy\u0131ld\u0131z&#8217;\u0131 ge\u00e7ti\u011fimiz g\u00fcnlerde ailesiyle tan\u0131\u015ft\u0131rd\u0131. \u00c7ift aras\u0131nda ger\u00e7ekle\u015fen bu olay\u0131n ard\u0131ndan evlilik olup olmayaca\u011f\u0131 konu\u015fulmaya ba\u015fland\u0131. \u00a0\u0130\u015fte g\u00fczel oyuncu S\u0131la T\u00fcrko\u011flu ve Ata Ayy\u0131ld\u0131z\u2019\u0131n ilk ad\u0131mlar\u0131&#8230;<\/p>\n<h3>SILA T\u00dcRKO\u011eLU EVLEN\u0130YOR MU?<\/h3>\n<p>Show TV&#8217;nin fenomen dizisi K\u0131z\u0131lc\u0131k \u015eerbeti&#8217;nin ba\u015frol oyuncusu S\u0131la T\u00fcrko\u011flu, bir s\u00fcredir beraber oldu\u011fu sevgilisi Ata Ayy\u0131ld\u0131z\u2019\u0131 ailesiyle tan\u0131\u015ft\u0131rd\u0131. Sosyal medyada g\u00fcndem olan konunun ard\u0131ndan oyuncunun hayranlar\u0131 S\u0131la T\u00fcrko\u011flu evleniyor mu? \u015feklinde sorular\u0131 sorgulamaya ba\u015flad\u0131.\u00a0 \u00c7ift i\u00e7in b\u00fcy\u00fck bir ad\u0131m olan bu durumun ard\u0131ndan ba\u015far\u0131l\u0131 ve g\u00fczel oyuncu S\u0131la T\u00fcrko\u011flu, &#8220;Biriyle beraberim ve ailemin art\u0131k bu ili\u015fkiyi bilmesini istedim. Hayat\u0131mdaki ki\u015fiyle ailemi tan\u0131\u015ft\u0131rmak istedim. Bu evlilik anlam\u0131 ta\u015f\u0131mas\u0131n.\u201d \u015feklinde konu\u015ftu.<\/p>\n<p><img loading=\"lazy\" decoding=\"async\" class=\"alignnone wp-image-141448\" src=\"https:\/\/www.tgrthaber.com\/mavikadin\/wp-content\/uploads\/sila-turkogsu-236x300.jpg\" alt=\"\" width=\"1280\" height=\"1627\" title=\"\" srcset=\"https:\/\/www.tgrthaber.com\/mavikadin\/wp-content\/uploads\/sila-turkogsu-236x300.jpg 236w, https:\/\/www.tgrthaber.com\/mavikadin\/wp-content\/uploads\/sila-turkogsu-805x1024.jpg 805w, https:\/\/www.tgrthaber.com\/mavikadin\/wp-content\/uploads\/sila-turkogsu-768x976.jpg 768w, https:\/\/www.tgrthaber.com\/mavikadin\/wp-content\/uploads\/sila-turkogsu-1208x1536.jpg 1208w, https:\/\/www.tgrthaber.com\/mavikadin\/wp-content\/uploads\/sila-turkogsu.jpg 1264w\" sizes=\"(max-width: 1280px) 100vw, 1280px\" \/><\/p>\n<hr \/>\n<p>Oyuncu S\u0131la T\u00fcrko\u011flu, Pazar S\u00fcrprizi program\u0131nda \u00d6m\u00fcr Sabuncuo\u011flu\u2019nun sordu\u011fu sorular\u0131 yan\u0131tlad\u0131. Ba\u015far\u0131l\u0131 isim T\u00fcrko\u011flu, K\u0131z\u0131lc\u0131k \u015eerbeti dizisinde oynad\u0131\u011f\u0131 Do\u011fa karakterine tavsiyelerde bulundu. Oyuncu, \u201cDo\u011fa\u2019ya \u00e7ok s\u0131k nasihat ediyorum ama beni dinlemiyor.\u201d diyerek esprili bir a\u00e7\u0131klama yapt\u0131.<\/p>\n<h3>\u201cSILA T\u00dcRKO\u011eLU ARABESK SEVER\u201d<\/h3>\n<p>M\u00fczik zevki soruldu\u011funda ise S\u0131la T\u00fcrko\u011flu, gen\u00e7lik y\u0131llar\u0131ndan evlerinde en \u00e7ok dinlenen m\u00fczik t\u00fcr\u00fcn\u00fcn arabesk oldu\u011funu belirterek, \u201c\u0130nanmayacaks\u0131n\u0131z ama S\u0131la T\u00fcrko\u011flu arabesk sever. Benim G\u00fcll\u00fc\u2019ler, Haktan\u2019lar dinlemem \u00e7ocuklu\u011fumdan bu yana gelen al\u0131\u015fkanl\u0131klar\u0131mdan. B\u00fclent Ersoy\u2019un \u015fark\u0131lar\u0131 dinlenirdi evimizde. Biz ac\u0131yla k\u00fc\u00e7\u00fck ya\u015fta tan\u0131\u015ft\u0131k.\u201d ifadelerinin kulland\u0131.<\/p>\n<p><img loading=\"lazy\" decoding=\"async\" class=\"alignnone wp-image-141447\" src=\"https:\/\/www.tgrthaber.com\/mavikadin\/wp-content\/uploads\/sila-turkoglu-evleniyor-mu-300x169.webp\" alt=\"\" width=\"1280\" height=\"720\" title=\"\" srcset=\"https:\/\/www.tgrthaber.com\/mavikadin\/wp-content\/uploads\/sila-turkoglu-evleniyor-mu-300x169.webp 300w, https:\/\/www.tgrthaber.com\/mavikadin\/wp-content\/uploads\/sila-turkoglu-evleniyor-mu-1024x576.webp 1024w, https:\/\/www.tgrthaber.com\/mavikadin\/wp-content\/uploads\/sila-turkoglu-evleniyor-mu-768x432.webp 768w, https:\/\/www.tgrthaber.com\/mavikadin\/wp-content\/uploads\/sila-turkoglu-evleniyor-mu.webp 1280w\" sizes=\"(max-width: 1280px) 100vw, 1280px\" \/><\/p>\n<hr \/>\n<h3>\u201c\u015eEBNEM\u2019\u0130N \u0130NANILMAZ B\u0130R ENERJ\u0130S\u0130 VAR\u201d<\/h3>\n<p>Ayr\u0131ca K\u0131z\u0131lc\u0131k \u015eerbeti dizisinde enerjisini en sevdi\u011fi insan\u0131n \u015eebnem Bozoklu oldu\u011funu s\u00f6yledi. G\u00fczel oyuncu S\u0131la T\u00fcrko\u011flu, \u201c\u015eebnem\u2019in inan\u0131lmaz bir enerjisi var. \u0130kimiz bir araya geldi\u011fimiz sahnelerin kamera arkas\u0131nda \u00e7ok e\u011fleniyoruz.\u201d dedi. T\u00fcrko\u011flu, Sibel Ta\u015fc\u0131o\u011flu ile Aliye Uzunata\u011fan\u2019\u0131 hayranl\u0131kla takip etti\u011fini belirtti.<\/p>\n","protected":false},"excerpt":{"rendered":"<p>Show TV&#8217;nin sevilen dizisi K\u0131z\u0131lc\u0131k \u015eerbeti&#8217;nin Do\u011fa&#8217;s\u0131 ge\u00e7ti\u011fimiz g\u00fcnlerde sevgilisi Ata Ayy\u0131ld\u0131z&#8217;\u0131 ailesiyle tan\u0131\u015ft\u0131rd\u0131. G\u00fczel oyuncu ve sevgilisinin bu hamlesinin ard\u0131ndan S\u0131la T\u00fcrko\u011flu evleniyor mu? sorusu g\u00fcndeme oldu.<\/p>\n","protected":false},"author":33,"featured_media":141449,"comment_status":"closed","ping_status":"closed","sticky":false,"template":"","format":"standard","meta":{"rank_math_lock_modified_date":false,"footnotes":""},"categories":[76],"tags":[3541,5056,2182,12804],"class_list":["post-141445","post","type-post","status-publish","format-standard","has-post-thumbnail","hentry","category-magazin","tag-ata-ayyildiz","tag-kizilcik-serbeti-doga","tag-sila-turkoglu","tag-sila-turkoglu-sevgilisi-kim"],"_links":{"self":[{"href":"https:\/\/www.tgrthaber.com\/mavikadin\/wp-json\/wp\/v2\/posts\/141445"}],"collection":[{"href":"https:\/\/www.tgrthaber.com\/mavikadin\/wp-json\/wp\/v2\/posts"}],"about":[{"href":"https:\/\/www.tgrthaber.com\/mavikadin\/wp-json\/wp\/v2\/types\/post"}],"author":[{"embeddable":true,"href":"https:\/\/www.tgrthaber.com\/mavikadin\/wp-json\/wp\/v2\/users\/33"}],"replies":[{"embeddable":true,"href":"https:\/\/www.tgrthaber.com\/mavikadin\/wp-json\/wp\/v2\/comments?post=141445"}],"version-history":[{"count":2,"href":"https:\/\/www.tgrthaber.com\/mavikadin\/wp-json\/wp\/v2\/posts\/141445\/revisions"}],"predecessor-version":[{"id":141453,"href":"https:\/\/www.tgrthaber.com\/mavikadin\/wp-json\/wp\/v2\/posts\/141445\/revisions\/141453"}],"wp:featuredmedia":[{"embeddable":true,"href":"https:\/\/www.tgrthaber.com\/mavikadin\/wp-json\/wp\/v2\/media\/141449"}],"wp:attachment":[{"href":"https:\/\/www.tgrthaber.com\/mavikadin\/wp-json\/wp\/v2\/media?parent=141445"}],"wp:term":[{"taxonomy":"category","embeddable":true,"href":"https:\/\/www.tgrthaber.com\/mavikadin\/wp-json\/wp\/v2\/categories?post=141445"},{"taxonomy":"post_tag","embeddable":true,"href":"https:\/\/www.tgrthaber.com\/mavikadin\/wp-json\/wp\/v2\/tags?post=141445"}],"curies":[{"name":"wp","href":"https:\/\/api.w.org\/{rel}","templated":true}]}}